{"id":220082,"date":"2025-07-02T07:02:18","date_gmt":"2025-07-02T07:02:18","guid":{"rendered":"https:\/\/www.europesays.com\/fr\/220082\/"},"modified":"2025-07-02T07:02:18","modified_gmt":"2025-07-02T07:02:18","slug":"les-images-des-orages-qui-ont-balaye-lisere-ce-lundi-soir","status":"publish","type":"post","link":"https:\/\/www.europesays.com\/fr\/220082\/","title":{"rendered":"les images des orages qui ont balay\u00e9 l&rsquo;Is\u00e8re ce lundi soir"},"content":{"rendered":"<p>            Par<br \/>\n        <strong><br \/>\n            <a href=\"https:\/\/actu.fr\/auteur\/lisa-rodrigues\" title=\"Consulter tous les articles de Lisa Rodrigues\" rel=\"nofollow noopener\" target=\"_blank\">Lisa Rodrigues<\/a><br \/>\n        <\/strong><\/p>\n<p>        Publi\u00e9 le<\/p>\n<p>            1 juil. 2025 \u00e0 10h47        <\/p>\n<p>Ils \u00e9taient <a href=\"https:\/\/actu.fr\/auvergne-rhone-alpes\/grenoble_38185\/meteo-canicule-en-isere-les-orages-arrivent-en-plein-pic-de-chaleur-les-secteurs-concernes_62843905.html\" rel=\"nofollow noopener\" target=\"_blank\">annonc\u00e9s<\/a> en toute fin de journ\u00e9e par M\u00e9t\u00e9o France. Lundi 30 juin, des <strong>orages accompagn\u00e9s de fortes pluies<\/strong> ont travers\u00e9 l\u2019Is\u00e8re. Ces cellules orageuses ont \u00e9t\u00e9 particuli\u00e8rement actives dans l\u2019ouest et le nord du d\u00e9partement.\u00a0<\/p>\n<p class=\" wall-content\">\n<p>    <a href=\"https:\/\/www.facebook.com\/plugins\/video.php?height=476&amp;href=https%3A%2F%2Fwww.facebook.com%2Fdylan.demontis%2Fvideos%2F3572461259554038%2F&amp;show_text=true&amp;width=350&amp;t=0\" title=\"Ouvrie le lien\" rel=\"nofollow noopener\" target=\"_blank\">Cliquez ici pour visualiser le contenu<\/a><\/p>\n<p class=\" wall-content\">Selon <a href=\"https:\/\/www.keraunos.org\/orages-en-direct-france-foudre-statistiques-eclairs-temps-reel-activite-electrique-suivi-30-juin-2025.html\" rel=\"nofollow noopener\" target=\"_blank\">l\u2019observatoire Keraunos<\/a>, au plus fort des orages, un peu plus de <strong>1 600 \u00e9clairs<\/strong> ont \u00e9t\u00e9 comptabilis\u00e9s en deux heures (entre 20 heures et 22 heures). La commune de Chichilianne, dans le Vercors, d\u00e9tient le record avec 61 \u00e9clairs sur son territoire la nuit derni\u00e8re.<\/p>\n<p>Des records de chaleur\u00a0<\/p>\n<p class=\" wall-content\">Les pluies ont permis de rafra\u00eechir l\u00e9g\u00e8rement les temp\u00e9ratures, qui sont toutefois reparties \u00e0 la hausse d\u00e8s mardi matin. L\u2019Is\u00e8re est ainsi toujours en vigilance orange canicule.<\/p>\n<p class=\" wall-content\">Les 30\u00b0C devrait \u00eatre largement d\u00e9pass\u00e9s dans le courant de la matin\u00e9e de mardi 1er juillet. Les maximales sont attendus dans le Voironnais, aux portes de <a href=\"https:\/\/actu.fr\/auvergne-rhone-alpes\/grenoble_38185\" rel=\"nofollow noopener\" target=\"_blank\">Grenoble<\/a>, o\u00f9 il pourrait faire jusqu\u2019\u00e0 39\u00b0C, selon M\u00e9t\u00e9o France.\u00a0<\/p>\n<p>Vid\u00e9os : en ce moment sur Actu<\/p>\n<p class=\" wall-content\">Mais le mercure pourrait grimper au-del\u00e0, des mesures ayant rapport\u00e9 d\u00e8s lundi une temp\u00e9rature de 40,3\u00b0C \u00e0 <a href=\"https:\/\/actu.fr\/auvergne-rhone-alpes\/voiron_38563\" rel=\"nofollow noopener\" target=\"_blank\">Voiron<\/a>, un <strong>record<\/strong> selon <a href=\"https:\/\/www.facebook.com\/meteocentreisere\" rel=\"nofollow noopener\" target=\"_blank\">M\u00e9t\u00e9o Centre-Is\u00e8re<\/a>.<\/p>\n<p>    <a href=\"https:\/\/www.facebook.com\/plugins\/post.php?href=https%3A%2F%2Fwww.facebook.com%2Fmeteocentreisere%2Fposts%2Fpfbid09SxcvGNVoWoPMc5k2r5VxSMgMAMmcphECGxTYzFSAX3GpZSk6TogCvY9dEvbuRM6l&amp;show_text=true&amp;width=350\" title=\"Ouvrie le lien\" rel=\"nofollow noopener\" target=\"_blank\">Cliquez ici pour visualiser le contenu<\/a><\/p>\n<p>Restrictions dans le nord du d\u00e9partement<\/p>\n<p class=\" wall-content\">Il est \u00e9galement \u00e0 noter que le nord du d\u00e9partement et la vall\u00e9e du Rh\u00f4ne pr\u00e9sentent un <strong>risque de feux de for\u00eat \u00e9lev\u00e9<\/strong>. La pr\u00e9fecture de l\u2019Is\u00e8re a ainsi annonc\u00e9 des mesures de pr\u00e9vention et de restriction sur ces zones.<\/p>\n<p class=\" wall-content\">\u00ab\u00a0Il est interdit de porter et d\u2019allumer du feu, de fumer, de jeter des m\u00e9gots et tous objets en combustion \u00e0 l\u2019int\u00e9rieur et \u00e0 moins de 200 m\u00e8tres des bois et for\u00eats\u00a0\u00bb, rappellent les services de l\u2019\u00c9tat.<\/p>\n<p class=\" wall-content\">D\u2019autres restrictions sont applicables <strong>de 13 heures \u00e0 22 heures<\/strong> dans et \u00e0 proximit\u00e9 des espaces sensibles et naturels, telles que l\u2019interdiction de l\u2019entretien de la v\u00e9g\u00e9tation des infrastructures de transports et de r\u00e9seaux, l\u2019interdiction d\u2019utilisation d\u2019appareils de cuisson \u00e0 gaz ou l\u2019interdiction de tirer des feux d\u2019artifice.<\/p>\n<p>La toiture d\u2019une maison touch\u00e9e par la foudre<\/p>\n<p class=\" wall-content\">Aucun bless\u00e9 n\u2019est toutefois \u00e0 d\u00e9plorer \u00e0 la suite des orages de lundi soir : les sapeurs-pompiers de l\u2019Is\u00e8re ont recens\u00e9 une trentaine d\u2019interventions li\u00e9es aux intemp\u00e9ries, sans r\u00e9elle gravit\u00e9.<\/p>\n<p class=\" wall-content\">Ils ont toutefois d\u00fb intervenir \u00e0 <strong>Belmont<\/strong>, route de Biol, suite \u00e0 un <strong>impact de foudre<\/strong> ayant mis le feu au toit d\u2019une maison.<\/p>\n<p>    <a href=\"https:\/\/www.google.com\/maps\/embed?pb=!1m18!1m12!1m3!1d2797.7734530129587!2d5.371917376151734!3d45.47436737107408!2m3!1f0!2f0!3f0!3m2!1i1024!2i768!4f13.1!3m3!1m2!1s0x478ad87f565f22a9%3A0x9b7c4d332841a3a7!2s20%20Rte%20de%20Biol%2C%2038690%20Belmont!5e0!3m2!1sfr!2sfr!4v1751355163784!5m2!1sfr!2sfr\" title=\"Ouvrie le lien\" rel=\"nofollow noopener\" target=\"_blank\">Cliquez ici pour visualiser le contenu<\/a><\/p>\n<p class=\" wall-content\">Le sinistre a \u00e9t\u00e9 \u00e9teint au moyen de trois lances \u00e0 eau. Les deux occupants de la maison, non bless\u00e9s, ont \u00e9t\u00e9 relog\u00e9s.<\/p>\n<p class=\" wall-content\">Suivez toute l\u2019actualit\u00e9 de vos villes et m\u00e9dias favoris en vous inscrivant \u00e0 <a href=\"https:\/\/moncompte.actu.fr\" title=\"D\u00e9couvez Mon Actu\" rel=\"nofollow noopener\" data-trk=\"{&quot;cta&quot;:{&quot;action&quot;:&quot;https:\\\/\\\/moncompte.actu.fr&quot;,&quot;category&quot;:&quot;mon compte&quot;,&quot;from&quot;:&quot;article footer&quot;,&quot;name&quot;:&quot;Mon actu&quot;,&quot;type&quot;:&quot;cta&quot;}}\" target=\"_blank\">Mon Actu<\/a>.<\/p>\n","protected":false},"excerpt":{"rendered":"Par Lisa Rodrigues Publi\u00e9 le 1 juil. 2025 \u00e0 10h47 Ils \u00e9taient annonc\u00e9s en toute fin de journ\u00e9e&hellip;\n","protected":false},"author":2,"featured_media":204316,"comment_status":"","ping_status":"","sticky":false,"template":"","format":"standard","meta":{"footnotes":""},"categories":[9566],"tags":[1111,11,2430,1777,674,1011,27,2731,2487,2357,12,4594,25],"class_list":{"0":"post-220082","1":"post","2":"type-post","3":"status-publish","4":"format-standard","5":"has-post-thumbnail","7":"category-grenoble","8":"tag-actu","9":"tag-actualites","10":"tag-auvergne-rhone-alpes","11":"tag-eu","12":"tag-europe","13":"tag-fr","14":"tag-france","15":"tag-grenoble","16":"tag-meteo","17":"tag-meteo-france","18":"tag-news","19":"tag-orages","20":"tag-republique-francaise"},"share_on_mastodon":{"url":"https:\/\/pubeurope.com\/@fr\/114782361606431608","error":""},"_links":{"self":[{"href":"https:\/\/www.europesays.com\/fr\/wp-json\/wp\/v2\/posts\/220082","targetHints":{"allow":["GET"]}}],"collection":[{"href":"https:\/\/www.europesays.com\/fr\/wp-json\/wp\/v2\/posts"}],"about":[{"href":"https:\/\/www.europesays.com\/fr\/wp-json\/wp\/v2\/types\/post"}],"author":[{"embeddable":true,"href":"https:\/\/www.europesays.com\/fr\/wp-json\/wp\/v2\/users\/2"}],"replies":[{"embeddable":true,"href":"https:\/\/www.europesays.com\/fr\/wp-json\/wp\/v2\/comments?post=220082"}],"version-history":[{"count":0,"href":"https:\/\/www.europesays.com\/fr\/wp-json\/wp\/v2\/posts\/220082\/revisions"}],"wp:featuredmedia":[{"embeddable":true,"href":"https:\/\/www.europesays.com\/fr\/wp-json\/wp\/v2\/media\/204316"}],"wp:attachment":[{"href":"https:\/\/www.europesays.com\/fr\/wp-json\/wp\/v2\/media?parent=220082"}],"wp:term":[{"taxonomy":"category","embeddable":true,"href":"https:\/\/www.europesays.com\/fr\/wp-json\/wp\/v2\/categories?post=220082"},{"taxonomy":"post_tag","embeddable":true,"href":"https:\/\/www.europesays.com\/fr\/wp-json\/wp\/v2\/tags?post=220082"}],"curies":[{"name":"wp","href":"https:\/\/api.w.org\/{rel}","templated":true}]}}