{"id":220095,"date":"2025-07-02T07:14:16","date_gmt":"2025-07-02T07:14:16","guid":{"rendered":"https:\/\/www.europesays.com\/fr\/220095\/"},"modified":"2025-07-02T07:14:16","modified_gmt":"2025-07-02T07:14:16","slug":"inquietude-apres-la-disparition-de-deux-adolescentes","status":"publish","type":"post","link":"https:\/\/www.europesays.com\/fr\/220095\/","title":{"rendered":"inqui\u00e9tude apr\u00e8s la disparition de deux adolescentes"},"content":{"rendered":"<p>Sofia et son amie ont quitt\u00e9 leur domicile dans la nuit de mercredi \u00e0 jeudi dernier. Une enqu\u00eate pour \u00abdisparition inqui\u00e9tante\u00bb a \u00e9t\u00e9 ouverte.<\/p>\n<p class=\"fig-paragraph\">\u00c0 Nantes, cela fait pr\u00e8s d\u2019une semaine que deux familles sont dans l\u2019inqui\u00e9tude apr\u00e8s\u00a0<a href=\"http:\/\/www.lefigaro.fr\/actualite-france\/disparitions-de-mineurs-la-fugue-est-la-principale-porte-d-entree-de-la-prostitution-20230524\" data-fig-type=\"Article\" data-gtm-custom-categorie=\"navigation\" data-gtm-custom-action=\"crossclick\" data-gtm-custom-label=\"Contextuel\" data-gtm-event=\"customEventSPE\" data-fig-domain=\"LEFIGARO\" target=\"_blank\" rel=\"noopener\">la disparition de deux adolescentes<\/a>, Sofia, 15 ans, et une amie \u00e2g\u00e9e de 16 ans, dont la famille n\u2019a pas souhait\u00e9 rendre publique son identit\u00e9. Une enqu\u00eate pour disparition inqui\u00e9tante a \u00e9t\u00e9 ouverte.<\/p>\n<p class=\"fig-paragraph\">Elles ont disparu dans la nuit du 26 au 27 juin, il y a bient\u00f4t une semaine. Le p\u00e8re de Sofia, Sylvain, pr\u00e9cise au Figaro que l\u2019amie de sa fille s\u2019\u00e9tait fait \u00abconfisquer son t\u00e9l\u00e9phone\u00bb et qu\u2019elles auraient d\u00e9cid\u00e9 de fuguer toutes les deux en r\u00e9ponse \u00e0 cette punition. En parall\u00e8le, chacune connaissait une situation familiale compliqu\u00e9e, avec un divorce et des relations tendus entre les parents.<\/p>\n<p>Les portables ont cess\u00e9 d\u2019\u00e9mettre<\/p>\n<p class=\"fig-paragraph\">Selon\u00a0<a href=\"https:\/\/www.parismatch.com\/actu\/faits-divers\/nantes-disparition-de-sofia-une-ado-de-15-ans-et-son-amie-de-16-ans-253531\" target=\"_blank\" rel=\"nofollow noopener\" data-gtm-custom-categorie=\"navigation\" data-gtm-custom-action=\"crossclick\" data-gtm-custom-label=\"Contextuel\" data-gtm-event=\"customEventSPE\">Paris Match<\/a>, elles auraient eu comme objectif de se rendre en bo\u00eete de nuit. Mais leurs t\u00e9l\u00e9phones ont \u00e9t\u00e9 g\u00e9olocalis\u00e9s dans une tour du quartier Sillon de Bretagne, avant que leurs portables ne cessent d\u2019\u00e9mettre. Si l\u2019amie de Sofia a de la famille dans le quartier en question, aucune trace des deux jeunes filles depuis. Elles auraient \u00e9t\u00e9 aper\u00e7ues par un agent de s\u00e9curit\u00e9 dans un bowling vendredi soir, mais elles sont depuis introuvables.<\/p>\n<p class=\"fig-paragraph\">Toujours selon Sylvain, sa fille n\u2019avait jusqu\u2019\u00e0 pr\u00e9sent jamais fait de fugue et les deux jeunes filles sont parties sans tenue de rechange. Il imagine donc le pire, de la prostitution au trafic de drogue. L\u2019appel \u00e0 t\u00e9moin demande la \u00abvigilance\u00bb de chacun et de contacter le 17 si quelqu\u2019un dispose de la moindre information. Le jour de la disparition, Sofia portait un jean, un sweat noir et des baskets blanches. Le procureur de la R\u00e9publique de Nantes a ouvert une enqu\u00eate pour \u00abdisparition inqui\u00e9tante\u00bb mardi. \u00abVotre aide et pr\u00e9cieuse et pourrait faire la diff\u00e9rence\u00bb, pr\u00e9cise l\u2019appel \u00e0 t\u00e9moins.<\/p>\n","protected":false},"excerpt":{"rendered":"Sofia et son amie ont quitt\u00e9 leur domicile dans la nuit de mercredi \u00e0 jeudi dernier. Une enqu\u00eate&hellip;\n","protected":false},"author":2,"featured_media":220096,"comment_status":"","ping_status":"","sticky":false,"template":"","format":"standard","meta":{"footnotes":""},"categories":[2818],"tags":[1111,11,2715,1777,674,462,1011,27,2640,2642,766,2638,2643,2637,2639,2646,2645,2641,2635,2644,2647,12,2636,25],"class_list":{"0":"post-220095","1":"post","2":"type-post","3":"status-publish","4":"format-standard","5":"has-post-thumbnail","7":"category-nantes","8":"tag-actu","9":"tag-actualites","10":"tag-disparition","11":"tag-eu","12":"tag-europe","13":"tag-fc-nantes","14":"tag-fr","15":"tag-france","16":"tag-hauts-paves-saint-felix","17":"tag-ile-de-nantes","18":"tag-nantes","19":"tag-nantes-bellevue-chantenay-sainte-anne","20":"tag-nantes-breil-barberie","21":"tag-nantes-centre-ville","22":"tag-nantes-dervallieres-zola","23":"tag-nantes-doulon-bottiere","24":"tag-nantes-erdre","25":"tag-nantes-malakoff-saint-donatien","26":"tag-nantes-metropole","27":"tag-nantes-nord","28":"tag-nantes-sud","29":"tag-news","30":"tag-pays-de-la-loire","31":"tag-republique-francaise"},"share_on_mastodon":{"url":"https:\/\/pubeurope.com\/@fr\/114782408778907575","error":""},"_links":{"self":[{"href":"https:\/\/www.europesays.com\/fr\/wp-json\/wp\/v2\/posts\/220095","targetHints":{"allow":["GET"]}}],"collection":[{"href":"https:\/\/www.europesays.com\/fr\/wp-json\/wp\/v2\/posts"}],"about":[{"href":"https:\/\/www.europesays.com\/fr\/wp-json\/wp\/v2\/types\/post"}],"author":[{"embeddable":true,"href":"https:\/\/www.europesays.com\/fr\/wp-json\/wp\/v2\/users\/2"}],"replies":[{"embeddable":true,"href":"https:\/\/www.europesays.com\/fr\/wp-json\/wp\/v2\/comments?post=220095"}],"version-history":[{"count":0,"href":"https:\/\/www.europesays.com\/fr\/wp-json\/wp\/v2\/posts\/220095\/revisions"}],"wp:featuredmedia":[{"embeddable":true,"href":"https:\/\/www.europesays.com\/fr\/wp-json\/wp\/v2\/media\/220096"}],"wp:attachment":[{"href":"https:\/\/www.europesays.com\/fr\/wp-json\/wp\/v2\/media?parent=220095"}],"wp:term":[{"taxonomy":"category","embeddable":true,"href":"https:\/\/www.europesays.com\/fr\/wp-json\/wp\/v2\/categories?post=220095"},{"taxonomy":"post_tag","embeddable":true,"href":"https:\/\/www.europesays.com\/fr\/wp-json\/wp\/v2\/tags?post=220095"}],"curies":[{"name":"wp","href":"https:\/\/api.w.org\/{rel}","templated":true}]}}