{"id":220226,"date":"2025-07-02T08:29:17","date_gmt":"2025-07-02T08:29:17","guid":{"rendered":"https:\/\/www.europesays.com\/fr\/220226\/"},"modified":"2025-07-02T08:29:17","modified_gmt":"2025-07-02T08:29:17","slug":"communique-de-presse-le-cfai-de-marcq-en-baroeul-de-lafpi-se-dote-dune-nouvelle-extension-pour-mieux-repondre-aux-besoins-en-competences-industrielles","status":"publish","type":"post","link":"https:\/\/www.europesays.com\/fr\/220226\/","title":{"rendered":"Communiqu\u00e9 de presse : le CFAI de Marcq-en-Bar\u0153ul de l\u2019AFPI se dote d\u2019une nouvelle extension pour mieux r\u00e9pondre aux besoins en comp\u00e9tences industrielles"},"content":{"rendered":"<p>L\u2019AFPI Nord-Pas-de-Calais a inaugur\u00e9 ce lundi 30 juin l\u2019extension des espaces d\u00e9di\u00e9s \u00e0 l\u2019apprentissage sur son antenne de Marcq-en-Baroeul : un projet structurant pour la formation et l\u2019emploi dans la M\u00e9tropole lilloise.\n<\/p>\n<p>Cette op\u00e9ration de plus de 4,8 millions d\u2019euros, soutenue par la R\u00e9gion Hauts-de-France \u00e0 hauteur de 1,9 million d\u2019euros, permettra d\u2019accueillir davantage d\u2019apprentis, d\u2019am\u00e9liorer leurs conditions de formation et de r\u00e9pondre aux besoins des entreprises sur des m\u00e9tiers en tension.<\/p>\n<p>Un projet pour r\u00e9pondre \u00e0 une forte croissance<\/p>\n<p>Depuis 2017, le site de Marcq-en-Baroeul du CFAI Nord-Pas-de-Calais a vu ses effectifs cro\u00eetre de +77 %, passant de 180 \u00e0 306 apprentis. Confront\u00e9 \u00e0 la saturation de ses locaux, il engage la construction d\u2019une extension en R+2 qui comprend :<\/p>\n<ul>\n<li>Un atelier Maintenance &amp; Robotique de 383 m\u00b2<\/li>\n<li>11 salles de cours suppl\u00e9mentaires de 50 \u00e0 60 m\u00b2<\/li>\n<li>Une salle modulable, des salles informatiques, deux box de travail en groupe<\/li>\n<li>Des bureaux pour les formateurs<\/li>\n<\/ul>\n<p>Le site de Marcq-en-Baroeul, partag\u00e9 avec les apprenants de l\u2019AFPI en formation continue, s\u2019\u00e9tend d\u00e9sormais sur 3 800 m\u00b2, avec 24 salles de formation et de nombreux ateliers techniques (maintenance, \u00e9lectrotechnique, chaudronnerie, logistique&#8230;).<\/p>\n<p>Ces travaux permettent d\u2019am\u00e9liorer les conditions d\u2019accueil des apprentis, de renforcer la qualit\u00e9 des enseignements et de proposer de nouvelles formations r\u00e9pondant aux besoins des entreprises locales. Plus d\u2019apprentis peuvent \u00eatre form\u00e9s et sont ainsi amen\u00e9s \u00e0 devenir des professionnels dans des secteurs o\u00f9 les recrutements sont difficiles.<\/p>\n<p>Un levier pour le d\u00e9veloppement des comp\u00e9tences et l\u2019attractivit\u00e9 des m\u00e9tiers<\/p>\n<p>Le CFAI renforce sa capacit\u00e9 d\u2019accueil et \u00e9largit son offre de formations du bac au bac+5, dans les domaines industriels (maintenance, m\u00e9tallurgie, \u00e9lectricit\u00e9, robotique et \u00e9nerg\u00e9tique), mais aussi dans le tertiaire (gestion, RH, commerce, cybers\u00e9curit\u00e9), en r\u00e9ponse aux besoins des entreprises de la M\u00e9tropole lilloise.<\/p>\n<blockquote>\n<p>Ce nouveau b\u00e2timent r\u00e9pond \u00e0 un besoin simple mais fondamental : disposer de moyens modernes pour former dans de bonnes conditions. Il comprend des ateliers de robotique collaborative, un plateau d\u00e9di\u00e9 aux \u00e9nergies renouvelables, des espaces num\u00e9riques d\u00e9di\u00e9s \u00e0 la cybers\u00e9curit\u00e9, et bien s\u00fbr des salles con\u00e7ues pour des p\u00e9dagogies actives. Il permettra d\u2019accueillir davantage de jeunes et d\u2019ouvrir de nouvelles sections en lien avec les \u00e9volutions des m\u00e9tiers.<\/p>\n<\/blockquote>\n<p>Pr\u00e9sident du P\u00f4le Formation de l\u2019UIMM Nord<\/p>\n","protected":false},"excerpt":{"rendered":"L\u2019AFPI Nord-Pas-de-Calais a inaugur\u00e9 ce lundi 30 juin l\u2019extension des espaces d\u00e9di\u00e9s \u00e0 l\u2019apprentissage sur son antenne de&hellip;\n","protected":false},"author":2,"featured_media":100004,"comment_status":"","ping_status":"","sticky":false,"template":"","format":"standard","meta":{"footnotes":""},"categories":[2815],"tags":[1111,11,9581,341,1777,674,5016,1011,27,811,1307,12,25],"class_list":{"0":"post-220226","1":"post","2":"type-post","3":"status-publish","4":"format-standard","5":"has-post-thumbnail","7":"category-lille","8":"tag-actu","9":"tag-actualites","10":"tag-apprentissage","11":"tag-emploi","12":"tag-eu","13":"tag-europe","14":"tag-formation-orientation","15":"tag-fr","16":"tag-france","17":"tag-hauts-de-france","18":"tag-lille","19":"tag-news","20":"tag-republique-francaise"},"share_on_mastodon":{"url":"https:\/\/pubeurope.com\/@fr\/114782703711521220","error":""},"_links":{"self":[{"href":"https:\/\/www.europesays.com\/fr\/wp-json\/wp\/v2\/posts\/220226","targetHints":{"allow":["GET"]}}],"collection":[{"href":"https:\/\/www.europesays.com\/fr\/wp-json\/wp\/v2\/posts"}],"about":[{"href":"https:\/\/www.europesays.com\/fr\/wp-json\/wp\/v2\/types\/post"}],"author":[{"embeddable":true,"href":"https:\/\/www.europesays.com\/fr\/wp-json\/wp\/v2\/users\/2"}],"replies":[{"embeddable":true,"href":"https:\/\/www.europesays.com\/fr\/wp-json\/wp\/v2\/comments?post=220226"}],"version-history":[{"count":0,"href":"https:\/\/www.europesays.com\/fr\/wp-json\/wp\/v2\/posts\/220226\/revisions"}],"wp:featuredmedia":[{"embeddable":true,"href":"https:\/\/www.europesays.com\/fr\/wp-json\/wp\/v2\/media\/100004"}],"wp:attachment":[{"href":"https:\/\/www.europesays.com\/fr\/wp-json\/wp\/v2\/media?parent=220226"}],"wp:term":[{"taxonomy":"category","embeddable":true,"href":"https:\/\/www.europesays.com\/fr\/wp-json\/wp\/v2\/categories?post=220226"},{"taxonomy":"post_tag","embeddable":true,"href":"https:\/\/www.europesays.com\/fr\/wp-json\/wp\/v2\/tags?post=220226"}],"curies":[{"name":"wp","href":"https:\/\/api.w.org\/{rel}","templated":true}]}}