{"id":220227,"date":"2025-07-02T08:30:13","date_gmt":"2025-07-02T08:30:13","guid":{"rendered":"https:\/\/www.europesays.com\/fr\/220227\/"},"modified":"2025-07-02T08:30:13","modified_gmt":"2025-07-02T08:30:13","slug":"lille-accueille-kodz-le-remplacant-du-macumba","status":"publish","type":"post","link":"https:\/\/www.europesays.com\/fr\/220227\/","title":{"rendered":"Lille accueille Kodz, le rempla\u00e7ant du Macumba"},"content":{"rendered":"<p>Souvenez-vous, en d\u00e9but d\u2019ann\u00e9e, le mythique club <a href=\"https:\/\/www.guettapen.com\/2025\/02\/24\/le-dernier-macumba-de-france-va-fermer-ses-portes\/\" rel=\"nofollow noopener\" target=\"_blank\">Macumba fermait ses portes<\/a>. Une franchise l\u00e9gendaire qui avait \u00e9gay\u00e9 bon nombre de clubbers durant plusieurs d\u00e9cennies. Le dernier qui tenait encore debout \u00e9tait situ\u00e9 \u00e0 Englos, pr\u00e8s de Lille. Toutes les bonnes choses ont malheureusement une fin et on se demandait ce qui allait remplacer le Macumba. Les rumeurs allaient bon train, et c\u2019est bien un lieu d\u00e9di\u00e9 \u00e0 la musique \u00e9lectronique qui verra le jour!<\/p>\n<p>C\u2019est donc Kodz qui d\u00e9barque \u00e0 Englos. Avec un b\u00e2timent de 1500m\u00b2, les ambitions sont grandes pour le futur nouveau club. La demande est importante sur Lille qui jouit d\u2019un tr\u00e8s beau public tout en pouvant compter sur la Belgique ou les villes alentours. Et pour commencer, le club a d\u00e9cid\u00e9 de taper fort ! <strong>I Hate Models<\/strong> sera le premier guest d\u2019une soir\u00e9e qui s\u2019annonce d\u00e9j\u00e0 m\u00e9morable. Le Fran\u00e7ais sera accompagn\u00e9 de <a href=\"https:\/\/www.instagram.com\/zaatar___\/?hl=fr\" rel=\"nofollow noopener\" target=\"_blank\">Zaatar<\/a> et <a href=\"https:\/\/www.instagram.com\/takahi_ili\/?hl=fr\" rel=\"nofollow noopener\" target=\"_blank\">Takahi<\/a>.<\/p>\n<p><img loading=\"lazy\" data-lazyloaded=\"1\" decoding=\"async\" width=\"1024\" height=\"576\" src=\"https:\/\/www.europesays.com\/fr\/wp-content\/uploads\/2025\/07\/image-1024x576.png\" alt=\"Affiche promotionnelle de l'opening de Kodz\" class=\"wp-image-159553\"  data-\/><\/p>\n<p>Pour la messe d\u2019ouverture, rendez-vous le 5 septembre, qui n\u2019est pas n\u2019importe quelle date pour les Lillois. C\u2019est effectivement la braderie de Lille ce week-end l\u00e0, r\u00e9put\u00e9e pour ses bonnes affaires et ses nuits riches en soir\u00e9es. Le lendemain, c\u2019est Ascendant Vierge qui prendra les platines.<\/p>\n<p>D\u2019autres tr\u00e8s grosses soir\u00e9es devraient tr\u00e8s vite arriver pour Kodz, l\u2019un des lieux qui s\u2019annonce comme l\u2019un des principaux temples de la musique \u00e9lectronique.<\/p>\n<p><script async src=\"\/\/www.instagram.com\/embed.js\"><\/script><\/p>\n","protected":false},"excerpt":{"rendered":"Souvenez-vous, en d\u00e9but d\u2019ann\u00e9e, le mythique club Macumba fermait ses portes. Une franchise l\u00e9gendaire qui avait \u00e9gay\u00e9 bon&hellip;\n","protected":false},"author":2,"featured_media":220228,"comment_status":"","ping_status":"","sticky":false,"template":"","format":"standard","meta":{"footnotes":""},"categories":[2815],"tags":[1111,11,1777,674,1011,27,811,35916,35917,1307,35918,12,25],"class_list":{"0":"post-220227","1":"post","2":"type-post","3":"status-publish","4":"format-standard","5":"has-post-thumbnail","7":"category-lille","8":"tag-actu","9":"tag-actualites","10":"tag-eu","11":"tag-europe","12":"tag-fr","13":"tag-france","14":"tag-hauts-de-france","15":"tag-i-hate-models","16":"tag-kodz","17":"tag-lille","18":"tag-macumba","19":"tag-news","20":"tag-republique-francaise"},"share_on_mastodon":{"url":"https:\/\/pubeurope.com\/@fr\/114782707664241116","error":""},"_links":{"self":[{"href":"https:\/\/www.europesays.com\/fr\/wp-json\/wp\/v2\/posts\/220227","targetHints":{"allow":["GET"]}}],"collection":[{"href":"https:\/\/www.europesays.com\/fr\/wp-json\/wp\/v2\/posts"}],"about":[{"href":"https:\/\/www.europesays.com\/fr\/wp-json\/wp\/v2\/types\/post"}],"author":[{"embeddable":true,"href":"https:\/\/www.europesays.com\/fr\/wp-json\/wp\/v2\/users\/2"}],"replies":[{"embeddable":true,"href":"https:\/\/www.europesays.com\/fr\/wp-json\/wp\/v2\/comments?post=220227"}],"version-history":[{"count":0,"href":"https:\/\/www.europesays.com\/fr\/wp-json\/wp\/v2\/posts\/220227\/revisions"}],"wp:featuredmedia":[{"embeddable":true,"href":"https:\/\/www.europesays.com\/fr\/wp-json\/wp\/v2\/media\/220228"}],"wp:attachment":[{"href":"https:\/\/www.europesays.com\/fr\/wp-json\/wp\/v2\/media?parent=220227"}],"wp:term":[{"taxonomy":"category","embeddable":true,"href":"https:\/\/www.europesays.com\/fr\/wp-json\/wp\/v2\/categories?post=220227"},{"taxonomy":"post_tag","embeddable":true,"href":"https:\/\/www.europesays.com\/fr\/wp-json\/wp\/v2\/tags?post=220227"}],"curies":[{"name":"wp","href":"https:\/\/api.w.org\/{rel}","templated":true}]}}