{"id":220231,"date":"2025-07-02T08:32:10","date_gmt":"2025-07-02T08:32:10","guid":{"rendered":"https:\/\/www.europesays.com\/fr\/220231\/"},"modified":"2025-07-02T08:32:10","modified_gmt":"2025-07-02T08:32:10","slug":"28-hectares-pour-faire-pousser-la-vegetation-urbaine-de-marseille","status":"publish","type":"post","link":"https:\/\/www.europesays.com\/fr\/220231\/","title":{"rendered":"28 hectares pour faire pousser la v\u00e9g\u00e9tation urbaine de Marseille"},"content":{"rendered":"<p>Curiosit\u00e9 g\u00e9ographique, les 28 hectares de terre de la p\u00e9pini\u00e8re g\u00e9ante de La Fresnaie, propri\u00e9t\u00e9 de la Ville de <a href=\"https:\/\/www.laprovence.com\/bouches-du-rhone\/marseille-13055\" target=\"_blank\" rel=\"noopener\">Marseille<\/a> depuis les ann\u00e9es\u00a080, se trouvent \u00e0 <a href=\"https:\/\/www.laprovence.com\/bouches-du-rhone\/aubagne-13005\" target=\"_blank\" rel=\"noopener\">Aubagne<\/a>. Chaque ann\u00e9e, 900 plantes exotiques d\u2019int\u00e9rieur y sont chouchout\u00e9es puis partent vers l\u2019h\u00f4tel de ville (2e), le palais du Pharo (7e), l\u2019h\u00e9micycle de Bargemon (2e) ou les autres cercles de pouvoir de Marseille pour cr\u00e9er les d\u00e9cors lors des r\u00e9ceptions, l\u2019accueil des ministres, de pr\u00e9sidents, du pape et des conseils municipaux. Une fois qu\u2019elles ont rempli leur r\u00f4le, elles retournent dans les chaudes serres de La Fresnaie.<\/p>\n","protected":false},"excerpt":{"rendered":"Curiosit\u00e9 g\u00e9ographique, les 28 hectares de terre de la p\u00e9pini\u00e8re g\u00e9ante de La Fresnaie, propri\u00e9t\u00e9 de la Ville&hellip;\n","protected":false},"author":2,"featured_media":220232,"comment_status":"","ping_status":"","sticky":false,"template":"","format":"standard","meta":{"footnotes":""},"categories":[2814],"tags":[17,1111,11,8008,1777,674,4560,1011,27,35920,3573,884,12,35919,471,22550,882,16,25],"class_list":{"0":"post-220231","1":"post","2":"type-post","3":"status-publish","4":"format-standard","5":"has-post-thumbnail","7":"category-marseille","8":"tag-17","9":"tag-actu","10":"tag-actualites","11":"tag-aubagne","12":"tag-eu","13":"tag-europe","14":"tag-faire","15":"tag-fr","16":"tag-france","17":"tag-fresnaie","18":"tag-hectares","19":"tag-marseille","20":"tag-news","21":"tag-pepiniere","22":"tag-pour","23":"tag-pousser","24":"tag-provence-alpes-cote-dazur","25":"tag-region","26":"tag-republique-francaise"},"share_on_mastodon":{"url":"https:\/\/pubeurope.com\/@fr\/114782715508854951","error":""},"_links":{"self":[{"href":"https:\/\/www.europesays.com\/fr\/wp-json\/wp\/v2\/posts\/220231","targetHints":{"allow":["GET"]}}],"collection":[{"href":"https:\/\/www.europesays.com\/fr\/wp-json\/wp\/v2\/posts"}],"about":[{"href":"https:\/\/www.europesays.com\/fr\/wp-json\/wp\/v2\/types\/post"}],"author":[{"embeddable":true,"href":"https:\/\/www.europesays.com\/fr\/wp-json\/wp\/v2\/users\/2"}],"replies":[{"embeddable":true,"href":"https:\/\/www.europesays.com\/fr\/wp-json\/wp\/v2\/comments?post=220231"}],"version-history":[{"count":0,"href":"https:\/\/www.europesays.com\/fr\/wp-json\/wp\/v2\/posts\/220231\/revisions"}],"wp:featuredmedia":[{"embeddable":true,"href":"https:\/\/www.europesays.com\/fr\/wp-json\/wp\/v2\/media\/220232"}],"wp:attachment":[{"href":"https:\/\/www.europesays.com\/fr\/wp-json\/wp\/v2\/media?parent=220231"}],"wp:term":[{"taxonomy":"category","embeddable":true,"href":"https:\/\/www.europesays.com\/fr\/wp-json\/wp\/v2\/categories?post=220231"},{"taxonomy":"post_tag","embeddable":true,"href":"https:\/\/www.europesays.com\/fr\/wp-json\/wp\/v2\/tags?post=220231"}],"curies":[{"name":"wp","href":"https:\/\/api.w.org\/{rel}","templated":true}]}}