{"id":220233,"date":"2025-07-02T08:33:11","date_gmt":"2025-07-02T08:33:11","guid":{"rendered":"https:\/\/www.europesays.com\/fr\/220233\/"},"modified":"2025-07-02T08:33:11","modified_gmt":"2025-07-02T08:33:11","slug":"40eme-fete-du-cinema-operation-fraicheur","status":"publish","type":"post","link":"https:\/\/www.europesays.com\/fr\/220233\/","title":{"rendered":"40\u00e8me f\u00eate du cin\u00e9ma : Op\u00e9ration fra\u00eecheur"},"content":{"rendered":"<p><strong>Partout en France, la 40\u1d49 F\u00eate du cin\u00e9ma s\u2019ach\u00e8ve ce mercredi 2 juillet. Depuis quatre jours, plus de 6\u202f000 salles ont propos\u00e9 des s\u00e9ances \u00e0 5\u202f\u20ac, attirant pr\u00e8s de 3,3\u202fmillions de spectateurs.<\/strong><\/p>\n<p>Une belle occasion de profiter du grand \u00e9cran \u00e0 prix r\u00e9duit, surtout en pleine canicule, alors que les salles climatis\u00e9es offrent un refuge appr\u00e9ciable.<\/p>\n<p><strong>Une tradition n\u00e9e pour ramener le public<\/strong><\/p>\n<p>La F\u00eate du cin\u00e9ma a \u00e9t\u00e9 cr\u00e9\u00e9e le 14 juin 1985 par le minist\u00e8re de la Culture alors dirig\u00e9 par Jack Lang et la F\u00e9d\u00e9ration nationale des cin\u00e9mas fran\u00e7ais. \u00c0 l\u2019\u00e9poque, une place achet\u00e9e au tarif normal permettait ensuite d\u2019encha\u00eener d\u2019autres s\u00e9ances pour seulement 1 franc.<\/p>\n<p>Cette initiative visait d\u00e9j\u00e0 \u00e0 contrer la baisse de fr\u00e9quentation li\u00e9e \u00e0 la t\u00e9l\u00e9vision et \u00e0 la VHS. Aujourd\u2019hui, la concurrence vient aussi des plateformes de streaming, fragilisant en particulier les cin\u00e9mas ind\u00e9pendants. La F\u00eate du cin\u00e9ma reste donc un moment important pour remplir les salles et rappeler que le cin\u00e9ma se vit aussi collectivement.<\/p>\n<p><strong>O\u00f9 aller dans la m\u00e9tropole lyonnaise ?<\/strong><\/p>\n<p>Pour ceux qui veulent soutenir les cin\u00e9mas locaux, nous conseillons plusieurs adresses \u00e0 Lyon, berceau du 7\u1d49 art gr\u00e2ce aux fr\u00e8res Lumi\u00e8re en 1895.<\/p>\n<ul class=\"wp-block-list\">\n<li>\u00a0Le<a href=\"http:\/\/www.cinema-comoedia.com\/\" rel=\"nofollow noopener\" target=\"_blank\"> <strong>Comoedia<\/strong><\/a>, fond\u00e9 en 1914, propose neuf salles et attire environ 300\u202f000 spectateurs par an.<\/li>\n<li>\u00a0L<a href=\"https:\/\/www.institut-lumiere.org\/\" rel=\"nofollow noopener\" target=\"_blank\">\u2019<strong>Institut Lumi\u00e8re<\/strong><\/a>, sur le site historique de la premi\u00e8re projection, met \u00e0 l\u2019honneur les grands classiques.<\/li>\n<li>\u00a0Le <strong><a href=\"https:\/\/www.lezola.com\/\" rel=\"nofollow noopener\" target=\"_blank\">Zola<\/a><\/strong>, ouvert dans les ann\u00e9es 1920 \u00e0 Villeurbanne, est connu pour sa programmation art et essai et ses festivals.<\/li>\n<li>Le <a href=\"https:\/\/cinemourguet.com\/\" rel=\"nofollow noopener\" target=\"_blank\">Cin\u00e9 Mourguet<\/a> \u00e0 Sainte-Foy-l\u00e8s-Lyon.<\/li>\n<li>Le <a href=\"https:\/\/www.letoboggan.com\/\" rel=\"nofollow noopener\" target=\"_blank\">Toboggan<\/a> au c\u0153ur de D\u00e9cines-Charpieu.<\/li>\n<\/ul>\n<p><strong>Ce qu\u2019on peut voir cette ann\u00e9e<\/strong><\/p>\n<p>C\u00f4t\u00e9 sorties, Dragon domine le box-office mondial, m\u00eame si ses recettes aux \u00c9tats-Unis restent l\u00e9g\u00e8rement en retrait par rapport au volet pr\u00e9c\u00e9dent. Mission Impossible, sign\u00e9 Martin Bourboulon avec Roschdy Zem et Lyna Khoudri, est sorti le 27 juin et promet un film d\u2019action et de suspense.<\/p>\n<p>Pour un moment en famille, Falcon Express sort le 2 juillet, un film d\u2019animation port\u00e9 par Damien Ferrette et Kaycie Chase. Les amateurs de r\u00e9cits plus engag\u00e9s pourront d\u00e9couvrir Once Upon a Time in Gaza, r\u00e9alis\u00e9 par Tarzan et Arab Nasser.<\/p>\n<p>\u00c0 noter aussi <a href=\"https:\/\/lyonbondyblog.fr\/LBB\/trash-drole-derangeant-tel-est-la-definition-du-nouvel-opus-de-quentin-dupieux\/\" rel=\"nofollow noopener\" target=\"_blank\">L\u2019Accident de piano de Quentin Dupieux<\/a>, ainsi que La Venue de l\u2019avenir, Ballerina et 13 jours 13 nuits, parmi d\u2019autres titres propos\u00e9s durant ces quatre jours.<\/p>\n<p>Profitez encore de la f\u00eate du cin\u00e9ma pour vous rafra\u00eechir dans les salles et d\u00e9couvrir des projections in\u00e9dites jusqu\u2019\u00e0 ce soir.<\/p>\n<p>Article sign\u00e9 Luna Letartre.<\/p>\n","protected":false},"excerpt":{"rendered":"Partout en France, la 40\u1d49 F\u00eate du cin\u00e9ma s\u2019ach\u00e8ve ce mercredi 2 juillet. Depuis quatre jours, plus de&hellip;\n","protected":false},"author":2,"featured_media":220234,"comment_status":"","ping_status":"","sticky":false,"template":"","format":"standard","meta":{"footnotes":""},"categories":[1889],"tags":[1111,11,2430,650,251,1777,674,35921,1011,27,2428,12,25],"class_list":{"0":"post-220233","1":"post","2":"type-post","3":"status-publish","4":"format-standard","5":"has-post-thumbnail","7":"category-lyon","8":"tag-actu","9":"tag-actualites","10":"tag-auvergne-rhone-alpes","11":"tag-cinema","12":"tag-culture","13":"tag-eu","14":"tag-europe","15":"tag-feteducinema","16":"tag-fr","17":"tag-france","18":"tag-lyon","19":"tag-news","20":"tag-republique-francaise"},"share_on_mastodon":{"url":"https:\/\/pubeurope.com\/@fr\/114782719506157105","error":""},"_links":{"self":[{"href":"https:\/\/www.europesays.com\/fr\/wp-json\/wp\/v2\/posts\/220233","targetHints":{"allow":["GET"]}}],"collection":[{"href":"https:\/\/www.europesays.com\/fr\/wp-json\/wp\/v2\/posts"}],"about":[{"href":"https:\/\/www.europesays.com\/fr\/wp-json\/wp\/v2\/types\/post"}],"author":[{"embeddable":true,"href":"https:\/\/www.europesays.com\/fr\/wp-json\/wp\/v2\/users\/2"}],"replies":[{"embeddable":true,"href":"https:\/\/www.europesays.com\/fr\/wp-json\/wp\/v2\/comments?post=220233"}],"version-history":[{"count":0,"href":"https:\/\/www.europesays.com\/fr\/wp-json\/wp\/v2\/posts\/220233\/revisions"}],"wp:featuredmedia":[{"embeddable":true,"href":"https:\/\/www.europesays.com\/fr\/wp-json\/wp\/v2\/media\/220234"}],"wp:attachment":[{"href":"https:\/\/www.europesays.com\/fr\/wp-json\/wp\/v2\/media?parent=220233"}],"wp:term":[{"taxonomy":"category","embeddable":true,"href":"https:\/\/www.europesays.com\/fr\/wp-json\/wp\/v2\/categories?post=220233"},{"taxonomy":"post_tag","embeddable":true,"href":"https:\/\/www.europesays.com\/fr\/wp-json\/wp\/v2\/tags?post=220233"}],"curies":[{"name":"wp","href":"https:\/\/api.w.org\/{rel}","templated":true}]}}