{"id":220235,"date":"2025-07-02T08:34:09","date_gmt":"2025-07-02T08:34:09","guid":{"rendered":"https:\/\/www.europesays.com\/fr\/220235\/"},"modified":"2025-07-02T08:34:09","modified_gmt":"2025-07-02T08:34:09","slug":"canicule-a-lyon-le-maire-gregory-doucet-prend-des-mesures-face-a-la-chaleur-extreme","status":"publish","type":"post","link":"https:\/\/www.europesays.com\/fr\/220235\/","title":{"rendered":"Canicule \u00e0 Lyon. Le maire Gr\u00e9gory Doucet prend des mesures face \u00e0 la chaleur extr\u00eame"},"content":{"rendered":"<p>            Par<br \/>\n        <strong><br \/>\n            <a href=\"https:\/\/actu.fr\/auteur\/julien-damboise\" title=\"Consulter tous les articles de Julien Damboise\" rel=\"nofollow noopener\" target=\"_blank\">Julien Damboise<\/a><br \/>\n        <\/strong><\/p>\n<p>        Publi\u00e9 le<\/p>\n<p>            2 juil. 2025 \u00e0 10h19        <\/p>\n<p>Le mercure explose \u00e0 <a href=\"https:\/\/actu.fr\/auvergne-rhone-alpes\/lyon_69123\" rel=\"nofollow noopener\" target=\"_blank\">Lyon<\/a> depuis quelques jours, avec encore pr\u00e8s de <strong>40\u00b0C attendus ce mercredi<\/strong> 2 juillet 2025. Face \u00e0 cette situation, le maire \u00e9cologiste de la ville <a href=\"https:\/\/actu.fr\/tag\/gregory-doucet\" rel=\"nofollow noopener\" target=\"_blank\">Gr\u00e9gory Doucet<\/a> a d\u00e9cid\u00e9 d\u2019activer plusieurs mesures, et notamment la <strong>gratuit\u00e9 de trois mus\u00e9es<\/strong> pour que les Lyonnais trouvent un peu de fra\u00eecheur.<\/p>\n<p>Trois mus\u00e9es gratuits<\/p>\n<p class=\" wall-content\">Le grand public pourra acc\u00e9der gratuitement \u00e0 trois mus\u00e9es municipaux gratuitement \u00e0 partir de mercredi 2 juillet, midi, et <strong>jusqu\u2019\u00e0 vendredi inclus<\/strong>.<\/p>\n<p class=\" wall-content\">Sont concern\u00e9s : le Mus\u00e9e des <strong>Beaux-Arts<\/strong> de Lyon, le Mus\u00e9e d\u2019<strong>Art contemporain<\/strong>, et le <strong>Mus\u00e9e Gadagne<\/strong>.<\/p>\n<p class=\" wall-content\">Une mesure qui avait d\u00e9j\u00e0 \u00e9t\u00e9 prise lors d\u2019un pr\u00e9c\u00e9dent \u00e9pisode caniculaire en ao\u00fbt et en<br \/>septembre 2023.<\/p>\n<p>D\u2019autres mesures aussi en place<\/p>\n<p class=\" wall-content\">La Ville rappelle aussi que les grands parcs sont ouverts plus tard, en cas de vigilance canicule orange ou rouge. Ainsi, les parcs de Gerland et Blandan resteront ouverts jusqu\u2019\u00e0 minuit. Le <a href=\"https:\/\/actu.fr\/tag\/parc-de-la-tete-d-or\" rel=\"nofollow noopener\" target=\"_blank\">parc de la T\u00eate d\u2019Or<\/a> jusqu\u2019\u00e0 23 h 30.<\/p>\n<p>Vid\u00e9os : en ce moment sur Actu<\/p>\n<p class=\" wall-content\">Une liste des lieux frais ouverts pr\u00e8s de vous est aussi <a href=\"https:\/\/cartes.lyon.fr\/lieux-et-parcours-frais\/\" rel=\"nofollow noopener\" target=\"_blank\">disponible en ligne<\/a>. Elle recense <strong>743 espaces<\/strong> \u00ab\u00a0accessibles librement\u00a0\u00bb comme des traboules ou encore des bornes fontaines d\u2019eau potable.\u00a0<\/p>\n<p>Le stationnement gratuit pour les r\u00e9sidents et artisans<\/p>\n<p class=\" wall-content\">Enfin, un <strong>num\u00e9ro gratuit d\u2019information<\/strong> pour accompagner les habitants est mis en place par la municipalit\u00e9, de mi-juin \u00e0 septembre, pour informer sur les bons gestes et les solutions propos\u00e9es pour faire face aux fortes chaleurs. Les op\u00e9rateurs sont joignables au 04 72 10 36 26.<\/p>\n<p class=\" wall-content\">Le stationnement devient gratuit pour les titulaires de la vignette de stationnement r\u00e9sident et artisan\u00a0en cours de validit\u00e9. Le ticket de stationnement r\u00e9sident et artisan\u00a0en cours de validit\u00e9 sera prolong\u00e9 d\u2019un jour automatiquement.<\/p>\n<p class=\" wall-content\">Par ailleurs, la vente du ticket de stationnement r\u00e9sident sera bloqu\u00e9e sur les modes de paiement (horodateurs + Flowbird) durant cette journ\u00e9e.<\/p>\n<p class=\" wall-content\">Suivez toute l\u2019actualit\u00e9 de vos villes et m\u00e9dias favoris en vous inscrivant \u00e0 <a href=\"https:\/\/moncompte.actu.fr\" title=\"D\u00e9couvez Mon Actu\" rel=\"nofollow noopener\" data-trk=\"{&quot;cta&quot;:{&quot;action&quot;:&quot;https:\\\/\\\/moncompte.actu.fr&quot;,&quot;category&quot;:&quot;mon compte&quot;,&quot;from&quot;:&quot;article footer&quot;,&quot;name&quot;:&quot;Mon actu&quot;,&quot;type&quot;:&quot;cta&quot;}}\" target=\"_blank\">Mon Actu<\/a>.<\/p>\n","protected":false},"excerpt":{"rendered":"Par Julien Damboise Publi\u00e9 le 2 juil. 2025 \u00e0 10h19 Le mercure explose \u00e0 Lyon depuis quelques jours,&hellip;\n","protected":false},"author":2,"featured_media":220236,"comment_status":"","ping_status":"","sticky":false,"template":"","format":"standard","meta":{"footnotes":""},"categories":[1889],"tags":[1111,11,2430,6698,1777,674,1011,27,5226,2428,2487,12,25,15637],"class_list":{"0":"post-220235","1":"post","2":"type-post","3":"status-publish","4":"format-standard","5":"has-post-thumbnail","7":"category-lyon","8":"tag-actu","9":"tag-actualites","10":"tag-auvergne-rhone-alpes","11":"tag-canicule","12":"tag-eu","13":"tag-europe","14":"tag-fr","15":"tag-france","16":"tag-gregory-doucet","17":"tag-lyon","18":"tag-meteo","19":"tag-news","20":"tag-republique-francaise","21":"tag-vague-de-chaleur"},"share_on_mastodon":{"url":"https:\/\/pubeurope.com\/@fr\/114782723408683391","error":""},"_links":{"self":[{"href":"https:\/\/www.europesays.com\/fr\/wp-json\/wp\/v2\/posts\/220235","targetHints":{"allow":["GET"]}}],"collection":[{"href":"https:\/\/www.europesays.com\/fr\/wp-json\/wp\/v2\/posts"}],"about":[{"href":"https:\/\/www.europesays.com\/fr\/wp-json\/wp\/v2\/types\/post"}],"author":[{"embeddable":true,"href":"https:\/\/www.europesays.com\/fr\/wp-json\/wp\/v2\/users\/2"}],"replies":[{"embeddable":true,"href":"https:\/\/www.europesays.com\/fr\/wp-json\/wp\/v2\/comments?post=220235"}],"version-history":[{"count":0,"href":"https:\/\/www.europesays.com\/fr\/wp-json\/wp\/v2\/posts\/220235\/revisions"}],"wp:featuredmedia":[{"embeddable":true,"href":"https:\/\/www.europesays.com\/fr\/wp-json\/wp\/v2\/media\/220236"}],"wp:attachment":[{"href":"https:\/\/www.europesays.com\/fr\/wp-json\/wp\/v2\/media?parent=220235"}],"wp:term":[{"taxonomy":"category","embeddable":true,"href":"https:\/\/www.europesays.com\/fr\/wp-json\/wp\/v2\/categories?post=220235"},{"taxonomy":"post_tag","embeddable":true,"href":"https:\/\/www.europesays.com\/fr\/wp-json\/wp\/v2\/tags?post=220235"}],"curies":[{"name":"wp","href":"https:\/\/api.w.org\/{rel}","templated":true}]}}