{"id":220237,"date":"2025-07-02T08:35:09","date_gmt":"2025-07-02T08:35:09","guid":{"rendered":"https:\/\/www.europesays.com\/fr\/220237\/"},"modified":"2025-07-02T08:35:09","modified_gmt":"2025-07-02T08:35:09","slug":"ile-de-france-et-si-vous-installiez-votre-activite-dans-une-petite-gare-de-grande-couronne","status":"publish","type":"post","link":"https:\/\/www.europesays.com\/fr\/220237\/","title":{"rendered":"Ile-de-France : et si vous installiez votre activit\u00e9 dans une \u00ab\u00a0petite gare\u00a0\u00bb de grande couronne\u00a0?"},"content":{"rendered":"<p class=\"paragraph text_align_left lp-f-body-02\">Quels sont les points communs entre les gares SNCF d\u2019H\u00e9ricy en Seine-et-Marne, de Limay dans les Yvelines, de la Fert\u00e9-Alais dans l\u2019Essonne ou encore d\u2019Eragny-Neuville dans le Val-d\u2019Oise ? Elles font toutes partie des gares les moins fr\u00e9quent\u00e9es du r\u00e9seau francilien (au maximum 2 500 voyageurs par jour). Elles abritent toutes un local vacant qui pourrait \u00eatre r\u00e9investi\u2026 Et elles ont toutes \u00e9t\u00e9 retenues \u2013 comme 56 autres sites de grande couronne \u2014 pour figurer dans le nouvel appel \u00e0 projet \u00ab gares de demain \u00bb <a href=\"https:\/\/www.iledefrance-mobilites.fr\/le-reseau\/projets\/garesdedemain\" target=\"_self\" rel=\"noopener\">ouvert sur le site d\u2019Ile-de-France Mobilit\u00e9s<\/a> (IDFM).<\/p>\n<p class=\"paragraph text_align_left lp-f-body-02\">Lanc\u00e9 d\u00e8s 2021, ce programme financ\u00e9 par l\u2019autorit\u00e9 organisatrice des transports r\u00e9gionaux vise \u00e0 <a href=\"https:\/\/www.leparisien.fr\/val-d-oise-95\/boutiques-salon-de-the-espace-emploi-quand-les-gares-dile-de-france-entament-une-seconde-vie-27-08-2022-S4LY5UNTAZDONGYOV2NTHQ6GCA.php\" target=\"_self\" rel=\"noopener\">favoriser l\u2019implantation de commerces<\/a> de proximit\u00e9 ou d\u2019activit\u00e9s de service \u00e0 l\u2019int\u00e9rieur m\u00eame des gares. Objectif affich\u00e9 : ramener de la convivialit\u00e9 et de la pr\u00e9sence humaine dans ces petits \u00e9tablissements ferroviaires\u2026 qui partagent tous la particularit\u00e9 de ne <a href=\"https:\/\/www.leparisien.fr\/info-paris-ile-de-france-oise\/transports\/transilien-plus-dune-centaine-de-gares-bientot-sans-guichet-en-ile-de-france-10-02-2022-OJKVK3U6HVF67LFFRWLFYZYZRU.php\" target=\"_self\" rel=\"noopener\">plus avoir de pr\u00e9sence syst\u00e9matique d\u2019agents SNCF<\/a> durant les heures d\u2019ouverture.<\/p>\n<p class=\"paragraph text_align_left lp-f-body-02\">Le syst\u00e8me mis en place pour \u00ab revitaliser \u00bb ces gares est incitatif. IDFM finance en effet l\u2019int\u00e9gralit\u00e9 des travaux de remise aux normes des locaux ouverts \u00e0 la location. Des travaux assur\u00e9s par Gares&amp;connexions, la branche de la SNCF propri\u00e9taire des gares. Les \u00ab porteurs de projet \u00bb dont le dossier est retenu pour r\u00e9investir les locaux SNCF disponibles n\u2019ont qu\u2019\u00e0 payer l\u2019am\u00e9nagement int\u00e9rieur de leur \u00e9tablissement\u2026 puis une redevance d\u2019occupation \u00e0 Gares&amp;connexions.<\/p>\n<p class=\"paragraph text_align_left lp-f-body-02\">La premi\u00e8re phase du programme avait abouti \u00e0 l\u2019\u00e9mergence de 14 nouveaux projets de commerces ou d\u2019espaces de service (majoritairement dans les gares de grande couronne des lignes L, J ou H, les plus concern\u00e9es par les fermetures de guichets). Parmi ces derniers : une p\u00e2tisserie chocolaterie ouverte d\u00e8s octobre 2022 dans la gare de Saint-Mamm\u00e8s en Seine-et-Marne sur la ligne R, une boutique de location de v\u00e9lo \u00e9lectrique mise en place un an plus tard \u00e0 Us dans le Val-d\u2019Oise, sur la ligne J, et un salon de th\u00e9 install\u00e9 fin 2024 dans la petite gare aux allures de cabanon de jardin de l\u2019Etang-la-Ville dans les Yvelines, sur la ligne L\u2026<\/p>\n<p><img decoding=\"async\" class=\"image \" loading=\"lazy\" src=\"https:\/\/www.europesays.com\/fr\/wp-content\/uploads\/2025\/07\/S4WP5M3ZRFDTDNCZD2XY66Q2CI.jpg\" alt=\"L'Etang-la-Ville (Yvelines) : le salon de th\u00e9 ouvert en octobre dernier dans la charmante petite gare de la ligne L fait office de &quot;pavillon t\u00e9moin&quot; du programme &quot;gares de demain&quot;\" align=\"\" data-rubrique-principale=\"\" data-article-type=\"\" fetchpriority=\"auto\"\/>L&rsquo;Etang-la-Ville (Yvelines) : le salon de th\u00e9 ouvert en octobre dernier dans la charmante petite gare de la ligne L fait office de \u00ab\u00a0pavillon t\u00e9moin\u00a0\u00bb du programme \u00ab\u00a0gares de demain\u00a0\u00bb<\/p>\n<p class=\"paragraph text_align_left lp-f-body-02\">Pour ce nouvel appel \u00e0 projets lanc\u00e9 le mois dernier, IDFM a identifi\u00e9 60 gares de grande couronne (18 en Seine-et-Marne, 18 dans l\u2019Essonne, 16 dans les Yvelines et 8 dans le Val-d\u2019Oise). Mais seuls 20 projets de \u00ab revitalisation \u00bb de ces gares seront financ\u00e9s. Les candidats int\u00e9ress\u00e9s ont jusqu\u2019au 15 septembre prochain pour d\u00e9poser leur dossier en ligne sur la page d\u00e9di\u00e9e du site d\u2019Ile-de-France Mobilit\u00e9s. Les laur\u00e9ats seront s\u00e9lectionn\u00e9s \u00e0 la fin de l\u2019ann\u00e9e\u2026 et int\u00e9greront leurs nouveaux locaux \u00ab en gare \u00bb \u00e0 partir de 2027.<\/p>\n","protected":false},"excerpt":{"rendered":"Quels sont les points communs entre les gares SNCF d\u2019H\u00e9ricy en Seine-et-Marne, de Limay dans les Yvelines, de&hellip;\n","protected":false},"author":2,"featured_media":220238,"comment_status":"","ping_status":"","sticky":false,"template":"","format":"standard","meta":{"footnotes":""},"categories":[1592],"tags":[1111,11,1777,674,1011,27,662,1944,12,626,25,2382],"class_list":{"0":"post-220237","1":"post","2":"type-post","3":"status-publish","4":"format-standard","5":"has-post-thumbnail","7":"category-ile-de-france","8":"tag-actu","9":"tag-actualites","10":"tag-eu","11":"tag-europe","12":"tag-fr","13":"tag-france","14":"tag-ile-de-france","15":"tag-ma-ville","16":"tag-news","17":"tag-paris","18":"tag-republique-francaise","19":"tag-transport-idf-oise"},"share_on_mastodon":{"url":"https:\/\/pubeurope.com\/@fr\/114782728021880280","error":""},"_links":{"self":[{"href":"https:\/\/www.europesays.com\/fr\/wp-json\/wp\/v2\/posts\/220237","targetHints":{"allow":["GET"]}}],"collection":[{"href":"https:\/\/www.europesays.com\/fr\/wp-json\/wp\/v2\/posts"}],"about":[{"href":"https:\/\/www.europesays.com\/fr\/wp-json\/wp\/v2\/types\/post"}],"author":[{"embeddable":true,"href":"https:\/\/www.europesays.com\/fr\/wp-json\/wp\/v2\/users\/2"}],"replies":[{"embeddable":true,"href":"https:\/\/www.europesays.com\/fr\/wp-json\/wp\/v2\/comments?post=220237"}],"version-history":[{"count":0,"href":"https:\/\/www.europesays.com\/fr\/wp-json\/wp\/v2\/posts\/220237\/revisions"}],"wp:featuredmedia":[{"embeddable":true,"href":"https:\/\/www.europesays.com\/fr\/wp-json\/wp\/v2\/media\/220238"}],"wp:attachment":[{"href":"https:\/\/www.europesays.com\/fr\/wp-json\/wp\/v2\/media?parent=220237"}],"wp:term":[{"taxonomy":"category","embeddable":true,"href":"https:\/\/www.europesays.com\/fr\/wp-json\/wp\/v2\/categories?post=220237"},{"taxonomy":"post_tag","embeddable":true,"href":"https:\/\/www.europesays.com\/fr\/wp-json\/wp\/v2\/tags?post=220237"}],"curies":[{"name":"wp","href":"https:\/\/api.w.org\/{rel}","templated":true}]}}