{"id":220241,"date":"2025-07-02T08:37:09","date_gmt":"2025-07-02T08:37:09","guid":{"rendered":"https:\/\/www.europesays.com\/fr\/220241\/"},"modified":"2025-07-02T08:37:09","modified_gmt":"2025-07-02T08:37:09","slug":"a-paris-la-canicule-fait-fondre-le-bitume","status":"publish","type":"post","link":"https:\/\/www.europesays.com\/fr\/220241\/","title":{"rendered":"\u00e0 Paris, la canicule fait \u00ab\u00a0fondre\u00a0\u00bb le bitume"},"content":{"rendered":"<p>            Par<br \/>\n        <strong><br \/>\n            <a href=\"https:\/\/actu.fr\/auteur\/sarah-coulet\" title=\"Consulter tous les articles de Sarah Coulet\" rel=\"nofollow noopener\" target=\"_blank\">Sarah Coulet<\/a><br \/>\n        <\/strong><\/p>\n<p>        Publi\u00e9 le<\/p>\n<p>            2 juil. 2025 \u00e0 10h22        <\/p>\n<p>Il fait <a href=\"https:\/\/actu.fr\/ile-de-france\/paris_75056\/canicule-la-mairie-de-paris-declenche-son-niveau-d-alerte-le-plus-eleve-a-quoi-s-attendre_62850679.html\" rel=\"nofollow noopener\" target=\"_blank\">particuli\u00e8rement chaud \u00e0 Paris<\/a> depuis le d\u00e9but de la semaine. Des temp\u00e9ratures exceptionnelles qui ont atteint leur summum mardi 1er\u00a0juillet 2025\u2009: dans une vid\u00e9o post\u00e9e sur <a href=\"https:\/\/actu.fr\/tag\/tiktok\" rel=\"nofollow noopener\" target=\"_blank\">TikTok<\/a>, une jeune femme s\u2019est rendu compte que sous la chaleur, <strong>l\u2019enrob\u00e9<\/strong> sous ses pieds prenait la marque de ses pas.<\/p>\n<p>\u00ab\u2009C\u2019est quoi cette dinguerie\u2009\u00bb<\/p>\n<p class=\" wall-content\">\u00ab\u2009Il fait tellement chaud que mon talon vient de <strong>faire un trou<\/strong> dans le b\u00e9ton\u2009\u00bb, explique-t-elle avant de refaire le test en se filmant. \u00ab\u2009Regardez, l\u00e0 y a pas de trou\u2009\u00bb, lance-t-elle avant de poser sa tong \u00e0 talon sur le sol, de la soulever et de faire appara\u00eetre une marque. \u00ab\u2009C\u2019est quoi cette dinguerie, y a des trous dans le sol \u00e0 cause de mes talons\u2009!\u2009\u00bb<\/p>\n<blockquote class=\"tiktok-embed\" cite=\"https:\/\/www.tiktok.com\/@paylyyyy\/video\/7521827849632812310\" data-video-id=\"7521827849632812310\" data-embed-from=\"oembed\" style=\"max-width:605px; min-width:325px;\"><p>\n<a target=\"_blank\" title=\"@paylyyyy\" href=\"https:\/\/www.tiktok.com\/@paylyyyy?refer=embed\" rel=\"nofollow noopener\">@paylyyyy<\/a> <\/p>\n<p>Paris entrain de fondre \ud83e\udd79\ud83e\udd23<\/p>\n<p> <a target=\"_blank\" title=\"\u266c funny scene song(1294833) - K.Shiraki\" href=\"https:\/\/www.tiktok.com\/music\/funny-scene-song-1294833-7223826568140654594?refer=embed\" rel=\"nofollow noopener\">\u266c funny scene song(1294833) \u2013 K.Shiraki<\/a> <\/p>\n<\/blockquote>\n<p class=\" wall-content\">vid\u00e9o, publi\u00e9e mardi 1er jui let 2025, alors que la capitale \u00e9tait sous le coup d\u2019une<a href=\"https:\/\/actu.fr\/ile-de-france\/paris_75056\/ressenti-44-c-meteo-france-declenche-la-vigilance-rouge-canicule-a-paris-et-en-petite-couronne_62846076.html\" rel=\"nofollow noopener\" target=\"_blank\"> vigilance rouge canicule<\/a>, a \u00e9t\u00e9 aim\u00e9 plus de <strong>550 000\u2009foi\u00a0<\/strong> et a suscit\u00e9 des milliers de commentaires.<\/p>\n<p class=\" wall-content\">Les internautes, amus\u00e9s, lui ont aussi fait remarquer qu\u2019il ne s\u2019agissait pas de b\u00e9ton mais d\u2019enrob\u00e9, un m\u00e9lange de bitume et d\u2019agr\u00e9gats. Selon <a href=\"https:\/\/www.sciencesetavenir.fr\/fondamental\/materiaux\/est-ce-que-le-bitume-peut-fondre-au-soleil_147739\" rel=\"nofollow noopener\" target=\"_blank\">Sciences et Vie<\/a>, il arrive que le bitume se d\u00e9forme si la chaleur est tr\u00e8s \u00e9lev\u00e9e. Un ph\u00e9nom\u00e8ne qui peut commencer, selon le type utilis\u00e9, d\u00e8s <strong>35\u00b0C<\/strong>.\u00a0Ce jour l\u00e0, la temp\u00e9rature a oscill\u00e9 entre 35\u00b0C et 41\u00b0C.\u00a0<\/p>\n<p>Vid\u00e9os : en ce moment sur Actu<\/p>\n<p class=\" wall-content\">Suivez toute l\u2019actualit\u00e9 de vos villes et m\u00e9dias favoris en vous inscrivant \u00e0 <a href=\"https:\/\/moncompte.actu.fr\" title=\"D\u00e9couvez Mon Actu\" rel=\"nofollow noopener\" data-trk=\"{&quot;cta&quot;:{&quot;action&quot;:&quot;https:\\\/\\\/moncompte.actu.fr&quot;,&quot;category&quot;:&quot;mon compte&quot;,&quot;from&quot;:&quot;article footer&quot;,&quot;name&quot;:&quot;Mon actu&quot;,&quot;type&quot;:&quot;cta&quot;}}\" target=\"_blank\">Mon Actu<\/a>.<\/p>\n<p>                    <script async src=\"\/\/www.tiktok.com\/embed.js\"><\/script><\/p>\n","protected":false},"excerpt":{"rendered":"Par Sarah Coulet Publi\u00e9 le 2 juil. 2025 \u00e0 10h22 Il fait particuli\u00e8rement chaud \u00e0 Paris depuis le&hellip;\n","protected":false},"author":2,"featured_media":220242,"comment_status":"","ping_status":"","sticky":false,"template":"","format":"standard","meta":{"footnotes":""},"categories":[1888],"tags":[1111,1928,11,1927,6698,1777,674,1011,27,1757,12,1926,626,1925,25,2439],"class_list":{"0":"post-220241","1":"post","2":"type-post","3":"status-publish","4":"format-standard","5":"has-post-thumbnail","7":"category-paris","8":"tag-actu","9":"tag-actu-paris","10":"tag-actualites","11":"tag-actualites-paris","12":"tag-canicule","13":"tag-eu","14":"tag-europe","15":"tag-fr","16":"tag-france","17":"tag-insolite","18":"tag-news","19":"tag-news-paris","20":"tag-paris","21":"tag-paris-news","22":"tag-republique-francaise","23":"tag-tiktok"},"share_on_mastodon":{"url":"https:\/\/pubeurope.com\/@fr\/114782735487812809","error":""},"_links":{"self":[{"href":"https:\/\/www.europesays.com\/fr\/wp-json\/wp\/v2\/posts\/220241","targetHints":{"allow":["GET"]}}],"collection":[{"href":"https:\/\/www.europesays.com\/fr\/wp-json\/wp\/v2\/posts"}],"about":[{"href":"https:\/\/www.europesays.com\/fr\/wp-json\/wp\/v2\/types\/post"}],"author":[{"embeddable":true,"href":"https:\/\/www.europesays.com\/fr\/wp-json\/wp\/v2\/users\/2"}],"replies":[{"embeddable":true,"href":"https:\/\/www.europesays.com\/fr\/wp-json\/wp\/v2\/comments?post=220241"}],"version-history":[{"count":0,"href":"https:\/\/www.europesays.com\/fr\/wp-json\/wp\/v2\/posts\/220241\/revisions"}],"wp:featuredmedia":[{"embeddable":true,"href":"https:\/\/www.europesays.com\/fr\/wp-json\/wp\/v2\/media\/220242"}],"wp:attachment":[{"href":"https:\/\/www.europesays.com\/fr\/wp-json\/wp\/v2\/media?parent=220241"}],"wp:term":[{"taxonomy":"category","embeddable":true,"href":"https:\/\/www.europesays.com\/fr\/wp-json\/wp\/v2\/categories?post=220241"},{"taxonomy":"post_tag","embeddable":true,"href":"https:\/\/www.europesays.com\/fr\/wp-json\/wp\/v2\/tags?post=220241"}],"curies":[{"name":"wp","href":"https:\/\/api.w.org\/{rel}","templated":true}]}}