{"id":220245,"date":"2025-07-02T08:39:10","date_gmt":"2025-07-02T08:39:10","guid":{"rendered":"https:\/\/www.europesays.com\/fr\/220245\/"},"modified":"2025-07-02T08:39:10","modified_gmt":"2025-07-02T08:39:10","slug":"transport-bars-meteo-quelles-sont-les-meilleures-villes-etudiantes-en-2025","status":"publish","type":"post","link":"https:\/\/www.europesays.com\/fr\/220245\/","title":{"rendered":"Transport, bars, m\u00e9t\u00e9o&#8230; quelles sont les meilleures villes \u00e9tudiantes en 2025 ?"},"content":{"rendered":"<p class=\"paragraph lpe text_align_left lp-f-body-02\">Les <a href=\"https:\/\/www.leparisien.fr\/etudiant\/examens\/bac\/resultats-du-bac-O7CQF5NTSFPQ7GJBL6D3YO6ZJQ.php\" target=\"_blank\" rel=\"noreferrer noopener\">r\u00e9sultats du bac<\/a> arrivent ce vendredi 4 juillet. Pour 92% des candidats devenus bacheliers, la vie lyc\u00e9enne va se transformer en vie \u00e9tudiante. Logement, a\u0302ge moyen de la population, sorties culturelles et loisirs, cadre de vie ou encore me\u0301te\u0301o, autant de crite\u0300res qui rentrent en ligne de compte dans le choix du lieu de ses e\u0301tudes supe\u0301rieures. <\/p>\n<p class=\"paragraph lpe text_align_left lp-f-body-02\">Mais toutes les villes n\u2019offrent pas la me\u0302me chose. C\u2019est Montpellier qui d\u00e9croche la premi\u00e8re place de notre tout premier classement des meilleures villes \u00e9tudiantes de France. Elle est suivie de Grenoble, elle m\u00eame talonn\u00e9e &#8211; de tr\u00e8s pr\u00e8s &#8211; par Nancy. <\/p>\n<p class=\"paragraph lpe text_align_left lp-f-body-02\">Les villes de te\u0302te ont plusieurs points communs. D\u2019abord, la concentration d\u2019e\u0301tudiants y est tre\u0300s forte. Ainsi a\u0300 Nancy, plus de 19 % de la population est e\u0301tudiante. A\u0300 Montpellier, c\u2019est pre\u0300s de 17 % et 14,4 % a\u0300 Grenoble. <\/p>\n<p class=\"paragraph lpe text_align_left lp-f-body-02\">Ensuite, elles se distinguent par l\u2019accessibilit\u00e9 des services du quotidien, tant pour les transports que pour les salles de spectacle ou la restauration rapide. Montpellier, Grenoble et Nancy font partie des villes o\u00f9 la densit\u00e9 de v\u00e9lo en libre service est la plus grande, mais aussi o\u00f9 les biblioth\u00e8ques, les fast-food et les piscines sont les plus nombreuses par habitant. <\/p>\n<p class=\"paragraph lpe text_align_left lp-f-body-02\">Les autres villes n\u2019ont pas \u00e0 rougir de leur classement, car elles ont d\u2019autres atouts. Y compris dans le bas du classement. Ainsi \u00e0 Lyon (14e) s\u2019il y a moins de <a href=\"https:\/\/www.leparisien.fr\/etudiant\/sortir\/lyon\/concerts\/\" target=\"_blank\" rel=\"noreferrer noopener\">salles de concert<\/a> qu\u2019ailleurs, on y circule plus facilement \u00e0 v\u00e9lo et avec Paris (11e), la ville est celle qui est dot\u00e9e du plus grand nombre de bars de notre classement. <\/p>\n<p class=\"paragraph lpe text_align_left lp-f-body-02\">Dans la capitale, d\u2019ailleurs, si les e\u0301tudiants font grise mine <a href=\"https:\/\/www.leparisien.fr\/etudiant\/vie-etudiante\/logement-etudiant\/logement-etudiant-quelles-sont-les-villes-ou-les-loyers-sont-les-plus-chers-en-2025-K5HNXSGVHJFZTACVJFGU2DR7IQ.php\" target=\"_self\" rel=\"noopener\">a\u0300 cause des loyers<\/a>, de la me\u0301te\u0301o ou du prix de l\u2019abonnement de transport en commun \u2013 le plus cher de notre classement devant celui de Lille (16e) \u2013, ils disposent aussi d\u2019un grand nombre de fast-foods. Mais surtout, ils be\u0301ne\u0301ficient du plus grand territoire accessible en train, pour rejoindre leur famille ou <a href=\"https:\/\/www.leparisien.fr\/etudiant\/vie-etudiante\/dates-de-la-rentree-et-des-vacances-SEF7RBXFRJIX5OIEHQFJMKPLQI.php\" target=\"_blank\" rel=\"noreferrer noopener\">partir en vacances<\/a> entre copains.<\/p>\n<p class=\"paragraph lpe text_align_left lp-f-body-02\">C\u2019est aussi la ville qui compte le plus grand nombre de sentiers de randonn\u00e9es accessibles \u00e0 moins de 5 kilom\u00e8tres pour d\u00e9compresser (gratuitement) avant ou apr\u00e8s les partiels. \u00c0 Nantes, on a moins d\u2019espaces verts et il y fait moins beau qu\u2019ailleurs. Reste qu\u2019aller au cin\u00e9ma est moins cher qu\u2019\u00e0 Montpellier, Grenoble ou Nancy, notre trio de t\u00eate. <\/p>\n<p class=\"paragraph lpe text_align_left lp-f-body-02\">Enfin, si Nice, avant-derni\u00e8re, p\u00eache par son nombre de fast-food, les peu nombreux am\u00e9nagements cyclables et ses loyers tr\u00e8s \u00e9lev\u00e9s, elle brille par son nombre d\u2019espaces verts, les plages et l\u2019ensoleillement qui permettent aux \u00e9tudiants ni\u00e7ois de profiter de l\u2019ext\u00e9rieur pour se retrouver et r\u00e9viser les partiels ailleurs que dans une biblioth\u00e8que. <\/p>\n<p class=\"paragraph lpe text_align_left lp-f-body-02\">De quoi permettre \u00e0 chacun de trouver une ville qui lui convienne pour ses \u00e9tudes sup\u00e9rieures.<\/p>\n<p class=\"paragraph lpe text_align_left lp-f-body-02\"><b>Classement des villes \u00e9tudiantes du Parisien : notre m\u00e9thodologie<\/b><\/p>\n<p class=\"paragraph lpe text_align_left lp-f-body-02\">D\u2019abord, certains le remarqueront, bon nombre de villes ne figurent pas dans notre classement. La raison est simple : nous avons voulu comparer ce qui est comparable, donc des m\u00e9tropoles qui proposent &#8211; \u00e0 peu pr\u00e8s &#8211; les m\u00eames grands types de formation. Ainsi, chacune de ces villes a un p\u00f4le universitaire, voire plusieurs, des <a href=\"https:\/\/www.leparisien.fr\/etudiant\/etudes\/ecoles\/classement-ecoles-de-commerce\/\" target=\"_blank\" rel=\"noreferrer noopener\">\u00e9coles de commerce<\/a> et \/ ou d\u2019ing\u00e9nieur et d\u2019autres \u00e9tablissements d\u2019enseignement sup\u00e9rieur. Les villes de ce classement comptent toutes plus de 40 000 \u00e9tudiants, et sont \u00e9valu\u00e9es sur des crit\u00e8res qui d\u00e9passent le champs de la scolarit\u00e9. Car il ne s\u2019agit pas de savoir quelle ville dispose de la meilleure offre de formation, mais quelle ville permet aux \u00e9tudiants de vivre une vie \u00e9tudiante \u00e0 la hauteur de leur besoin, \u00e9conomique comme sociaux. <\/p>\n<p class=\"paragraph lpe text_align_left lp-f-body-02\">Pour classer ces villes, nous avons choisi des crit\u00e8res vari\u00e9s, tant sur le plan des loisirs (nombre de bars pour 10 000 habitants, de salles de concert, de piscines, tarif d\u2019une place de cin\u00e9ma, etc.), que de la vie de tous les jours (transports, tarif r\u00e9duit de l\u2019abonnement, v\u00e9los en libre-service, etc.). Les loyers n\u2019ont pas \u00e9t\u00e9 oubli\u00e9s puisqu\u2019ils comptent pour partie dans la note finale de chaque ville. Chaque crit\u00e8re a \u00e9t\u00e9 pond\u00e9r\u00e9 de mani\u00e8re \u00e0 ne pas attribuer le m\u00eame poids \u00e0 chaque crit\u00e8re &#8211; nous avons par exemple int\u00e9gr\u00e9 le nombre de biblioth\u00e8ques dans nos calculs, il a plus de poids que les sentiers de randonn\u00e9es accessibles au moins de 5 kilom\u00e8tres du centre ville. <\/p>\n","protected":false},"excerpt":{"rendered":"Les r\u00e9sultats du bac arrivent ce vendredi 4 juillet. Pour 92% des candidats devenus bacheliers, la vie lyc\u00e9enne&hellip;\n","protected":false},"author":2,"featured_media":220246,"comment_status":"","ping_status":"","sticky":false,"template":"","format":"standard","meta":{"footnotes":""},"categories":[1888],"tags":[11,1777,674,1011,27,2684,12,626,25,28728],"class_list":{"0":"post-220245","1":"post","2":"type-post","3":"status-publish","4":"format-standard","5":"has-post-thumbnail","7":"category-paris","8":"tag-actualites","9":"tag-eu","10":"tag-europe","11":"tag-fr","12":"tag-france","13":"tag-le-parisien-etudiant","14":"tag-news","15":"tag-paris","16":"tag-republique-francaise","17":"tag-vie-etudiante"},"share_on_mastodon":{"url":"https:\/\/pubeurope.com\/@fr\/114782743103056467","error":""},"_links":{"self":[{"href":"https:\/\/www.europesays.com\/fr\/wp-json\/wp\/v2\/posts\/220245","targetHints":{"allow":["GET"]}}],"collection":[{"href":"https:\/\/www.europesays.com\/fr\/wp-json\/wp\/v2\/posts"}],"about":[{"href":"https:\/\/www.europesays.com\/fr\/wp-json\/wp\/v2\/types\/post"}],"author":[{"embeddable":true,"href":"https:\/\/www.europesays.com\/fr\/wp-json\/wp\/v2\/users\/2"}],"replies":[{"embeddable":true,"href":"https:\/\/www.europesays.com\/fr\/wp-json\/wp\/v2\/comments?post=220245"}],"version-history":[{"count":0,"href":"https:\/\/www.europesays.com\/fr\/wp-json\/wp\/v2\/posts\/220245\/revisions"}],"wp:featuredmedia":[{"embeddable":true,"href":"https:\/\/www.europesays.com\/fr\/wp-json\/wp\/v2\/media\/220246"}],"wp:attachment":[{"href":"https:\/\/www.europesays.com\/fr\/wp-json\/wp\/v2\/media?parent=220245"}],"wp:term":[{"taxonomy":"category","embeddable":true,"href":"https:\/\/www.europesays.com\/fr\/wp-json\/wp\/v2\/categories?post=220245"},{"taxonomy":"post_tag","embeddable":true,"href":"https:\/\/www.europesays.com\/fr\/wp-json\/wp\/v2\/tags?post=220245"}],"curies":[{"name":"wp","href":"https:\/\/api.w.org\/{rel}","templated":true}]}}