{"id":22025,"date":"2025-04-13T11:21:09","date_gmt":"2025-04-13T11:21:09","guid":{"rendered":"https:\/\/www.europesays.com\/fr\/22025\/"},"modified":"2025-04-13T11:21:09","modified_gmt":"2025-04-13T11:21:09","slug":"strasbourg-eric-dupond-moretti-retrouve-sa-liberte-de-parole-au-palais-des-congres","status":"publish","type":"post","link":"https:\/\/www.europesays.com\/fr\/22025\/","title":{"rendered":"Strasbourg. Eric Dupond-Moretti retrouve sa libert\u00e9\u2026 de parole au Palais des Congr\u00e8s"},"content":{"rendered":"<p>Il tombe la cravate, \u00e9carte le pupitre et s\u2019allume une cigarette. Exit les ors de la r\u00e9publique. L\u2019ancien ministre en a fini avec les sempiternelles \u00ab\u00a0questions au gouvernement\u00a0\u00bb \u00e9lectrisant le parlement.<\/p>\n<p><a href=\"https:\/\/www.dna.fr\/culture-loisirs\/2025\/04\/06\/eric-dupond-moretti-regle-ses-comptes-sur-scene\" target=\"_blank\" rel=\"nofollow noopener\">Eric Dupond-Moretti change d\u2019ar\u00e8ne<\/a> et monte sur les planches pour devenir ma\u00eetre du jeu. Face \u00e0 lui, un bon millier de personnes. Un public tr\u00e8s vite acquis \u00e0 sa cause et qui lui pardonnera ses petites approximations sc\u00e9niques de d\u00e9but de rencontre. La faute au trac sans doute. Presque novice en la mati\u00e8re \u2013 il avait d\u00e9marr\u00e9 un premier spectacle revisitant sa carri\u00e8re d\u2019avocat avant d\u2019entrer au gouvernement \u2013 <a href=\"https:\/\/www.dna.fr\/culture-loisirs\/2025\/01\/11\/eric-dupond-moretti-en-one-man-show-a-strasbourg-en-avril\" target=\"_blank\" rel=\"nofollow noopener\">le com\u00e9dien en herbe s\u2019\u00e9pargne<\/a> avec ce nouveau d\u00e9cor toute forme de r\u00e9plique. Nul journaliste (ou presque) et encore moins de magistrat (on l\u2019imagine) dans l\u2019assistance. Dupond-Moretti prend progressivement ses aises dans ses (nouveaux) habits de b\u00eate de sc\u00e8ne.<\/p>\n<p>  R\u00e8glements de compte<\/p>\n<p>L\u2019un de ses voisins au conseil des ministres le taxait, sur le ton du off, de \u00ab\u00a0king kong en laisse\u00a0\u00bb. Changement de d\u00e9cor et libert\u00e9 retrouv\u00e9e. L\u2019ex-as du pr\u00e9toire surnomm\u00e9 alors \u00ab\u00a0acquitator\u00a0\u00bb d\u00e9voile les coulisses du minist\u00e8re. Pourquoi pas.<\/p>\n<p>Plus touchant et pertinent\u00a0: son combat, en campagne comme en plateau, contre les id\u00e9es d\u2019extr\u00eame droite. Mais \u00ab\u00a0J\u2019ai dit oui\u00a0\u00bb ce nouveau spectacle est un peu plomb\u00e9 par ce r\u00e8glement de comptes presque obsessionnel <a href=\"https:\/\/www.dna.fr\/faits-divers-justice\/2025\/04\/08\/eric-dupond-moretti-poursuivi-en-diffamation-par-le-magistrat-edouard-levrault\" target=\"_blank\" rel=\"nofollow noopener\">avec quelques magistrats bien cibl\u00e9s<\/a>.<\/p>\n<p>L\u2019attaque vise aussi les m\u00e9dias au sens tr\u00e8s large au risque de cr\u00e9er de douteux amalgames quand influenceurs, Mediapart et CNews sont mang\u00e9s \u00e0 la m\u00eame sauce. Dommage\u00a0!<\/p>\n","protected":false},"excerpt":{"rendered":"Il tombe la cravate, \u00e9carte le pupitre et s\u2019allume une cigarette. Exit les ors de la r\u00e9publique. L\u2019ancien&hellip;\n","protected":false},"author":2,"featured_media":22026,"comment_status":"","ping_status":"","sticky":false,"template":"","format":"standard","meta":{"footnotes":""},"categories":[2820],"tags":[1111,11,2389,1687,2880,1777,674,107,1011,27,775,12,25,3140,640,2879],"class_list":{"0":"post-22025","1":"post","2":"type-post","3":"status-publish","4":"format-standard","5":"has-post-thumbnail","7":"category-strasbourg","8":"tag-actu","9":"tag-actualites","10":"tag-alsace","11":"tag-culture-loisirs","12":"tag-edition-strasbourg","13":"tag-eu","14":"tag-europe","15":"tag-fil-info","16":"tag-fr","17":"tag-france","18":"tag-grand-est","19":"tag-news","20":"tag-republique-francaise","21":"tag-spectacle","22":"tag-strasbourg","23":"tag-strasbourg-ville"},"share_on_mastodon":{"url":"https:\/\/pubeurope.com\/@fr\/114330395181043520","error":""},"_links":{"self":[{"href":"https:\/\/www.europesays.com\/fr\/wp-json\/wp\/v2\/posts\/22025","targetHints":{"allow":["GET"]}}],"collection":[{"href":"https:\/\/www.europesays.com\/fr\/wp-json\/wp\/v2\/posts"}],"about":[{"href":"https:\/\/www.europesays.com\/fr\/wp-json\/wp\/v2\/types\/post"}],"author":[{"embeddable":true,"href":"https:\/\/www.europesays.com\/fr\/wp-json\/wp\/v2\/users\/2"}],"replies":[{"embeddable":true,"href":"https:\/\/www.europesays.com\/fr\/wp-json\/wp\/v2\/comments?post=22025"}],"version-history":[{"count":0,"href":"https:\/\/www.europesays.com\/fr\/wp-json\/wp\/v2\/posts\/22025\/revisions"}],"wp:featuredmedia":[{"embeddable":true,"href":"https:\/\/www.europesays.com\/fr\/wp-json\/wp\/v2\/media\/22026"}],"wp:attachment":[{"href":"https:\/\/www.europesays.com\/fr\/wp-json\/wp\/v2\/media?parent=22025"}],"wp:term":[{"taxonomy":"category","embeddable":true,"href":"https:\/\/www.europesays.com\/fr\/wp-json\/wp\/v2\/categories?post=22025"},{"taxonomy":"post_tag","embeddable":true,"href":"https:\/\/www.europesays.com\/fr\/wp-json\/wp\/v2\/tags?post=22025"}],"curies":[{"name":"wp","href":"https:\/\/api.w.org\/{rel}","templated":true}]}}