{"id":220256,"date":"2025-07-02T08:45:11","date_gmt":"2025-07-02T08:45:11","guid":{"rendered":"https:\/\/www.europesays.com\/fr\/220256\/"},"modified":"2025-07-02T08:45:11","modified_gmt":"2025-07-02T08:45:11","slug":"37c-en-allemagne-38c-en-italie-413c-en-france-42c-en-espagne-comment-les-europeens-adaptent-leur-quotidien-a-la-canicule","status":"publish","type":"post","link":"https:\/\/www.europesays.com\/fr\/220256\/","title":{"rendered":"37\u00b0C en Allemagne, 38\u00b0C en Italie, 41,3\u00b0C en France, 42\u00b0C en Espagne&#8230;Comment les Europ\u00e9ens adaptent leur quotidien \u00e0 la canicule"},"content":{"rendered":"<p><strong>EN IMAGES &#8211;<\/strong> Depuis lundi, une vague de chaleur pr\u00e9coce s\u2019est abattue sur le Vieux Continent, avec des temp\u00e9ratures d\u00e9passant les 40\u202f\u00b0C dans plusieurs pays, du Portugal \u00e0 la Gr\u00e8ce.<\/p>\n<p class=\"fig-paragraph\">Parapluies d\u00e9ploy\u00e9s en plein ciel bleu, fontaines envahies, passants abrit\u00e9s sous des serviettes humides\u2026 Les images frappantes de la\u00a0<a href=\"http:\/\/www.lefigaro.fr\/dossier\/canicule-fortes-chaleurs-l-ete-2021-s-installe-en-france\" target=\"_blank\" data-fig-type=\"Topic\" rel=\"noopener\" data-gtm-custom-categorie=\"navigation\" data-gtm-custom-action=\"crossclick\" data-gtm-custom-label=\"Contextuel\" data-gtm-event=\"customEventSPE\" data-fig-domain=\"LEFIGARO\">canicule\u00a0<\/a>ne laissent gu\u00e8re de place au doute\u00a0: les Europ\u00e9ens \u00e9touffent. Depuis lundi, une\u00a0<a href=\"http:\/\/www.lefigaro.fr\/meteo\/fortes-chaleurs-en-france-un-mois-de-juin-aux-allures-de-plein-ete-20250613\" target=\"_blank\" data-fig-type=\"NewsFlash\" rel=\"noopener\" data-gtm-custom-categorie=\"navigation\" data-gtm-custom-action=\"crossclick\" data-gtm-custom-label=\"Contextuel\" data-gtm-event=\"customEventSPE\" data-fig-domain=\"LEFIGARO\">vague de chaleur pr\u00e9coce\u00a0<\/a>s\u2019est abattue sur le Vieux Continent, avec des temp\u00e9ratures d\u00e9passant les 40\u202f\u00b0C dans plusieurs pays, du Portugal \u00e0 la Gr\u00e8ce.<\/p>\n<p class=\"fig-paragraph\">Encore peu habitu\u00e9es \u00e0 ces extr\u00eames, les populations adaptent leur quotidien tant bien que mal. \u00c0\u00a0<a href=\"http:\/\/www.lefigaro.fr\/actualite-france\/a-paris-touristes-et-habitants-apprivoisent-tant-bien-que-mal-la-chaleur-20250630\" target=\"_blank\" data-fig-type=\"Article\" rel=\"noopener\" data-gtm-custom-categorie=\"navigation\" data-gtm-custom-action=\"crossclick\" data-gtm-custom-label=\"Contextuel\" data-gtm-event=\"customEventSPE\" data-fig-domain=\"LEFIGARO\">Paris<\/a>, en alerte rouge pour la premi\u00e8re fois depuis cinq ans, le thermom\u00e8tre a grimp\u00e9 jusqu\u2019\u00e0 38\u202f\u00b0C. Le bitume, chauff\u00e9 \u00e0 blanc, a transform\u00e9 la ville en \u00eelot de chaleur o\u00f9 les temp\u00e9ratures ne descendent plus sous les 27\u202f\u00b0C, m\u00eame la nuit. En r\u00e9ponse, des parcs sont ouverts en nocturne, les voitures polluantes interdites, et une partie de la tour Eiffel a \u00e9t\u00e9 exceptionnellement ferm\u00e9e.<\/p>\n<p class=\"fig-paragraph\">Ces fortes chaleurs, qualifi\u00e9es de \u00abtueuses silencieuses\u00bb par l\u2019<a href=\"http:\/\/www.lefigaro.fr\/international\/peut-on-encore-sauver-l-onu-20250626\" target=\"_blank\" data-fig-type=\"Article\" rel=\"noopener\" data-gtm-custom-categorie=\"navigation\" data-gtm-custom-action=\"crossclick\" data-gtm-custom-label=\"Contextuel\" data-gtm-event=\"customEventSPE\" data-fig-domain=\"LEFIGARO\">ONU<\/a>, ont d\u00e9clench\u00e9 des alertes sanitaires dans plusieurs pays, notamment en Allemagne, en Autriche, en Suisse et dans les Balkans. En Espagne, le mois de juin a \u00e9t\u00e9 le plus chaud jamais enregistr\u00e9, pulv\u00e9risant le pr\u00e9c\u00e9dent record de 2017. La M\u00e9diterran\u00e9e, elle aussi, affiche des temp\u00e9ratures de surface jamais vues \u00e0 cette p\u00e9riode de l\u2019ann\u00e9e.<\/p>\n<p class=\"fig-paragraph\">Face au stress thermique croissant, les autorit\u00e9s multiplient les mesures\u00a0: entr\u00e9es gratuites dans des mus\u00e9es climatis\u00e9s \u00e0 Venise, piscines ouvertes en continu \u00e0 Rome, accompagnement renforc\u00e9 des personnes vuln\u00e9rables. Des gestes d\u2019adaptation qui pourraient bien devenir la norme, alors que le climat impose un nouveau tempo \u00e0 l\u2019\u00e9t\u00e9 europ\u00e9en.<\/p>\n","protected":false},"excerpt":{"rendered":"EN IMAGES &#8211; Depuis lundi, une vague de chaleur pr\u00e9coce s\u2019est abattue sur le Vieux Continent, avec des&hellip;\n","protected":false},"author":2,"featured_media":220257,"comment_status":"","ping_status":"","sticky":false,"template":"","format":"standard","meta":{"footnotes":""},"categories":[1587],"tags":[47,1058,1054,1059,1060,1055,11,672,1804,6698,13208,1805,1803,1057,1777,674,118,1801,1061,303,12,1062,1802,656,104,1056,809],"class_list":{"0":"post-220256","1":"post","2":"type-post","3":"status-publish","4":"format-standard","5":"has-post-thumbnail","7":"category-allemagne","8":"tag-actualite","9":"tag-actualite-education","10":"tag-actualite-france","11":"tag-actualite-justice","12":"tag-actualite-securite","13":"tag-actualite-societe","14":"tag-actualites","15":"tag-allemagne","16":"tag-bundesrepublik-deutschland","17":"tag-canicule","18":"tag-chaleur","19":"tag-de","20":"tag-deutschland","21":"tag-education","22":"tag-eu","23":"tag-europe","24":"tag-faits-divers","25":"tag-germany","26":"tag-immigration","27":"tag-justice","28":"tag-news","29":"tag-polemique","30":"tag-republique-federale-dallemagne","31":"tag-securite","32":"tag-societe","33":"tag-societe-francaise","34":"tag-violence"},"share_on_mastodon":{"url":"","error":"Validation failed: Text character limit of 500 exceeded"},"_links":{"self":[{"href":"https:\/\/www.europesays.com\/fr\/wp-json\/wp\/v2\/posts\/220256","targetHints":{"allow":["GET"]}}],"collection":[{"href":"https:\/\/www.europesays.com\/fr\/wp-json\/wp\/v2\/posts"}],"about":[{"href":"https:\/\/www.europesays.com\/fr\/wp-json\/wp\/v2\/types\/post"}],"author":[{"embeddable":true,"href":"https:\/\/www.europesays.com\/fr\/wp-json\/wp\/v2\/users\/2"}],"replies":[{"embeddable":true,"href":"https:\/\/www.europesays.com\/fr\/wp-json\/wp\/v2\/comments?post=220256"}],"version-history":[{"count":0,"href":"https:\/\/www.europesays.com\/fr\/wp-json\/wp\/v2\/posts\/220256\/revisions"}],"wp:featuredmedia":[{"embeddable":true,"href":"https:\/\/www.europesays.com\/fr\/wp-json\/wp\/v2\/media\/220257"}],"wp:attachment":[{"href":"https:\/\/www.europesays.com\/fr\/wp-json\/wp\/v2\/media?parent=220256"}],"wp:term":[{"taxonomy":"category","embeddable":true,"href":"https:\/\/www.europesays.com\/fr\/wp-json\/wp\/v2\/categories?post=220256"},{"taxonomy":"post_tag","embeddable":true,"href":"https:\/\/www.europesays.com\/fr\/wp-json\/wp\/v2\/tags?post=220256"}],"curies":[{"name":"wp","href":"https:\/\/api.w.org\/{rel}","templated":true}]}}