{"id":220267,"date":"2025-07-02T08:51:17","date_gmt":"2025-07-02T08:51:17","guid":{"rendered":"https:\/\/www.europesays.com\/fr\/220267\/"},"modified":"2025-07-02T08:51:17","modified_gmt":"2025-07-02T08:51:17","slug":"victor-perez-avec-un-vainqueur-du-masters-dans-lillinois-et-le-fils-dun-ancien-vainqueur-sur-le-pga-tour-qualifie-du-lundi","status":"publish","type":"post","link":"https:\/\/www.europesays.com\/fr\/220267\/","title":{"rendered":"Victor Perez avec un vainqueur du Masters dans l&rsquo;Illinois, et le fils d&rsquo;un ancien vainqueur sur le PGA Tour qualifi\u00e9 du lundi"},"content":{"rendered":"<p>\t\t\t\t\t\t<img width=\"770\" height=\"556\" src=\"https:\/\/www.europesays.com\/fr\/wp-content\/uploads\/2025\/07\/carson-herron-afpgetty-770x556.jpg\" class=\"img-responsive wp-post-image\" alt=\"Carson Herron AFP:GETTY\" decoding=\"async\" fetchpriority=\"high\"  \/>\t\t\t\t\t<\/p>\n<p>\t\t\t\t\t\t Partager cet article <\/p>\n<p class=\"screen-reader-text juiz_sps_maybe_hidden_text\">Partager la publication \u00ab\u00a0Victor Perez avec un vainqueur du Masters dans l\u2019Illinois, et le fils d\u2019un ancien vainqueur sur le PGA Tour qualifi\u00e9 du lundi\u00a0\u00bb<\/p>\n<p><strong>Le fils d\u2019un quadruple vainqueur du PGA Tour a d\u00e9croch\u00e9 sa place au John Deere Classic en triomphant d\u2019un play-off \u00e0 trois lors des qualifications du lundi. Victor Perez s\u2019\u00e9lancera dans les deux premiers tours avec un vainqueur du Masters !<\/strong><\/p>\n<p>\nLe <strong>John Deere Classic<\/strong> d\u00e9bute jeudi \u00e0 Silvis, dans l\u2019Illinois, un tournoi qui repr\u00e9sente une v\u00e9ritable opportunit\u00e9 pour certains de se rapprocher <a href=\"https:\/\/www.pgatour.com\/fedexcup\" target=\"_blank\" rel=\"noopener nofollow\">au classement de la FedEx Cup<\/a> puisque beaucoup de \u201ctop\u201d joueurs ont d\u00e9cid\u00e9 de faire l\u2019impasse sur ce rendez-vous afin de se pr\u00e9parer pour la quinzaine britannique (<strong>Scottish Open<\/strong> et <a href=\"https:\/\/www.golfplanete.com\/categorie\/actualites\/majeurs-grands-rendez-vous\/the-open\/\" rel=\"nofollow noopener\" target=\"_blank\">The Open Championship<\/a>).<\/p>\n<p>Mais pour briller sur le parcours du<strong> TPC Deere Run<\/strong>, il va de nouveau falloir scorer tr\u00e8s bas comme <a href=\"https:\/\/www.golfplanete.com\/actualites\/un-rookie-debute-par-un-59-john-deere-classic-pga-tour-paul-barjon-a-la-peine\/\" rel=\"nofollow noopener\" target=\"_blank\">Hayden Springer qui avait sign\u00e9 un 59 lors du premier tour en 2024.<\/a><\/p>\n<p>En effet, depuis 2014, seuls deux joueurs ont remport\u00e9 le tournoi sans descendre sous les 20 coups sous le par. L\u2019an dernier <a href=\"https:\/\/www.golfplanete.com\/actualites\/elu-a-lunanimite-davis-thompson-decroche-son-premier-titre-sur-le-pga-tour-avec-un-score-record\/\" rel=\"nofollow noopener\" target=\"_blank\">Davis Thompson l\u2019avait emport\u00e9 en \u00e9tablissant une marque record \u00e0 -28 !<\/a><\/p>\n<p>\t\t\t\t\t<a id=\"177485\" href=\"https:\/\/golfplus.fr\/soldes-c559\" target=\"_blank\" rel=\"sponsorised nofollow noopener\"><img decoding=\"async\" src=\"data:image\/svg+xml,%3Csvg%20xmlns=\" http:=\"\" class=\"img-responsive\" alt=\"\" data-lazy-src=\"https:\/\/www.europesays.com\/fr\/wp-content\/uploads\/2025\/06\/golfplus-e17-soldes-ete-1170x275-1.jpg\"\/><\/a><\/p>\n<p>\u00a0<\/p>\n<p>Perez avec Willett<\/p>\n<p>Un seul fran\u00e7ais prendra le d\u00e9part du 30e tournoi du calendrier du <strong>PGA Tour<\/strong>.<\/p>\n<p>Actuellement 97e de la FedEx Cup, <strong>Victor Perez<\/strong> a en effet choisi de privil\u00e9gier sa saison sur le circuit am\u00e9ricain plut\u00f4t que de pr\u00e9parer le <strong>Scottish Open<\/strong> qui aura lieu du 10 au 13 juillet sur le parcours de son ancien club d\u2019attache en Ecosse, <strong>The Renaissance Club<\/strong> \u00e0 North Berwick.\u00a0<\/p>\n<p>Rappelons que ce sera pour Perez l\u2019ultime chance de se qualifier pour le 4e Majeur de la saison, <a href=\"https:\/\/www.golfplanete.com\/actualites\/the-open-six-francais-voire-plus-au-royal-portrush\/\" rel=\"nofollow noopener\" target=\"_blank\">The Open programm\u00e9 la semaine suivante au Royal Portrush.<\/a><\/p>\n<p>Pour les deux premiers tours, il jouera en compagnie de l\u2019Am\u00e9ricain <strong>Cameron<\/strong> <strong>Champ<\/strong> et de l\u2019Anglais <strong>Danny Willett,<\/strong>\u00a0vainqueur surprise du <strong>Masters 2016<\/strong>.<\/p>\n<p>\t\t\t\t\t<a id=\"178017\" href=\"https:\/\/www.formigolf.fr\/voyage-pays~jardin-de-tecina-4etoiles-la-gomera~75~canaries\" target=\"_blank\" rel=\"sponsorised nofollow noopener\"><img decoding=\"async\" src=\"data:image\/svg+xml,%3Csvg%20xmlns=\" http:=\"\" class=\"img-responsive\" alt=\"\" data-lazy-src=\"https:\/\/www.europesays.com\/fr\/wp-content\/uploads\/2025\/07\/formigolf-e07-canaries-gomera-1170x275-1.gif\"\/><\/a><\/p>\n<p>Le Tarbais b\u00e9n\u00e9ficiera d\u2019un peu plus de sommeil que la semaine pass\u00e9e puisque sa partie s\u2019\u00e9lancera \u00e0 <strong>15h02 heure de Paris.<\/strong><\/p>\n<p>\u00a0<\/p>\n<p>La premi\u00e8re de Carson Herron<\/p>\n<p>Parmi les joueurs \u00e0 suivre, citons <strong>Ben Griffin, Sungjae Im, Jason Day <\/strong>et<strong> Michael Kim<\/strong>, les quatre joueurs du top 30 de la <strong>FedEx Cup<\/strong>.<\/p>\n<p>On suivra aussi avec attention les premiers pas de <strong>Carson Herron (photo)<\/strong>, le fils de <a href=\"https:\/\/www.pgatour.com\/pgatour-champions\/player\/12782\/tim-herron\/career\" target=\"_blank\" rel=\"noopener nofollow\">Tim Herron<\/a>, quatre fois vainqueur sur le PGA Tour.<\/p>\n<p>L\u2019ancien \u00e9tudiant de l\u2019Universit\u00e9 du Nouveau-Mexique (comme Perez) a sign\u00e9 un bon 66 (-6) au Pinnacle Country Club et s\u2019est ensuite impos\u00e9 lors d\u2019un play-off \u00e0 trois.<\/p>\n<p>\t\t\t\t\t<a id=\"176120\" href=\"https:\/\/www.ticad.de\/en\/ticad-ten\/E610000\" target=\"_blank\" rel=\"sponsorised nofollow noopener\"><img fetchpriority=\"high\" decoding=\"async\" src=\"https:\/\/www.europesays.com\/fr\/wp-content\/uploads\/2025\/06\/ticad-e01-ticadten-1170x275-1.gif\" class=\"img-responsive\" alt=\"\"\/><\/a><\/p>\n<p>\u00a0<\/p>\n<p>\u00a9AFP\/GETTY<\/p>\n","protected":false},"excerpt":{"rendered":"Partager cet article Partager la publication \u00ab\u00a0Victor Perez avec un vainqueur du Masters dans l\u2019Illinois, et le fils&hellip;\n","protected":false},"author":2,"featured_media":220268,"comment_status":"","ping_status":"","sticky":false,"template":"","format":"standard","meta":{"footnotes":""},"categories":[1418],"tags":[1011,27,1472,60],"class_list":{"0":"post-220267","1":"post","2":"type-post","3":"status-publish","4":"format-standard","5":"has-post-thumbnail","7":"category-golf","8":"tag-fr","9":"tag-france","10":"tag-golf","11":"tag-sports"},"share_on_mastodon":{"url":"https:\/\/pubeurope.com\/@fr\/114782790343468403","error":""},"_links":{"self":[{"href":"https:\/\/www.europesays.com\/fr\/wp-json\/wp\/v2\/posts\/220267","targetHints":{"allow":["GET"]}}],"collection":[{"href":"https:\/\/www.europesays.com\/fr\/wp-json\/wp\/v2\/posts"}],"about":[{"href":"https:\/\/www.europesays.com\/fr\/wp-json\/wp\/v2\/types\/post"}],"author":[{"embeddable":true,"href":"https:\/\/www.europesays.com\/fr\/wp-json\/wp\/v2\/users\/2"}],"replies":[{"embeddable":true,"href":"https:\/\/www.europesays.com\/fr\/wp-json\/wp\/v2\/comments?post=220267"}],"version-history":[{"count":0,"href":"https:\/\/www.europesays.com\/fr\/wp-json\/wp\/v2\/posts\/220267\/revisions"}],"wp:featuredmedia":[{"embeddable":true,"href":"https:\/\/www.europesays.com\/fr\/wp-json\/wp\/v2\/media\/220268"}],"wp:attachment":[{"href":"https:\/\/www.europesays.com\/fr\/wp-json\/wp\/v2\/media?parent=220267"}],"wp:term":[{"taxonomy":"category","embeddable":true,"href":"https:\/\/www.europesays.com\/fr\/wp-json\/wp\/v2\/categories?post=220267"},{"taxonomy":"post_tag","embeddable":true,"href":"https:\/\/www.europesays.com\/fr\/wp-json\/wp\/v2\/tags?post=220267"}],"curies":[{"name":"wp","href":"https:\/\/api.w.org\/{rel}","templated":true}]}}