{"id":220269,"date":"2025-07-02T08:53:12","date_gmt":"2025-07-02T08:53:12","guid":{"rendered":"https:\/\/www.europesays.com\/fr\/220269\/"},"modified":"2025-07-02T08:53:12","modified_gmt":"2025-07-02T08:53:12","slug":"transferts-top-14-du-changement-dans-le-staff-de-la-rochelle-gurthro-steenkamp-quitte-le-club","status":"publish","type":"post","link":"https:\/\/www.europesays.com\/fr\/220269\/","title":{"rendered":"Transferts. Top 14 &#8211; Du changement dans le staff de La Rochelle : Gurthr\u00f6 Steenkamp quitte le club"},"content":{"rendered":"<p>\n                Le Stade rochelais a annonc\u00e9 ce mardi la fin de sa collaboration avec l&rsquo;entra\u00eeneur de la m\u00eal\u00e9e\u00a0Gurthr\u00f6 Steenkamp. L&rsquo;ancien pilier sera rest\u00e9 quatre saisons en tant qu&rsquo;entra\u00eeneur sur la c\u00f4te charentaise.\u00a0\n            <\/p>\n<p>Gurthr\u00f6 Steenkamp n&rsquo;est plus un entra\u00eeneur de La Rochelle. Le Sud-Africain, arriv\u00e9 en 2021 pour prendre en charge la m\u00eal\u00e9e des Maritimes, sera rest\u00e9 quatre ans sur le banc des Jaune et Noir et aura v\u00e9cu les grands moments du club. Pr\u00e9sent lors des deux sacres en Champions Cup, il a aussi connu une finale de Top 14, face \u00e0 Toulouse en 2023. L&rsquo;ancien joueur du Stade fran\u00e7ais et de Toulouse a \u00e9t\u00e9 un des artisans de la construction du tr\u00e8s gros pack rochelais, encore redout\u00e9 aujourd&rsquo;hui.\u00a0<\/p>\n<p>Un premier changement au sein du staff<\/p>\n<p>Ce d\u00e9part est le premier changement au sein d&rsquo;un staff rochelais qui a \u00e9t\u00e9 remis en question cette saison. Avec de nombreuses d\u00e9faites en 2025 et une non-qualification pour la phase finale de Top 14, le Stade rochelais a v\u00e9cu une ann\u00e9e sans. Les Maritimes comptent sur leurs nombreuses recrues qui arriveront cet \u00e9t\u00e9 pour redresser la barre.\u00a0<\/p>\n","protected":false},"excerpt":{"rendered":"Le Stade rochelais a annonc\u00e9 ce mardi la fin de sa collaboration avec l&rsquo;entra\u00eeneur de la m\u00eal\u00e9e\u00a0Gurthr\u00f6 Steenkamp.&hellip;\n","protected":false},"author":2,"featured_media":220270,"comment_status":"","ping_status":"","sticky":false,"template":"","format":"standard","meta":{"footnotes":""},"categories":[1416],"tags":[1011,27,479,1468,60],"class_list":{"0":"post-220269","1":"post","2":"type-post","3":"status-publish","4":"format-standard","5":"has-post-thumbnail","7":"category-rugby","8":"tag-fr","9":"tag-france","10":"tag-rugby","11":"tag-rugby-football","12":"tag-sports"},"share_on_mastodon":{"url":"https:\/\/pubeurope.com\/@fr\/114782798033679078","error":""},"_links":{"self":[{"href":"https:\/\/www.europesays.com\/fr\/wp-json\/wp\/v2\/posts\/220269","targetHints":{"allow":["GET"]}}],"collection":[{"href":"https:\/\/www.europesays.com\/fr\/wp-json\/wp\/v2\/posts"}],"about":[{"href":"https:\/\/www.europesays.com\/fr\/wp-json\/wp\/v2\/types\/post"}],"author":[{"embeddable":true,"href":"https:\/\/www.europesays.com\/fr\/wp-json\/wp\/v2\/users\/2"}],"replies":[{"embeddable":true,"href":"https:\/\/www.europesays.com\/fr\/wp-json\/wp\/v2\/comments?post=220269"}],"version-history":[{"count":0,"href":"https:\/\/www.europesays.com\/fr\/wp-json\/wp\/v2\/posts\/220269\/revisions"}],"wp:featuredmedia":[{"embeddable":true,"href":"https:\/\/www.europesays.com\/fr\/wp-json\/wp\/v2\/media\/220270"}],"wp:attachment":[{"href":"https:\/\/www.europesays.com\/fr\/wp-json\/wp\/v2\/media?parent=220269"}],"wp:term":[{"taxonomy":"category","embeddable":true,"href":"https:\/\/www.europesays.com\/fr\/wp-json\/wp\/v2\/categories?post=220269"},{"taxonomy":"post_tag","embeddable":true,"href":"https:\/\/www.europesays.com\/fr\/wp-json\/wp\/v2\/tags?post=220269"}],"curies":[{"name":"wp","href":"https:\/\/api.w.org\/{rel}","templated":true}]}}