{"id":22027,"date":"2025-04-13T11:22:13","date_gmt":"2025-04-13T11:22:13","guid":{"rendered":"https:\/\/www.europesays.com\/fr\/22027\/"},"modified":"2025-04-13T11:22:13","modified_gmt":"2025-04-13T11:22:13","slug":"jean-philippe-vetter-lr-emet-trois-reserves","status":"publish","type":"post","link":"https:\/\/www.europesays.com\/fr\/22027\/","title":{"rendered":"Jean-Philippe Vetter (LR) \u00e9met trois r\u00e9serves"},"content":{"rendered":"<p>Deux projets \u00e9taient en concurrence pour l\u2019Op\u00e9ra national du Rhin, indique le conseiller municipal d\u2019opposition <a href=\"https:\/\/www.dna.fr\/politique\/2025\/02\/28\/municipales-jean-philippe-vetter-(lr)-en-operation-seduction\" target=\"_blank\" rel=\"nofollow noopener\">Jean-Philippe Vetter (LR)<\/a> \u00a0: \u00ab\u00a0L\u2019un \u00e0 47\u00a0millions d\u2019euros, qui permettait d\u2019adapter le b\u00e2timent aux normes actuelles tout en pr\u00e9servant la splendeur et le d\u00e9cor de sa salle du XIXe \u00a0si\u00e8cle et sa jauge \u00e0 1\u00a0122 places\u00a0; l\u2019autre \u00e0 120\u00a0millions d\u2019euros, qui pr\u00e9voit une transformation compl\u00e8te de la salle pour imposer un geste architectural contemporain et la baisse de sa jauge \u00e0 940 places.\u00a0\u00bb<\/p>\n<p>\u00ab\u00a0On se doit de le pr\u00e9server, pas le d\u00e9truire\u00a0\u00bb<\/p>\n<p>\u00ab\u00a0C\u2019est <a href=\"https:\/\/www.dna.fr\/culture-loisirs\/2025\/04\/10\/120-millions-d-euros-pour-renover-le-batiment-de-l-opera-du-rhin\" target=\"_blank\" rel=\"nofollow noopener\">ce second projet, le plus co\u00fbteux, qui a \u00e9t\u00e9 retenu<\/a>. J\u2019\u00e9mets trois r\u00e9serves sur le plan patrimonial, d\u00e9mocratique et budg\u00e9taire qui sont autant de points de vigilance.\u00a0\u00bb Sur le plan patrimonial, l\u2019\u00e9lu LR ne peut se \u00ab\u00a0r\u00e9soudre \u00e0 voir dispara\u00eetre cette salle du XIXe \u00a0si\u00e8cle, un joyau qui fait partie du patrimoine et de l\u2019\u00e2me de Strasbourg. [\u2026] Quand on a la chance d\u2019avoir un \u00e9crin aussi exceptionnel, aussi charg\u00e9 d\u2019histoire et d\u2019\u00e9motion, on se doit de le pr\u00e9server et de le sublimer, pas de le d\u00e9truire. (\u2026) Cette volont\u00e9 de la municipalit\u00e9 actuelle de tourner la page du pass\u00e9 interroge.\u00a0\u00bb<\/p>\n<p>Sur l\u2019aspect d\u00e9mocratique, \u00ab\u00a0en r\u00e9duisant la jauge de 1\u00a0144 \u00e0 940 places, [\u2026] on prend le risque d\u2019augmenter les prix et de restreindre l\u2019acc\u00e8s \u00e0 la culture pour les publics les moins ais\u00e9s. Or, l\u2019Op\u00e9ra national du Rhin a vocation \u00e0 \u00eatre un lieu ouvert.\u00a0\u00bb<\/p>\n<p>Enfin, le choix du projet le plus cher est-il raisonnable \u00ab\u00a0dans un contexte o\u00f9 l\u2019argent public se fait rare, o\u00f9 la dette de la ville explose, o\u00f9 tant d\u2019associations, de clubs sportifs et d\u2019\u00e9quipements municipaux sont v\u00e9tustes\u00a0\u00bb\u00a0?<\/p>\n","protected":false},"excerpt":{"rendered":"Deux projets \u00e9taient en concurrence pour l\u2019Op\u00e9ra national du Rhin, indique le conseiller municipal d\u2019opposition Jean-Philippe Vetter (LR)&hellip;\n","protected":false},"author":2,"featured_media":22028,"comment_status":"","ping_status":"","sticky":false,"template":"","format":"standard","meta":{"footnotes":""},"categories":[2820],"tags":[1111,11,4749,4406,1984,33,2880,1777,674,107,1011,27,775,12,316,25,640,2879],"class_list":{"0":"post-22027","1":"post","2":"type-post","3":"status-publish","4":"format-standard","5":"has-post-thumbnail","7":"category-strasbourg","8":"tag-actu","9":"tag-actualites","10":"tag-btp-et-chantiers","11":"tag-commerce-et-services","12":"tag-conseil-municipal","13":"tag-economie","14":"tag-edition-strasbourg","15":"tag-eu","16":"tag-europe","17":"tag-fil-info","18":"tag-fr","19":"tag-france","20":"tag-grand-est","21":"tag-news","22":"tag-politique","23":"tag-republique-francaise","24":"tag-strasbourg","25":"tag-strasbourg-ville"},"share_on_mastodon":{"url":"https:\/\/pubeurope.com\/@fr\/114330399182700167","error":""},"_links":{"self":[{"href":"https:\/\/www.europesays.com\/fr\/wp-json\/wp\/v2\/posts\/22027","targetHints":{"allow":["GET"]}}],"collection":[{"href":"https:\/\/www.europesays.com\/fr\/wp-json\/wp\/v2\/posts"}],"about":[{"href":"https:\/\/www.europesays.com\/fr\/wp-json\/wp\/v2\/types\/post"}],"author":[{"embeddable":true,"href":"https:\/\/www.europesays.com\/fr\/wp-json\/wp\/v2\/users\/2"}],"replies":[{"embeddable":true,"href":"https:\/\/www.europesays.com\/fr\/wp-json\/wp\/v2\/comments?post=22027"}],"version-history":[{"count":0,"href":"https:\/\/www.europesays.com\/fr\/wp-json\/wp\/v2\/posts\/22027\/revisions"}],"wp:featuredmedia":[{"embeddable":true,"href":"https:\/\/www.europesays.com\/fr\/wp-json\/wp\/v2\/media\/22028"}],"wp:attachment":[{"href":"https:\/\/www.europesays.com\/fr\/wp-json\/wp\/v2\/media?parent=22027"}],"wp:term":[{"taxonomy":"category","embeddable":true,"href":"https:\/\/www.europesays.com\/fr\/wp-json\/wp\/v2\/categories?post=22027"},{"taxonomy":"post_tag","embeddable":true,"href":"https:\/\/www.europesays.com\/fr\/wp-json\/wp\/v2\/tags?post=22027"}],"curies":[{"name":"wp","href":"https:\/\/api.w.org\/{rel}","templated":true}]}}