{"id":220273,"date":"2025-07-02T08:56:13","date_gmt":"2025-07-02T08:56:13","guid":{"rendered":"https:\/\/www.europesays.com\/fr\/220273\/"},"modified":"2025-07-02T08:56:13","modified_gmt":"2025-07-02T08:56:13","slug":"espargaro-a-offert-son-premier-point-a-chantra-et-lui-a-servi-de-professeur","status":"publish","type":"post","link":"https:\/\/www.europesays.com\/fr\/220273\/","title":{"rendered":"Espargar\u00f3 a offert son premier point \u00e0 Chantra et lui a servi de professeur"},"content":{"rendered":"<p><a href=\"https:\/\/fr.motorsport.com\/driver\/somkiat-chantra\/823104\/\" target=\"_blank\" rel=\"noopener\">Somkiat Chantra<\/a> a enfin inscrit son premier point, \u00e0 Assen, pour son dixi\u00e8me Grand Prix en MotoGP. Le pilote LCR vit des d\u00e9buts difficiles dans la cat\u00e9gorie\u00a0: il ne s&rsquo;est qualifi\u00e9 qu&rsquo;une seule fois parmi les 20 premiers, n&rsquo;a jamais fait mieux que 17e lors des sprints et avant dimanche, son meilleur r\u00e9sultat en course principale \u00e9tait une 16e place, d\u00e9croch\u00e9e \u00e0 Austin puis en Arag\u00f3n.<\/p>\n<p>Aux Pays-Bas, Chantra a profit\u00e9 de plusieurs abandons et il filait vers une nouvelle 16e place, mais <a href=\"https:\/\/fr.motorsport.com\/driver\/aleix-espargaro\/90382\/\" target=\"_blank\" rel=\"noopener\">Aleix Espargar\u00f3<\/a>, qui rempla\u00e7ait <a href=\"https:\/\/fr.motorsport.com\/driver\/luca-marini\/201098\/\" target=\"_blank\" rel=\"noopener\">Luca Marini<\/a>, l&rsquo;a volontairement laiss\u00e9 passer dans le dernier tour, pour lui offrir son premier point en MotoGP. \u00ab\u00a0Au moins il y a eu quelque chose de positif\u00a0\u00bb, a soulign\u00e9 Espargar\u00f3 apr\u00e8s un Grand Prix difficile\u00a0: \u00ab\u00a0J&rsquo;ai eu une course cauchemardesque, avec beaucoup de vibrations.\u00a0\u00bb<\/p>\n<p>\u00ab\u00a0Dans le dernier tour, j&rsquo;ai laiss\u00e9 Somkiat passer. Dans le dernier secteur, il \u00e9tait un peu nerveux, il est sorti large au virage 12, mais j&rsquo;ai vu qu&rsquo;il \u00e9tait 15e, donc je suis content qu&rsquo;il ait pris un point. Somkiat vit une p\u00e9riode difficile en MotoGP.\u00a0\u00bb<\/p>\n<p>\u00ab\u00a0Le MotoGP est tr\u00e8s dur, il n&rsquo;est pas sur une moto facile pour entamer sa carri\u00e8re, donc j&rsquo;esp\u00e8re juste qu&rsquo;il pourra progresser. Pour les jeunes pilotes venant du Moto2, la premi\u00e8re saison est tr\u00e8s difficile. J&rsquo;esp\u00e8re que Somkiat pourra commencer \u00e0 progresser en MotoGP.\u00a0\u00bb<\/p>\n<p>Espargar\u00f3 et Nakagami ont jou\u00e9 les professeurs<\/p>\n<p>Chantra a pass\u00e9 une grande partie de la course derri\u00e8re Espargar\u00f3. Alors qu&rsquo;il est souvent trop loin de ses rivaux pour pouvoir s&rsquo;inspirer d&rsquo;eux, il a cette fois pu \u00e9tudier la technique du pilote le plus exp\u00e9riment\u00e9 au d\u00e9part dimanche, ce qu&rsquo;il a \u00e9t\u00e9 riche d&rsquo;enseignements.<\/p>\n<p>\u00ab\u00a0La course a \u00e9t\u00e9 tr\u00e8s sympa parce que j&rsquo;ai pass\u00e9 beaucoup de tours derri\u00e8re Aleix et que j&rsquo;ai vu beaucoup de choses, dans son pilotage d&rsquo;une MotoGP\u00a0\u00bb, a expliqu\u00e9 Chantra. \u00ab\u00a0C&rsquo;est aussi une Honda. J&rsquo;ai pu voir sa fa\u00e7on de piloter pendant une MotoGP parce que pendant les essais et les qualifications, pour moi c&rsquo;est assez difficile de suivre sur un tour, mais j&rsquo;ai pu suivre Aleix pendant cinq ou six tours. J&rsquo;ai pas mal appris.\u00a0\u00bb<\/p>\n<p>   <img decoding=\"async\" draggable=\"false\" src=\"https:\/\/www.europesays.com\/fr\/wp-content\/uploads\/2025\/07\/somkiat-chantra-team-lcr-honda.jpg\" alt=\"Somkiat Chantra, Team LCR Honda\" width=\"1200\" height=\"800\" loading=\"lazy\"\/> <\/p>\n<p class=\"title\">Somkiat Chantra<\/p>\n<p class=\"photographer\">Photo de: Gold and Goose Photography \/ LAT Images \/ via Getty Images<\/p>\n<p>\u00ab\u00a0Je tiens \u00e0 remercier Aleix parce que sans pouvoir suivre, pour moi c&rsquo;est difficile de comprendre le MotoGP. Ma fa\u00e7on de freiner est assez diff\u00e9rente. En le suivant, j&rsquo;ai vu pourquoi il \u00e9tait aussi rapide, j&rsquo;ai essay\u00e9 de changer ma fa\u00e7on de freiner. J&rsquo;ai beaucoup progress\u00e9. Merci beaucoup Aleix.\u00a0\u00bb<\/p>\n<p>Chantra pouvait \u00e9galement compter sur un autre pilote d&rsquo;essais de Honda, <a href=\"https:\/\/fr.motorsport.com\/driver\/takaaki-nakagami\/109418\/\" target=\"_blank\" rel=\"noopener\">Takaaki Nakagami<\/a>, \u00e0 qui il a succ\u00e9d\u00e9 chez LCR cette ann\u00e9e. Le Japonais \u00e9tait pr\u00e9sent \u00e0 Assen sp\u00e9cifiquement pour l&rsquo;assister\u00a0: \u00ab\u00a0Cette fois, Taka est venu pour m&rsquo;aider, pour me voir en piste. Il m&rsquo;a aid\u00e9 \u00e0 \u00e9tudier les donn\u00e9es aussi. Il m&rsquo;a expliqu\u00e9 comment piloter et les diff\u00e9rences dans les donn\u00e9es, les virages o\u00f9 il faut prendre le plus d&rsquo;angle&#8230; C&rsquo;\u00e9tait sympa aussi.\u00a0\u00bb<\/p>\n<p>Chantra a-t-il les comp\u00e9tences\u00a0?<\/p>\n<p>Somkiat Chantra est souvent nettement distanc\u00e9 par le reste du plateau et, sur les dix premiers Grands Prix de l&rsquo;ann\u00e9e, il n&rsquo;a pass\u00e9 que trois tours dans le top 15 en course principale, dont la derni\u00e8re boucle \u00e0 Assen, et tous \u00e0 la 15e position. Alors que les deux autres rookies, <a href=\"https:\/\/fr.motorsport.com\/driver\/fermin-aldeguer\/945314\/\" target=\"_blank\" rel=\"noopener\">Ferm\u00edn Aldeguer<\/a> et <a href=\"https:\/\/fr.motorsport.com\/driver\/ai-ogura\/471489\/\" target=\"_blank\" rel=\"noopener\">Ai Ogura<\/a>, ont vite fait forte impression, la question se pose\u00a0: Somkiat Chantra est-il au niveau\u00a0?<\/p>\n<p>\u00ab\u00a0Oui\u00a0\u00bb, a r\u00e9pondu sans h\u00e9siter Espargar\u00f3, en rappelant que le Tha\u00eflandais a gagn\u00e9 deux courses en Moto2 et a rejoint le MotoGP dans un contexte difficile\u00a0: \u00ab\u00a0Je pense que Somkiat l&rsquo;a prouv\u00e9 en Moto2, en remportant des courses, en se battant pour des podiums. Quand est-ce suffisant ? Il y a un an, tout le monde parlait de mettre Sergio Garc\u00eda sur une MotoGP, maintenant il n&rsquo;est plus dans le championnat du monde [apr\u00e8s avoir quitt\u00e9 MSi en Moto2]. C&rsquo;est difficile de juger quand c&rsquo;est suffisant ou pas.\u00a0\u00bb<\/p>\n<p>   <img decoding=\"async\" draggable=\"false\" src=\"https:\/\/www.europesays.com\/fr\/wp-content\/uploads\/2025\/07\/aleix-espargaro-honda-hrc.jpg\" alt=\"Aleix Espargaro, Honda HRC\" width=\"1200\" height=\"800\" loading=\"lazy\"\/> <\/p>\n<p class=\"title\">Aleix Espargar\u00f3<\/p>\n<p class=\"photographer\">Photo de: Gold and Goose Photography \/ LAT Images \/ via Getty Images<\/p>\n<p>\u00ab\u00a0Il y a des pilotes qui ont de bons r\u00e9sultats en MotoGP et \u00e0 qui il a fallu beaucoup de temps pour \u00eatre devant. C&rsquo;est vraiment difficile. Il y a des moments dans ma carri\u00e8re o\u00f9 j&rsquo;ai \u00e9t\u00e9 tr\u00e8s lent, donc pas suffisamment bon, avant d&rsquo;arriver en MotoGP, puis j&rsquo;ai gagn\u00e9 des courses et je me suis battu pour un titre. C&rsquo;est vraiment difficile \u00e0 juger.\u00a0\u00bb<\/p>\n<p>\u00ab\u00a0Je pense que Somkiat est dans une situation difficile, il n&rsquo;est pas dans une \u00e9quipe d&rsquo;usine avec Honda, il est encore jeune, il n&rsquo;a pas beaucoup d&rsquo;exp\u00e9rience, donc ce n&rsquo;est pas facile pour lui.\u00a0\u00bb<\/p>\n<p>Lire aussi :<\/p>\n<p>Dans cet article<\/p>\n<p>    Vincent Lalanne-Sicaud\n<\/p>\n<p>    MotoGP\n<\/p>\n<p>    Aleix Espargar\u00f3\n<\/p>\n<p>    Takaaki Nakagami\n<\/p>\n<p>    Somkiat Chantra\n<\/p>\n<p>    Team LCR\n<\/p>\n<p>Soyez le premier inform\u00e9 et souscrivez aux alertes mails pour recevoir les infos en temps r\u00e9el<\/p>\n<p>    S&rsquo;abonner aux alertes de news<\/p>\n","protected":false},"excerpt":{"rendered":"Somkiat Chantra a enfin inscrit son premier point, \u00e0 Assen, pour son dixi\u00e8me Grand Prix en MotoGP. Le&hellip;\n","protected":false},"author":2,"featured_media":220274,"comment_status":"","ping_status":"","sticky":false,"template":"","format":"standard","meta":{"footnotes":""},"categories":[1413],"tags":[16819,33819,1011,27,33818,1457,1456,1458,16689,60,15544,3771],"class_list":{"0":"post-220273","1":"post","2":"type-post","3":"status-publish","4":"format-standard","5":"has-post-thumbnail","7":"category-moto","8":"tag-aleix-espargaru00f3","9":"tag-assen","10":"tag-fr","11":"tag-france","12":"tag-gp-des-pays-bas","13":"tag-moto","14":"tag-motocycle","15":"tag-motogp","16":"tag-somkiat-chantra","17":"tag-sports","18":"tag-takaaki-nakagami","19":"tag-team-lcr"},"share_on_mastodon":{"url":"https:\/\/pubeurope.com\/@fr\/114782809881845271","error":""},"_links":{"self":[{"href":"https:\/\/www.europesays.com\/fr\/wp-json\/wp\/v2\/posts\/220273","targetHints":{"allow":["GET"]}}],"collection":[{"href":"https:\/\/www.europesays.com\/fr\/wp-json\/wp\/v2\/posts"}],"about":[{"href":"https:\/\/www.europesays.com\/fr\/wp-json\/wp\/v2\/types\/post"}],"author":[{"embeddable":true,"href":"https:\/\/www.europesays.com\/fr\/wp-json\/wp\/v2\/users\/2"}],"replies":[{"embeddable":true,"href":"https:\/\/www.europesays.com\/fr\/wp-json\/wp\/v2\/comments?post=220273"}],"version-history":[{"count":0,"href":"https:\/\/www.europesays.com\/fr\/wp-json\/wp\/v2\/posts\/220273\/revisions"}],"wp:featuredmedia":[{"embeddable":true,"href":"https:\/\/www.europesays.com\/fr\/wp-json\/wp\/v2\/media\/220274"}],"wp:attachment":[{"href":"https:\/\/www.europesays.com\/fr\/wp-json\/wp\/v2\/media?parent=220273"}],"wp:term":[{"taxonomy":"category","embeddable":true,"href":"https:\/\/www.europesays.com\/fr\/wp-json\/wp\/v2\/categories?post=220273"},{"taxonomy":"post_tag","embeddable":true,"href":"https:\/\/www.europesays.com\/fr\/wp-json\/wp\/v2\/tags?post=220273"}],"curies":[{"name":"wp","href":"https:\/\/api.w.org\/{rel}","templated":true}]}}