{"id":220275,"date":"2025-07-02T08:57:10","date_gmt":"2025-07-02T08:57:10","guid":{"rendered":"https:\/\/www.europesays.com\/fr\/220275\/"},"modified":"2025-07-02T08:57:10","modified_gmt":"2025-07-02T08:57:10","slug":"ogier-ajoute-un-rallye-qui-pourrait-le-maintenir-dans-la-course-au-titre","status":"publish","type":"post","link":"https:\/\/www.europesays.com\/fr\/220275\/","title":{"rendered":"Ogier ajoute un rallye qui pourrait le maintenir dans la course au titre"},"content":{"rendered":"<p>Malgr\u00e9 un programme partiel et tr\u00e8s \u00e0 la carte et, <a href=\"https:\/\/fr.motorsport.com\/wrc\/news\/malgre-victoire-sardaigne-ogier-pas-allonger-saison\/10730915\/\" target=\"_self\" rel=\"noopener\">publiquement au moins<\/a>, aucune intention affich\u00e9e de jouer le titre mondial, <a href=\"https:\/\/fr.motorsport.com\/driver\/sebastien-ogier\/87219\/\" target=\"_blank\" rel=\"noopener\">S\u00e9bastien Ogier<\/a> va continuer, peut-\u00eatre malgr\u00e9 lui, d&rsquo;entretenir le doute. Apr\u00e8s avoir encha\u00een\u00e9 quatre \u00e9preuves cons\u00e9cutives (avec deux victoires et deux deuxi\u00e8mes places \u00e0 la cl\u00e9), le Fran\u00e7ais sera bel et bien absent du prochain rendez-vous, <a href=\"https:\/\/fr.motorsport.com\/wrc\/schedule\/2025\/\" target=\"_self\" rel=\"noopener\">mi-juillet en Estonie<\/a>, mais il fera son retour d\u00e8s le d\u00e9but du mois d&rsquo;ao\u00fbt au Rallye de Finlande.<\/p>\n<p>\u00ab\u00a0Mon \u00e9t\u00e9 ne sera pas aussi libre qu&rsquo;initialement pr\u00e9vu, puisqu&rsquo;on va ajouter le Rallye de Finlande \u00e0 mon programme de cette ann\u00e9e\u00a0\u00bb, a-t-il annonc\u00e9 ce mercredi. \u00ab\u00a0\u00c7a faisait un petit bout de temps que je discutais avec l&rsquo;\u00e9quipe, en leur disant que \u00e7a me ferait plaisir de retourner faire le Rallye de Finlande, au vu de comment il s&rsquo;est pass\u00e9 l&rsquo;ann\u00e9e derni\u00e8re, avec une deuxi\u00e8me victoire pour moi sur ce rallye mythique. Je serai donc au d\u00e9part dans un peu plus de quatre semaines sur un des plus beaux rallyes de la saison.\u00a0\u00bb<\/p>\n<p>Avec son copilote <a href=\"https:\/\/fr.motorsport.com\/driver\/vincent-landais\/407634\/\" target=\"_blank\" rel=\"noopener\">Vincent Landais<\/a> \u00e0 ses c\u00f4t\u00e9s, S\u00e9bastien Ogier avait en effet remport\u00e9 l&rsquo;\u00e9preuve finlandaise en 2024. Et sa pr\u00e9sence cette saison sur les tr\u00e8s rapides routes nordiques pourrait lui permettre de se maintenir dans la course au titre m\u00eame si ce n&rsquo;est pas un objectif.\u00a0<\/p>\n<p>Revenu \u00e0 neuf points d&rsquo;<a href=\"https:\/\/fr.motorsport.com\/driver\/elfyn-evans\/93531\/\" target=\"_blank\" rel=\"noopener\">Elfyn Evans<\/a> apr\u00e8s sa deuxi\u00e8me place derri\u00e8re <a href=\"https:\/\/fr.motorsport.com\/driver\/ott-tanak\/91992\/\" target=\"_blank\" rel=\"noopener\">Ott T\u00e4nak<\/a> au Rallye de l&rsquo;Acropole le week-end dernier, le pilote Toyota devrait rester dans le coup math\u00e9matiquement, tout en \u00e9tant d\u00e9j\u00e0 assur\u00e9 de ne pas avoir \u00e0 ouvrir la route en Finlande le vendredi, puisque ce cadeau empoisonn\u00e9 est r\u00e9serv\u00e9 au <a href=\"https:\/\/fr.motorsport.com\/wrc\/standings\/2025\/\" target=\"_self\" rel=\"noopener\">leader du championnat<\/a>.\u00a0<\/p>\n<p>Le Rallye de Finlande constituera la sixi\u00e8me apparition du pilote tricolore cette saison, et l&rsquo;on ignore encore \u00e0 quoi ressemblera son programme apr\u00e8s l&rsquo;\u00e9t\u00e9. Il a toutefois d\u00e9j\u00e0 laiss\u00e9 entendre son envie de participer au Rallye du Chili au mois de septembre. Ce serait alors une septi\u00e8me apparition, sachant qu&rsquo;il avait d\u00e9j\u00e0 indiqu\u00e9 ne pas vouloir \u00eatre aussi pr\u00e9sent que l&rsquo;an pass\u00e9, quand il avait finalement pris part \u00e0 dix des 13 rallyes de la saison.<\/p>\n<p>Lire aussi :<\/p>\n<p>Dans cet article<\/p>\n<p>    Basile Davoine\n<\/p>\n<p>    WRC\n<\/p>\n<p>    S\u00e9bastien Ogier\n<\/p>\n<p>    Vincent Landais\n<\/p>\n<p>    Toyota Racing\n<\/p>\n<p>Soyez le premier inform\u00e9 et souscrivez aux alertes mails pour recevoir les infos en temps r\u00e9el<\/p>\n<p>    S&rsquo;abonner aux alertes de news<\/p>\n","protected":false},"excerpt":{"rendered":"Malgr\u00e9 un programme partiel et tr\u00e8s \u00e0 la carte et, publiquement au moins, aucune intention affich\u00e9e de jouer&hellip;\n","protected":false},"author":2,"featured_media":220276,"comment_status":"","ping_status":"","sticky":false,"template":"","format":"standard","meta":{"footnotes":""},"categories":[1412],"tags":[1451,219,1452,1453,1454,1455,1011,27,35925,60,35923,21879,35924,16405],"class_list":{"0":"post-220275","1":"post","2":"type-post","3":"status-publish","4":"format-standard","5":"has-post-thumbnail","7":"category-f1","8":"tag-f1","9":"tag-finlande","10":"tag-formula-1","11":"tag-formula1","12":"tag-formule-1","13":"tag-formule1","14":"tag-fr","15":"tag-france","16":"tag-rallye-de-finlande","17":"tag-sports","18":"tag-su00e9bastien-ogier","19":"tag-toyota-racing","20":"tag-vincent-landais","21":"tag-wrc"},"share_on_mastodon":{"url":"https:\/\/pubeurope.com\/@fr\/114782813751862872","error":""},"_links":{"self":[{"href":"https:\/\/www.europesays.com\/fr\/wp-json\/wp\/v2\/posts\/220275","targetHints":{"allow":["GET"]}}],"collection":[{"href":"https:\/\/www.europesays.com\/fr\/wp-json\/wp\/v2\/posts"}],"about":[{"href":"https:\/\/www.europesays.com\/fr\/wp-json\/wp\/v2\/types\/post"}],"author":[{"embeddable":true,"href":"https:\/\/www.europesays.com\/fr\/wp-json\/wp\/v2\/users\/2"}],"replies":[{"embeddable":true,"href":"https:\/\/www.europesays.com\/fr\/wp-json\/wp\/v2\/comments?post=220275"}],"version-history":[{"count":0,"href":"https:\/\/www.europesays.com\/fr\/wp-json\/wp\/v2\/posts\/220275\/revisions"}],"wp:featuredmedia":[{"embeddable":true,"href":"https:\/\/www.europesays.com\/fr\/wp-json\/wp\/v2\/media\/220276"}],"wp:attachment":[{"href":"https:\/\/www.europesays.com\/fr\/wp-json\/wp\/v2\/media?parent=220275"}],"wp:term":[{"taxonomy":"category","embeddable":true,"href":"https:\/\/www.europesays.com\/fr\/wp-json\/wp\/v2\/categories?post=220275"},{"taxonomy":"post_tag","embeddable":true,"href":"https:\/\/www.europesays.com\/fr\/wp-json\/wp\/v2\/tags?post=220275"}],"curies":[{"name":"wp","href":"https:\/\/api.w.org\/{rel}","templated":true}]}}