{"id":220281,"date":"2025-07-02T09:00:10","date_gmt":"2025-07-02T09:00:10","guid":{"rendered":"https:\/\/www.europesays.com\/fr\/220281\/"},"modified":"2025-07-02T09:00:10","modified_gmt":"2025-07-02T09:00:10","slug":"christophe-dechavanne-ecarte-de-quelle-epoque-annonce-sa-reconversion-au-cote-de-sa-fille-ninon-ils-se-lancent-dans-le-tufting","status":"publish","type":"post","link":"https:\/\/www.europesays.com\/fr\/220281\/","title":{"rendered":"Christophe Dechavanne \u00e9cart\u00e9 de \u00ab\u00a0Quelle \u00e9poque\u00a0\u00bb annonce sa reconversion au c\u00f4t\u00e9 de sa fille, Ninon : ils se lancent dans le tufting"},"content":{"rendered":"<p>S\u2019il n\u2019appara\u00eet plus \u00e0 la t\u00e9l\u00e9vision, <a href=\"https:\/\/www.public.fr\/tag\/christophe-dechavanne\" target=\"_blank\" rel=\"noopener\">Christophe Dechavanne<\/a> travaille pourtant toujours dans l\u2019ombre. N\u00e9anmoins, cela ne concerne pas uniquement le petit \u00e9cran. La preuve, avec <strong>le nouveau projet annonc\u00e9 par sa fille<\/strong>, dans lequel le c\u00e9l\u00e8bre pr\u00e9sentateur a visiblement beaucoup oeuvr\u00e9.\u00a0<\/p>\n<p>Ce mardi 1er juillet 2025, sa fille Ninon a en effet pris la parole sur Instagram pour annoncer<strong> l\u2019ouverture prochaine d\u2019une nouvelle activit\u00e9<\/strong> en collaboration avec son p\u00e8re, disparu des \u00e9crans depuis maintenant 4 mois.<\/p>\n<p>Christophe Dechavanne a quitt\u00e9 \u00ab\u00a0Quelle \u00c9poque\u00a0\u00bb<\/p>\n<p>En effet, la derni\u00e8re apparition t\u00e9l\u00e9vis\u00e9e de <a href=\"https:\/\/vsd.fr\/tag\/christophe-dechavanne\/\" target=\"_blank\" rel=\"noopener\">Christophe Dechavanne<\/a> date d\u2019il y a quatre mois dans <strong>\u00ab\u00a0Quelle \u00c9poque\u00a0\u00bb<\/strong>. \u00c0 cette p\u00e9riode, le c\u00e9l\u00e8bre animateur annon\u00e7ait son d\u00e9part de l\u2019\u00e9mission pr\u00e9sent\u00e9e par <a href=\"https:\/\/www.public.fr\/tag\/lea-salame\" target=\"_blank\" rel=\"noopener\">L\u00e9a Salam\u00e9<\/a>, en partie \u00e0 cause de la proc\u00e9dure judiciaire en cours dont il fait l\u2019objet.\u00a0<\/p>\n<p>Il a donc souhait\u00e9 <a href=\"https:\/\/www.public.fr\/christophe-dechavanne-des-adieux-et-des-larmes-dans-quelle-epoque\" target=\"_blank\" rel=\"noopener\">prendre la parole <\/a>pour s\u2019expliquer sur son choix de quitter l\u2019\u00e9mission hebdomadaire de France 2. Il a pris quelques minutes pour s&rsquo;adresser directement au public. En quelques phrases, Christophe Dechavanne est revenu sur\u00a0l&rsquo;affaire judiciaire qui lui a valu une pluie de critiques.<\/p>\n<p>Jug\u00e9 pour\u00a0<strong>exc\u00e8s de vitesse et conduite sous stup\u00e9fiants<\/strong>, Christophe Dechavanne a fait part de son incompr\u00e9hension face au traitement qu&rsquo;il subit : \u00ab\u00a0Depuis je suis trait\u00e9 comme si j&rsquo;\u00e9tais un criminel\u00a0\u00bb.\u00a0 Avant de conclure : \u00ab\u00a0Ce que je vis \u00e0 travers les r\u00e9seaux sociaux ou dans certains m\u00e9dias, c&rsquo;est d&rsquo;une extr\u00eame violence pour moi, ma famille\u00a0\u00bb.<\/p>\n<p>Le nouveau projet avec sa fille<\/p>\n<p>Depuis, l\u2019animateur s\u2019occupe et prend du temps pour lui. Cela lui permettant d\u2019aider sa fille dans ses projets. La preuve, avec l\u2019annonce faite par la jeune femme sur Instagram ce mardi 1er juillet 2025.\u00a0<\/p>\n<p>En effet, Ninon a annonc\u00e9 l\u2019ouverture prochaine d\u2019une nouvelle activit\u00e9 dans le XVIe arrondissement de Paris. \u00ab\u00a0Big news, baby : <strong>le Tufting Studio va enfin ouvrir ses portes<\/strong> ! Un lieu o\u00f9 la laine vole, les couleurs explosent et les id\u00e9es prennent vie\u00a0\u00bb, a-t-elle d\u2019abord \u00e9crit en l\u00e9gende de sa publication dans laquelle elle appara\u00eet, dans un premier temps, devant la devanture de son commerce.<\/p>\n<p>Avant de poursuivre : \u00ab\u00a0Je suis si fi\u00e8re de vous pr\u00e9senter notre cocon de cr\u00e9ation, o\u00f9 vous pourrez venir vous \u00e9clater ! Mon r\u00eave devenu r\u00e9alit\u00e9. H\u00e2te de vous y recevoir, de tufter, rigoler, cr\u00e9er et partager tout \u00e7a avec vous\u00a0\u00bb. Dans le carrousel accompagnant le post, Christophe Dechavanne appara\u00eet \u00e0 plusieurs reprises. N\u00e9anmoins, le r\u00f4le qu\u2019il va tenir n\u2019a pas \u00e9t\u00e9 pr\u00e9cis\u00e9 par sa fille.\u00a0<\/p>\n<p>      Mentionn\u00e9s dans cet article<\/p>\n<p>\u00c0 lire aussi<\/p>\n","protected":false},"excerpt":{"rendered":"S\u2019il n\u2019appara\u00eet plus \u00e0 la t\u00e9l\u00e9vision, Christophe Dechavanne travaille pourtant toujours dans l\u2019ombre. N\u00e9anmoins, cela ne concerne pas&hellip;\n","protected":false},"author":2,"featured_media":220282,"comment_status":"","ping_status":"","sticky":false,"template":"","format":"standard","meta":{"footnotes":""},"categories":[1359],"tags":[19005,58,59,1011,27,3806,973,4495],"class_list":{"0":"post-220281","1":"post","2":"type-post","3":"status-publish","4":"format-standard","5":"has-post-thumbnail","7":"category-people","8":"tag-christophe-dechavanne","9":"tag-divertissement","10":"tag-entertainment","11":"tag-fr","12":"tag-france","13":"tag-lea-salame","14":"tag-people","15":"tag-quelle-epoque"},"share_on_mastodon":{"url":"https:\/\/pubeurope.com\/@fr\/114782825625001651","error":""},"_links":{"self":[{"href":"https:\/\/www.europesays.com\/fr\/wp-json\/wp\/v2\/posts\/220281","targetHints":{"allow":["GET"]}}],"collection":[{"href":"https:\/\/www.europesays.com\/fr\/wp-json\/wp\/v2\/posts"}],"about":[{"href":"https:\/\/www.europesays.com\/fr\/wp-json\/wp\/v2\/types\/post"}],"author":[{"embeddable":true,"href":"https:\/\/www.europesays.com\/fr\/wp-json\/wp\/v2\/users\/2"}],"replies":[{"embeddable":true,"href":"https:\/\/www.europesays.com\/fr\/wp-json\/wp\/v2\/comments?post=220281"}],"version-history":[{"count":0,"href":"https:\/\/www.europesays.com\/fr\/wp-json\/wp\/v2\/posts\/220281\/revisions"}],"wp:featuredmedia":[{"embeddable":true,"href":"https:\/\/www.europesays.com\/fr\/wp-json\/wp\/v2\/media\/220282"}],"wp:attachment":[{"href":"https:\/\/www.europesays.com\/fr\/wp-json\/wp\/v2\/media?parent=220281"}],"wp:term":[{"taxonomy":"category","embeddable":true,"href":"https:\/\/www.europesays.com\/fr\/wp-json\/wp\/v2\/categories?post=220281"},{"taxonomy":"post_tag","embeddable":true,"href":"https:\/\/www.europesays.com\/fr\/wp-json\/wp\/v2\/tags?post=220281"}],"curies":[{"name":"wp","href":"https:\/\/api.w.org\/{rel}","templated":true}]}}