{"id":220287,"date":"2025-07-02T09:03:15","date_gmt":"2025-07-02T09:03:15","guid":{"rendered":"https:\/\/www.europesays.com\/fr\/220287\/"},"modified":"2025-07-02T09:03:15","modified_gmt":"2025-07-02T09:03:15","slug":"telematin-depart-surprise-de-flavie-flament-et-julien-arnaud","status":"publish","type":"post","link":"https:\/\/www.europesays.com\/fr\/220287\/","title":{"rendered":"\u00ab\u00a0T\u00e9l\u00e9matin\u00a0\u00bb\u00a0: d\u00e9part surprise de Flavie Flament et Julien Arnaud"},"content":{"rendered":"<p class=\"paragraph text_align_left lp-f-body-02\">Un rendez-vous que Flavie Flament aurait sans doute pr\u00e9f\u00e9r\u00e9 ne pas accepter. Ce mardi midi, l\u2019animatrice a \u00e9t\u00e9 convi\u00e9e \u00e0 d\u00e9jeuner par son patron Alexandre Kara, le directeur de l\u2019information de <a href=\"https:\/\/www.leparisien.fr\/culture-loisirs\/tv\/anne-holmes-patronne-de-la-fiction-de-france-televisions-notre-plate-forme-doit-etre-la-premiere-chaine-30-06-2025-WTITN4Q24JG2HGSWR43PUTSIEE.php\" target=\"_blank\" rel=\"noreferrer nofollow noopener\">France T\u00e9l\u00e9visions<\/a>. Au menu, un ingr\u00e9dient aussi amer qu\u2019inattendu : sa mise \u00e0 l\u2019\u00e9cart de <a href=\"https:\/\/www.leparisien.fr\/culture-loisirs\/tv\/nouveau-telematin-sur-france-2-avec-flavie-flament-et-julien-arnaud-quel-bilan-apres-une-semaine-23-09-2024-WQ3XLY6HPFET5L35TSNPFHFTRE.php\" target=\"_blank\" rel=\"noreferrer nofollow noopener\">\u00ab T\u00e9l\u00e9matin \u00bb apr\u00e8s une saison seulement<\/a>.<\/p>\n<p class=\"paragraph text_align_left lp-f-body-02\">\u00ab Elle ne s\u2019y attendait pas du tout, elle pensait qu\u2019il lui annoncerait le d\u00e9part de son comp\u00e8re Julien Arnaud \u00bb, souffle une vieille connaissance de l\u2019ancienne animatrice vedette de TF 1, cens\u00e9e tenir les manettes de \u00ab T\u00e9l\u00e9matin \u00bb jusqu\u2019\u00e0 l\u2019\u00e9mission sp\u00e9ciale du 14 juillet avant des vacances m\u00e9rit\u00e9es.<\/p>\n","protected":false},"excerpt":{"rendered":"Un rendez-vous que Flavie Flament aurait sans doute pr\u00e9f\u00e9r\u00e9 ne pas accepter. Ce mardi midi, l\u2019animatrice a \u00e9t\u00e9&hellip;\n","protected":false},"author":2,"featured_media":220288,"comment_status":"","ping_status":"","sticky":false,"template":"","format":"standard","meta":{"footnotes":""},"categories":[1356],"tags":[872,58,59,1011,27,252,2205,1364],"class_list":{"0":"post-220287","1":"post","2":"type-post","3":"status-publish","4":"format-standard","5":"has-post-thumbnail","7":"category-television","8":"tag-culture-et-loisirs","9":"tag-divertissement","10":"tag-entertainment","11":"tag-fr","12":"tag-france","13":"tag-television","14":"tag-television-medias","15":"tag-tv"},"share_on_mastodon":{"url":"https:\/\/pubeurope.com\/@fr\/114782837436977643","error":""},"_links":{"self":[{"href":"https:\/\/www.europesays.com\/fr\/wp-json\/wp\/v2\/posts\/220287","targetHints":{"allow":["GET"]}}],"collection":[{"href":"https:\/\/www.europesays.com\/fr\/wp-json\/wp\/v2\/posts"}],"about":[{"href":"https:\/\/www.europesays.com\/fr\/wp-json\/wp\/v2\/types\/post"}],"author":[{"embeddable":true,"href":"https:\/\/www.europesays.com\/fr\/wp-json\/wp\/v2\/users\/2"}],"replies":[{"embeddable":true,"href":"https:\/\/www.europesays.com\/fr\/wp-json\/wp\/v2\/comments?post=220287"}],"version-history":[{"count":0,"href":"https:\/\/www.europesays.com\/fr\/wp-json\/wp\/v2\/posts\/220287\/revisions"}],"wp:featuredmedia":[{"embeddable":true,"href":"https:\/\/www.europesays.com\/fr\/wp-json\/wp\/v2\/media\/220288"}],"wp:attachment":[{"href":"https:\/\/www.europesays.com\/fr\/wp-json\/wp\/v2\/media?parent=220287"}],"wp:term":[{"taxonomy":"category","embeddable":true,"href":"https:\/\/www.europesays.com\/fr\/wp-json\/wp\/v2\/categories?post=220287"},{"taxonomy":"post_tag","embeddable":true,"href":"https:\/\/www.europesays.com\/fr\/wp-json\/wp\/v2\/tags?post=220287"}],"curies":[{"name":"wp","href":"https:\/\/api.w.org\/{rel}","templated":true}]}}