{"id":220289,"date":"2025-07-02T09:04:10","date_gmt":"2025-07-02T09:04:10","guid":{"rendered":"https:\/\/www.europesays.com\/fr\/220289\/"},"modified":"2025-07-02T09:04:10","modified_gmt":"2025-07-02T09:04:10","slug":"une-paire-de-seins-exceptionnels","status":"publish","type":"post","link":"https:\/\/www.europesays.com\/fr\/220289\/","title":{"rendered":"Une paire de seins exceptionnels"},"content":{"rendered":"<p>Il a connu son heure de gloire dans les ann\u00e9es 80. Avec ses<br \/>\ntubes m\u00e9morables comme Femme que j\u00a0\u00bbaime, Papa<br \/>\nchanteur ou encore D\u00e9barquez-moi pour n\u2019en citer que<br \/>\nquelques-uns, Jean-Luc Lahaye a rapidement trouv\u00e9 son public et<br \/>\nrencontr\u00e9 un succ\u00e8s fulgurant. Malheureusement, ce dernier est<br \/>\n\u00e9galement connu pour <a href=\"https:\/\/www.melty.fr\/people\/jean-luc-lahaye-la-justice-maintient-sa-mise-en-examen-pour-viol-deux-ans-apres-le-scandale-2187341.html\" target=\"_blank\" rel=\"noopener\"><br \/>\nses d\u00e9boires avec la justice<\/a>. Mis en examen et plac\u00e9 en<br \/>\nd\u00e9tention provisoire en 2021, l\u2019artiste a \u00e9t\u00e9 accus\u00e9 de viol et<br \/>\nagression sexuelle sur mineurs de plus de 15 ans.<\/p>\n<p>Jean-Luc Lahaye assume pleinement son attirance pour les femmes<br \/>\ntr\u00e8s jeunes<\/p>\n<p>Malgr\u00e9 tout, Jean-Luc Lahaye continue de mener sa vie comme bon<br \/>\nlui semble. Si le septuag\u00e9naire d\u00e9range tellement l\u2019opinion<br \/>\npublique, c\u2019est \u00e9galement en raison de <strong>son attirance<br \/>\nmarqu\u00e9e pour les jeunes femmes<\/strong> dont il n\u2019a <strong>aucun<br \/>\nmal \u00e0 parler<\/strong> durant les interviews qu\u2019il accorde.<\/p>\n<p><strong>\u00ab\u00a0Quel est homme qui ne s\u2019est jamais retourn\u00e9 vers<br \/>\nune fille de 20 ans en matant sa silhouette ?<\/strong> Moi je n\u2019en<br \/>\nconnais pas\u00a0\u00bb, d\u00e9clarait-il notamment dans l\u2019\u00e9mission On ne<br \/>\nparle que de \u00e7a sur lefigaro.tv. Une pr\u00e9f\u00e9rence qu\u2019il d\u00e9fend bec et<br \/>\nongles : \u00ab\u00a0Moi, <strong>je vais plus loin que mater, bien<br \/>\ns\u00fbr<\/strong>. <strong>Si je peux s\u00e9duire une fille de 20 ans, je ne<br \/>\nme g\u00eane pas<\/strong>. Bien s\u00fbr. C\u2019est mon signe ext\u00e9rieur de<br \/>\njeunesse\u00a0\u00bb.<\/p>\n<p>Cette fois o\u00f9 le chanteur a \u00e9voqu\u00e9 cette \u00ab\u00a0paire de seins<br \/>\nexceptionnels\u00a0\u00bb chez une femme<\/p>\n<p><strong>Une fa\u00e7on d\u2019\u00eatre qui d\u00e9range, voire choque<\/strong>.<br \/>\nQuestionn\u00e9 par nos confr\u00e8res de Voici en 2016 sur sa crainte de<br \/>\n<strong>voir d\u00e9barquer les Femen en bas de chez lui<\/strong> en<br \/>\nraison de ses soucis judiciaires, Jean-Luc Lahaye n\u2019avait pas<br \/>\nh\u00e9sit\u00e9 \u00e0 r\u00e9pondre avec <strong>une pointe de provocation<\/strong> :<br \/>\n\u00ab\u00a0J\u2019aurais ador\u00e9 ! <strong>Il y en a une qui a une paire de<br \/>\nseins exceptionnels !<\/strong> Je serais ravi qu\u2019elles viennent<br \/>\nd\u00e9filer tous les jours devant chez moi. Si en plus elles peuvent<br \/>\nvenir prendre le th\u00e9 \u00e0 la maison, ce serait merveilleux !<br \/>\n(Rires)\u00a0\u00bb.<\/p>\n<p>Aujourd\u2019hui, <a href=\"https:\/\/www.melty.fr\/people\/elle-maimait-jean-luc-lahaye-71-ans-sans-detour-sur-sa-relation-avec-dalida-2187357.html\" target=\"_blank\" rel=\"noopener\"><br \/>\ncelui qui s&rsquo;est confi\u00e9 sur sa relation avec Dalida<\/a> est apais\u00e9<br \/>\nen amour et semble <strong>enfin avoir trouv\u00e9 chaussure \u00e0 son<br \/>\npied<\/strong>. En 2020, Jean-Luc Lahaye a d\u2019ailleurs pr\u00e9sent\u00e9<br \/>\nofficiellement <strong>sa compagne, Paola<\/strong>, pour la<br \/>\npremi\u00e8re fois sur le plateau de l&rsquo;Instant de luxe. L\u00e0 encore, la<br \/>\ndiff\u00e9rence d\u2019\u00e2ge est notable puisque <strong>la jeune femme a 30<br \/>\nans de moins que son c\u00e9l\u00e8bre compagnon<\/strong>. \u00ab\u00a0Elle n&rsquo;est<br \/>\npas jeune, <strong>je l&rsquo;ai choisie \u00e0 l&rsquo;\u00e9chographie\u00a0\u00bb<\/strong>,<br \/>\navait lanc\u00e9 avec humour l\u2019artiste en plateau.<\/p>\n<p>Jean-Luc Lahaye se marie \u00e0 72 ans avec<br \/>\nsa compagne de 30 ans sa cadette<\/p>\n<p>Une histoire d\u2019amour qui finalement dure. Et pour cause,<br \/>\nplusieurs ann\u00e9es apr\u00e8s leur rencontre, <strong>Jean-Luc Lahaye et<br \/>\nPaola s\u2019appr\u00eatent \u00e0 se dire \u00ab\u00a0oui\u00a0\u00bb<\/strong> devant Monsieur le<br \/>\nmaire. Selon les informations de nos confr\u00e8res de Voici,<br \/>\n<strong>l\u2019artiste de 72 ans va en effet se marier<\/strong> avec sa<br \/>\njeune compagne <strong>ce mercredi 2 juillet<\/strong> \u00e0 la mairie<br \/>\ndu 18e arrondissement de la capitale.<\/p>\n<p>Un engagement d\u2019une vie que Jean-Luc Lahaye s\u2019appr\u00eate donc \u00e0<br \/>\nprendre avec cette jolie blonde qui affiche <strong>3 d\u00e9cennies de<br \/>\nmoins que lui au compteur<\/strong>. \u00ab\u00a0La vie est ainsi faite<br \/>\npour les hommes ! <strong>Les hommes ont toujours pr\u00e9f\u00e9r\u00e9 \u00eatre avec<br \/>\nune compagne un peu plus jeune<\/strong>, en g\u00e9n\u00e9ral. Je dis en<br \/>\ng\u00e9n\u00e9ral mais c\u2019est principalement les artistes\u00a0\u00bb, d\u00e9voilait-il<br \/>\nencore sur le plateau de Jordan De Luxe. Reste \u00e0 voir si cette<br \/>\nunion se d\u00e9roulera sans encombre.<\/p>\n","protected":false},"excerpt":{"rendered":"Il a connu son heure de gloire dans les ann\u00e9es 80. Avec ses tubes m\u00e9morables comme Femme que&hellip;\n","protected":false},"author":2,"featured_media":220290,"comment_status":"","ping_status":"","sticky":false,"template":"","format":"standard","meta":{"footnotes":""},"categories":[1355],"tags":[905,58,59,1011,27,1361,873],"class_list":{"0":"post-220289","1":"post","2":"type-post","3":"status-publish","4":"format-standard","5":"has-post-thumbnail","7":"category-musique","8":"tag-a-la-une-melty","9":"tag-divertissement","10":"tag-entertainment","11":"tag-fr","12":"tag-france","13":"tag-music","14":"tag-musique"},"share_on_mastodon":{"url":"https:\/\/pubeurope.com\/@fr\/114782841355022568","error":""},"_links":{"self":[{"href":"https:\/\/www.europesays.com\/fr\/wp-json\/wp\/v2\/posts\/220289","targetHints":{"allow":["GET"]}}],"collection":[{"href":"https:\/\/www.europesays.com\/fr\/wp-json\/wp\/v2\/posts"}],"about":[{"href":"https:\/\/www.europesays.com\/fr\/wp-json\/wp\/v2\/types\/post"}],"author":[{"embeddable":true,"href":"https:\/\/www.europesays.com\/fr\/wp-json\/wp\/v2\/users\/2"}],"replies":[{"embeddable":true,"href":"https:\/\/www.europesays.com\/fr\/wp-json\/wp\/v2\/comments?post=220289"}],"version-history":[{"count":0,"href":"https:\/\/www.europesays.com\/fr\/wp-json\/wp\/v2\/posts\/220289\/revisions"}],"wp:featuredmedia":[{"embeddable":true,"href":"https:\/\/www.europesays.com\/fr\/wp-json\/wp\/v2\/media\/220290"}],"wp:attachment":[{"href":"https:\/\/www.europesays.com\/fr\/wp-json\/wp\/v2\/media?parent=220289"}],"wp:term":[{"taxonomy":"category","embeddable":true,"href":"https:\/\/www.europesays.com\/fr\/wp-json\/wp\/v2\/categories?post=220289"},{"taxonomy":"post_tag","embeddable":true,"href":"https:\/\/www.europesays.com\/fr\/wp-json\/wp\/v2\/tags?post=220289"}],"curies":[{"name":"wp","href":"https:\/\/api.w.org\/{rel}","templated":true}]}}