{"id":220291,"date":"2025-07-02T09:05:12","date_gmt":"2025-07-02T09:05:12","guid":{"rendered":"https:\/\/www.europesays.com\/fr\/220291\/"},"modified":"2025-07-02T09:05:12","modified_gmt":"2025-07-02T09:05:12","slug":"3-bonnes-raisons-de-vous-jeter-sur-cette-comedie-daction-avec-john-cena-et-idris-elba","status":"publish","type":"post","link":"https:\/\/www.europesays.com\/fr\/220291\/","title":{"rendered":"3 bonnes raisons de vous jeter sur cette com\u00e9die d&rsquo;action avec John Cena et Idris Elba"},"content":{"rendered":"<p>\u00c0 quelques jours \u00e0 peine de la f\u00eate nationale am\u00e9ricaine, Prime Video d\u00e9gaine son Heads of State, com\u00e9die d\u2019action avec un soup\u00e7on de politique men\u00e9e par John Cena et Idris Elba. Et pour enrober le tout, la mise en sc\u00e8ne du r\u00e9alisateur de Nobody ou encore Hardcore Henry. Et si, avec tout \u00e7a, vous pensiez qu\u2019on allait forc\u00e9ment se pr\u00e9cipiter sur le film pour voir ce qu\u2019il valait sur le terrain, vous aviez raison.<\/p>\n<p>On en a tir\u00e9 trois bonnes raisons de vous laissez tenter.<\/p>\n<p> Le synopsis du film <\/p>\n<p>Will Derringer (John Cena) est une <strong>superstar de films d\u2019action hollywoodiens<\/strong> qui vient d\u2019acc\u00e9der au bureau ovale gr\u00e2ce \u00e0 son incroyable popularit\u00e9. Sam Clarke (Idris Elba) est un ancien soldat qui occupe le poste de Premier ministre britannique depuis plusieurs ann\u00e9es et sa propre cote de popularit\u00e9 est en chute libre. Quelques mois apr\u00e8s l\u2019investiture de Derringer, celui-ci se rend \u00e0 Londres juste avant la tenue du conseil de l\u2019OTAN et la relation entre les deux chefs d\u2019\u00c9tat ne d\u00e9bute pas de la meilleure mani\u00e8re.<\/p>\n<p> <img loading=\"lazy\" decoding=\"async\" class=\"size-full wp-image-50557734\" src=\"https:\/\/www.europesays.com\/fr\/wp-content\/uploads\/2025\/07\/Heads-of-State-2.jpg\" alt=\"Heads Of State 2\" width=\"1920\" height=\"1280\"  \/>\u00a9 Prime Video <\/p>\n<p>Afin de montrer au monde une image d\u2019union, leurs conseillers respectifs leur proposent <strong>un court voyage ensemble \u00e0 bord d\u2019Air Force One.<\/strong> Une attaque terroriste <strong>fait crasher l\u2019avion<\/strong> et les deux hommes, <strong>seuls survivants<\/strong>, doivent collaborer pour parvenir \u00e0 <strong>\u00e9chapper aux hommes d\u2019un trafiquant d\u2019armes<\/strong> et retourner au sommet de l\u2019OTAN avant que la situation politique n\u2019atteigne un point de non-retour.<\/p>\n<p> 1 \u2013 Le duo Idris Elba \/ John Cena <\/p>\n<p>L\u2019une des forces de The Suicide Squad \u00e9tait le duo form\u00e9 par Idris Elba (Bloodsport) et John Cena (Peacemaker), o\u00f9 les deux hommes nouaient une forte relation de \u201cje te respecte, moi non plus\u201d \u00e0 base de d\u00e9monstrations de force et grosses vannes. <strong>Une alchimie \u00e9vidente<\/strong> qu\u2019on avait h\u00e2te de retrouver dans une autre production et qui a \u00e9t\u00e9 l\u2019attente num\u00e9ro un sur ce Heads of State. Et on n\u2019est pas d\u00e9\u00e7us.<\/p>\n<p>On est heureux de voir que les acteurs semblent vraiment s\u2019appr\u00e9cier et que la dynamique de leurs personnages est sans doute ce qui fonctionne le mieux dans ce long-m\u00e9trage. Cena est une sorte d\u2019anti-Trump qui veut plaire \u00e0 tout le monde et qui esp\u00e8re encore qu\u2019il peut r\u00e9ellement changer les choses \u00e0 la t\u00eate des \u00c9tats-Unis par l\u2019entraide et la diplomatie. Elba est un politicien exp\u00e9riment\u00e9 d\u00e9sabus\u00e9 qui se fiche de son image. Les deux acteurs sont<strong> imm\u00e9diatement cr\u00e9dibles dans leurs r\u00f4les<\/strong>, au point de nous donner la forte impression de les avoir d\u00e9j\u00e0 vus dans cette position.<\/p>\n<p> <img loading=\"lazy\" decoding=\"async\" class=\"size-full wp-image-50557735\" src=\"https:\/\/www.europesays.com\/fr\/wp-content\/uploads\/2025\/07\/Heads-of-State-3.jpg\" alt=\"Heads Of State 3\" width=\"1920\" height=\"1280\"  \/>\u00a9 Prime Video <\/p>\n<p>Deux stars qui <strong>transpirent l\u2019amusement et le plaisir de bosser ensemble<\/strong> au sein d\u2019un long-m\u00e9trage qui se refuse \u00e0 caresser davantage l\u2019ego de l\u2019un ou de l\u2019autre, leur donnant \u00e0 chacun autant de raisons de briller que de se prendre des coups. M\u00eame s\u2019il faut reconna\u00eetre que les r\u00e9pliques les plus dr\u00f4les sont principalement dites par Elba, dont le ton caustique aide beaucoup. Un fait d\u2019autant plus \u00e9tonnant que John Cena fait partie de la production du film.<\/p>\n<p> 2 \u2013 L\u2019action d\u00e9complex\u00e9e d\u2019Ilya Naishuller <\/p>\n<p>Alors que beaucoup de films d\u2019action ont tendance \u00e0 se prendre un peu trop au s\u00e9rieux, \u00e0 l\u2019image d\u2019<a href=\"https:\/\/www.journaldugeek.com\/dossier\/ecrit-par-sylvester-stallone-faut-il-voir-ce-film-daction-au-top-du-catalogue-prime-video\/\" target=\"_blank\" rel=\"noopener\">A Working Man<\/a> ou <a href=\"https:\/\/www.journaldugeek.com\/critique\/faut-il-regarder-shadow-force-le-film-daction-avec-omar-sy-sur-prime-video\/\" target=\"_blank\" rel=\"noopener\">Shadow Force<\/a>, \u00e9galement sur Prime Video, cela fait du bien de voir qu\u2019Heads of State est une sorte de rejeton des meilleures \u0153uvres des ann\u00e9es 90 o\u00f9 on se servait du genre comme d\u2019un pur divertissement. Le r\u00e9alisateur Ilya Naishuller a toujours eu cette folie cr\u00e9ative, que ce soit dans Hardcore Henry ou Nobody, nous montrant que l\u2019on peut s\u2019amuser d\u2019une bagarre ou d\u2019un \u00e9change de plomb.<\/p>\n<p>Ici, cela peut passer par une baston avec des paysans fans de breakdance ; d\u2019un terroriste imbattable dans une cuisine ; ou encore lors d\u2019une des meilleures s\u00e9quences du film, lorsque Jack Quaid, chef d\u2019une section locale de la CIA, d\u00e9cide de faire le m\u00e9nage, un \u00e9cran cathodique dans une main, un fusil \u00e0 pompe dans l\u2019autre, non s\u2019en avoir mis de la musique en passant. Heads of State n\u2019a jamais peur de pousser les curseurs, sauf celui du sang \u00e0 l\u2019\u00e9cran \u2013 alors qu\u2019on lui en sent l\u2019envie.<\/p>\n<p> 3 \u2013 Un peu de l\u00e9g\u00e8ret\u00e9 dans un monde de brutes <\/p>\n<p>Le film a conscience que son propos politique est na\u00eff, que son intrigue est bourr\u00e9e de trous et que les r\u00f4les secondaires sont, pour la majorit\u00e9, compl\u00e8tement artificiels. Oui, il en a conscience et c\u2019est en \u00e7a qu\u2019il r\u00e9ussit \u00e0 nous divertir. Parce qu\u2019il n\u2019a <strong>pas peur d\u2019assumer ses faiblesses<\/strong> pour mieux faire ressortir ses moments forts, son duo principal, et nous inviter constamment \u00e0 ne pas prendre tout ce que l\u2019on voit au s\u00e9rieux.<\/p>\n<\/p>\n<p>    <a href=\"https:\/\/www.youtube.com\/user\/JournalduGeek?sub_confirmation=1\" target=\"_blank\" rel=\"nofollow noopener\"><br \/>\n        S&rsquo;abonner \u00e0 Journal du Geek<br \/>\n    <\/a> <\/p>\n<p>Car Heads of State lui-m\u00eame n\u2019a pas peur de jouer avec son c\u00f4t\u00e9 fictionnel pour appuyer l\u2019irr\u00e9alisme de la chose, voire briser le quatri\u00e8me mur. Idris Elba faisant des regards cam\u00e9ra, le montage Wes Andersonien d\u2019une travers\u00e9e du pays sous forme de flashback\u2026 le long-m\u00e9trage n\u2019a qu\u2019un objectif\u00a0: nous faire passer un bon moment sur notre canap\u00e9, le cerveau pos\u00e9 \u00e0 c\u00f4t\u00e9. Un objectif malheureusement trop souvent recherch\u00e9 par une pl\u00e9thore de productions sans \u00e2me qui y voit surtout la facilit\u00e9, mais qui, ici, trouve un digne repr\u00e9sentant.<\/p>\n<blockquote>\n<p class=\"text-base text-neutral-700 dark:text-neutral-300\">\ud83d\udfe3 Pour ne manquer aucune news sur le Journal du Geek, abonnez-vous sur <a href=\"https:\/\/news.google.com\/publications\/CAAqBwgKMNr_hAswwYyCAw?hl=fr&amp;gl=FR&amp;ceid=FR%3Afr\" target=\"_blank\" rel=\"noopener\">Google Actualit\u00e9s<\/a> et sur <a href=\"https:\/\/whatsapp.com\/channel\/0029VaClM5y4tRry12tb7D2h\" target=\"_blank\" rel=\"noopener\">notre WhatsApp<\/a>. Et si vous nous adorez, on a <a href=\"https:\/\/www.journaldugeek.com\/newsletter\/\" target=\"_blank\" rel=\"noopener\">une newsletter tous les matins<\/a>.<\/p>\n<\/blockquote>\n","protected":false},"excerpt":{"rendered":"\u00c0 quelques jours \u00e0 peine de la f\u00eate nationale am\u00e9ricaine, Prime Video d\u00e9gaine son Heads of State, com\u00e9die&hellip;\n","protected":false},"author":2,"featured_media":220292,"comment_status":"","ping_status":"","sticky":false,"template":"","format":"standard","meta":{"footnotes":""},"categories":[1354],"tags":[518,58,59,1346,1011,27,35929,35930,1360],"class_list":{"0":"post-220291","1":"post","2":"type-post","3":"status-publish","4":"format-standard","5":"has-post-thumbnail","7":"category-films","8":"tag-amazon-prime-video","9":"tag-divertissement","10":"tag-entertainment","11":"tag-films","12":"tag-fr","13":"tag-france","14":"tag-idris-elba","15":"tag-john-cena","16":"tag-movies"},"share_on_mastodon":{"url":"https:\/\/pubeurope.com\/@fr\/114782845506443869","error":""},"_links":{"self":[{"href":"https:\/\/www.europesays.com\/fr\/wp-json\/wp\/v2\/posts\/220291","targetHints":{"allow":["GET"]}}],"collection":[{"href":"https:\/\/www.europesays.com\/fr\/wp-json\/wp\/v2\/posts"}],"about":[{"href":"https:\/\/www.europesays.com\/fr\/wp-json\/wp\/v2\/types\/post"}],"author":[{"embeddable":true,"href":"https:\/\/www.europesays.com\/fr\/wp-json\/wp\/v2\/users\/2"}],"replies":[{"embeddable":true,"href":"https:\/\/www.europesays.com\/fr\/wp-json\/wp\/v2\/comments?post=220291"}],"version-history":[{"count":0,"href":"https:\/\/www.europesays.com\/fr\/wp-json\/wp\/v2\/posts\/220291\/revisions"}],"wp:featuredmedia":[{"embeddable":true,"href":"https:\/\/www.europesays.com\/fr\/wp-json\/wp\/v2\/media\/220292"}],"wp:attachment":[{"href":"https:\/\/www.europesays.com\/fr\/wp-json\/wp\/v2\/media?parent=220291"}],"wp:term":[{"taxonomy":"category","embeddable":true,"href":"https:\/\/www.europesays.com\/fr\/wp-json\/wp\/v2\/categories?post=220291"},{"taxonomy":"post_tag","embeddable":true,"href":"https:\/\/www.europesays.com\/fr\/wp-json\/wp\/v2\/tags?post=220291"}],"curies":[{"name":"wp","href":"https:\/\/api.w.org\/{rel}","templated":true}]}}