{"id":220305,"date":"2025-07-02T09:12:04","date_gmt":"2025-07-02T09:12:04","guid":{"rendered":"https:\/\/www.europesays.com\/fr\/220305\/"},"modified":"2025-07-02T09:12:04","modified_gmt":"2025-07-02T09:12:04","slug":"en-direct-canicule-un-mois-de-juin-record-la-vague-de-chaleur-a-cause-2-morts-selon-la-ministre-de-lecologie-liberation","status":"publish","type":"post","link":"https:\/\/www.europesays.com\/fr\/220305\/","title":{"rendered":"EN DIRECT &#8211; Canicule : un mois de juin record, la vague de chaleur a caus\u00e9 2 morts selon la ministre de l\u2019Ecologie &#8211; Lib\u00e9ration"},"content":{"rendered":"<ol>\n<li><a href=\"https:\/\/news.google.com\/rss\/articles\/CBMikAJBVV95cUxPSWJMQy1uTExYZGlMSkV3dGNJMnR5Tm4yR3N2b2UtLUo0dXRIQkxVTXdfLWZpdjk3c1JJelYtLTBqN09ZdGxUYUVuMTlCbElQMGZKTThGc1FkSzRQTUlKYlVDV3AwVkRKUFFBYWdEc0ZVc29PbDVFYkRWSXI5dUJfcjJWNFBEQk9GR3dpRVNUdHZIUHNDYzd6U1lad19VUmdBSDlOTGtmVWhpVTloU2ttY1ZvRE8zOGdhTHFBVm84ekUyaXJXOTFhai15elBSSGFvVVRkNzZsNHZ5NzVOOHppR1RqcFFVOFBncmVoMDc5eDVlVXI3WURSNVRHcWNyZ2JfRy1mb01lcnFHY3h3MlE1VQ?oc=5\" target=\"_blank\" rel=\"nofollow noopener\">EN DIRECT &#8211; Canicule : un mois de juin record, la vague de chaleur a caus\u00e9 2 morts selon la ministre de l\u2019Ecologie<\/a>&nbsp;&nbsp;Lib\u00e9ration<\/li>\n<li><a href=\"https:\/\/news.google.com\/rss\/articles\/CBMisgJBVV95cUxNUG1Ec3A3NkpkWjFDU3JMcWN0azYzckJZWnlRRzBhb3laZ09PazBNRzhjYjhqRjdKZG0zZTdCdjRxSDktZXo3V1JMZVJsc1BWNUlSeEhZc1gtbzhzeGZWRW1VVWxaYnhDQ1NXcGJBanV1a0hhajk3cjliM05zSWZuWF9GS2xNandPbjJpVmJSNmtKSlk3UGlzU19WZ09lWDdpOXhOMkdqWjJyOGVIdGtvTFZiSXlUUnkzWWU0d0FadFM5SVJRN1JiWlJ2dW5kdkloQlI5LVBncHdXR2tiT1BzTVdVRGlGWmhRVFozMHphZ290Smk2UG4zS1hoREI5UTJkRFNJcnI5dnA4TDZpR1VtRjcwNGVfRW45bl9YaW5Bb0Fla2c0MkRMTUIweUQ5NzNwdmc?oc=5\" target=\"_blank\" rel=\"nofollow noopener\">DIRECT. Canicule : \u00ab\u00a0Plus de 500 personnes en situation tr\u00e8s pr\u00e9caire\u00a0\u00bb ont \u00e9t\u00e9 plac\u00e9es dans \u00ab\u00a0des abris climatiques\u00a0\u00bb en Ile-de-France, selon Val\u00e9rie P\u00e9cresse<\/a>&nbsp;&nbsp;France Info<\/li>\n<li><a href=\"https:\/\/news.google.com\/rss\/articles\/CBMixgFBVV95cUxPa25jYTI1WDhnVEVYQ1B0WFVJSjZMUWtPUlZLdjBrdFR2MWRfbkl6eHoxajlIQi1VR05EaFdvUU5DR1gxalk1UER2SzJ6QW1sVm1WRjV0aWJsQkZpSjNnSFk5TUZ6d0xxcDE3S0hPRVpXS3dvQkxrdUYtaGhZYnk4N0tCOUVtYl85d0pqcXQtSzQ5M0xZYlBPRnVMOTg3Y2hYX2lTT0FIbE91QjNteVlUemxnOVdlSnNmWVlXRmF2eU4xcG42WGc?oc=5\" target=\"_blank\" rel=\"nofollow noopener\">Canicule : Un ouvrier de 35 ans meurt \u00e0 Besan\u00e7on, probablement victime d\u2019un coup de chaleur<\/a>&nbsp;&nbsp;20 Minutes<\/li>\n<li><a href=\"https:\/\/news.google.com\/rss\/articles\/CBMihAJBVV95cUxQSENWd2NqXzJsNklLNlp4T0I0OGFNa1Y3by1faHVWeGh4OVlqWHlVU0tyUTJLdWpNRThqanVGalIyeUdrSkJFY05jbU92ajRrUWV3VUp0ei02Yl8wNEZEVS1OUGU0azNObFpzODRCS0RtV0lJMFpEV2VuaTQtNHhPOFlGSW1OMVF3VkR3Z3pPTi01amdtRkd2Y3htTU9QZmpxNzdaR2JVRmt3QUhjUW1hWndWRktrY2JzVjhzUUJTUkc1UU9Ea3RLLTlXeTNqbUI4VzVHRWh6S3FIMGlFNHZLSVktYVExbFRjTnNvaVdsNjlmS0xuVWVRdFhUSzk4c0s1c1BJWQ?oc=5\" target=\"_blank\" rel=\"nofollow noopener\">DIRECT. Canicule : \u00ab Deux d\u00e9c\u00e8s li\u00e9s \u00e0 la chaleur \u00bb, annonce la ministre de la Transition \u00e9cologique<\/a>&nbsp;&nbsp;Ouest-France<\/li>\n<li><a href=\"https:\/\/news.google.com\/rss\/articles\/CBMiyAFBVV95cUxNWDFtVFMxWWJrck50NjYtZVUxekI0N1c2MnpVVG1TSmNQZi1qdjV4LXNyaFNsZWtfejlDM19kWUhSWmNPcFo2YVN6ajM5Y2NrZkllTjRsUk1FR2wtR3BWSmFmejdJUUxWTXZzYklpMHRTY2Rja09lWlIzOVplaVdhVHR5LUV3cDNsUjhhdVJ0bFdrS2xVSGV0YXo3S2tUSWZGeGVSQmhOaExZcnB0RnRqZ3JaRmhnb0k2N20tWVV3M2dZb1ZOUVlQeg?oc=5\" target=\"_blank\" rel=\"nofollow noopener\">Grenoble. Un septuag\u00e9naire retrouv\u00e9 mort dans une r\u00e9sidence pour personnes \u00e2g\u00e9es<\/a>&nbsp;&nbsp;Le Dauphin\u00e9 Lib\u00e9r\u00e9<\/li>\n<\/ol>\n","protected":false},"excerpt":{"rendered":"EN DIRECT &#8211; Canicule : un mois de juin record, la vague de chaleur a caus\u00e9 2 morts&hellip;\n","protected":false},"author":2,"featured_media":220306,"comment_status":"","ping_status":"","sticky":false,"template":"","format":"standard","meta":{"footnotes":""},"categories":[4],"tags":[11,6698,1011,27,12,5140,25],"class_list":{"0":"post-220305","1":"post","2":"type-post","3":"status-publish","4":"format-standard","5":"has-post-thumbnail","7":"category-france","8":"tag-actualites","9":"tag-canicule","10":"tag-fr","11":"tag-france","12":"tag-news","13":"tag-rechauffement-climatique","14":"tag-republique-francaise"},"share_on_mastodon":{"url":"https:\/\/pubeurope.com\/@fr\/114782872907021171","error":""},"_links":{"self":[{"href":"https:\/\/www.europesays.com\/fr\/wp-json\/wp\/v2\/posts\/220305","targetHints":{"allow":["GET"]}}],"collection":[{"href":"https:\/\/www.europesays.com\/fr\/wp-json\/wp\/v2\/posts"}],"about":[{"href":"https:\/\/www.europesays.com\/fr\/wp-json\/wp\/v2\/types\/post"}],"author":[{"embeddable":true,"href":"https:\/\/www.europesays.com\/fr\/wp-json\/wp\/v2\/users\/2"}],"replies":[{"embeddable":true,"href":"https:\/\/www.europesays.com\/fr\/wp-json\/wp\/v2\/comments?post=220305"}],"version-history":[{"count":0,"href":"https:\/\/www.europesays.com\/fr\/wp-json\/wp\/v2\/posts\/220305\/revisions"}],"wp:featuredmedia":[{"embeddable":true,"href":"https:\/\/www.europesays.com\/fr\/wp-json\/wp\/v2\/media\/220306"}],"wp:attachment":[{"href":"https:\/\/www.europesays.com\/fr\/wp-json\/wp\/v2\/media?parent=220305"}],"wp:term":[{"taxonomy":"category","embeddable":true,"href":"https:\/\/www.europesays.com\/fr\/wp-json\/wp\/v2\/categories?post=220305"},{"taxonomy":"post_tag","embeddable":true,"href":"https:\/\/www.europesays.com\/fr\/wp-json\/wp\/v2\/tags?post=220305"}],"curies":[{"name":"wp","href":"https:\/\/api.w.org\/{rel}","templated":true}]}}