{"id":220307,"date":"2025-07-02T09:13:09","date_gmt":"2025-07-02T09:13:09","guid":{"rendered":"https:\/\/www.europesays.com\/fr\/220307\/"},"modified":"2025-07-02T09:13:09","modified_gmt":"2025-07-02T09:13:09","slug":"le-projet-dattentat-dun-masculiniste-dejoue-lhomme-de-18-ans-ecroue","status":"publish","type":"post","link":"https:\/\/www.europesays.com\/fr\/220307\/","title":{"rendered":"Le projet d\u2019attentat d\u2019un masculiniste d\u00e9jou\u00e9, l\u2019homme de 18 ans \u00e9crou\u00e9"},"content":{"rendered":"<p>Un projet d\u2019<a href=\"https:\/\/www.20minutes.fr\/monde\/attentat\/\" class=\"color-ultramarine c-link\" rel=\"nofollow noopener\" target=\"_blank\">attentat <\/a>a \u00e9t\u00e9 d\u00e9jou\u00e9 avec l\u2019interpellation d\u2019un jeune homme de 18 ans qui souhaitait s\u2019en prendre \u00e0 des femmes. Le suspect, masculiniste revendiqu\u00e9, a \u00e9t\u00e9 mis en examen et \u00e9crou\u00e9 mardi soir apr\u00e8s avoir \u00e9t\u00e9 interpell\u00e9 dans la r\u00e9gion de <a href=\"https:\/\/www.20minutes.fr\/dossier\/saint-etienne\" class=\"color-ultramarine c-link\" rel=\"nofollow noopener\" target=\"_blank\">Saint-Etienne<\/a> (<a href=\"https:\/\/www.20minutes.fr\/dossier\/loire\" class=\"color-ultramarine c-link\" rel=\"nofollow noopener\" target=\"_blank\">Loire<\/a>). Lors de son arrestation, il \u00e9tait en possession de deux <a href=\"https:\/\/www.20minutes.fr\/dossier\/couteau\" class=\"color-ultramarine c-link\" rel=\"nofollow noopener\" target=\"_blank\">couteaux<\/a>.<\/p>\n<p>Le suspect qui a \u00e9t\u00e9 \u00e9crou\u00e9 \u00e0 Paris, se revendique de la mouvance \u00ab\u00a0incel\u00a0\u00bb, a confirm\u00e9 le Parquet national antiterroriste (Pnat). Ce mouvement dit \u00ab\u00a0involuntary celibate\u00a0\u00bb, fait r\u00e9f\u00e9rence \u00e0 des hommes consid\u00e9rant qu\u2019ils seraient c\u00e9libataires \u00e0 cause des <a href=\"https:\/\/www.20minutes.fr\/dossier\/violences_faites_aux_femmes\" class=\"color-ultramarine c-link\" rel=\"nofollow noopener\" target=\"_blank\">femmes <\/a>qui ne veulent pas d\u2019eux.<\/p>\n<p>Arr\u00eat\u00e9 \u00e0 proximit\u00e9 d\u2019un lyc\u00e9e<\/p>\n<p>Les incels cultivent sur Internet un entre-soi masculiniste et une misogynie violente. Leur discours est ax\u00e9 sur la haine des femmes. Cette mouvance est apparue en ligne au d\u00e9but des ann\u00e9es\u00a02000.<\/p>\n<p>Une information judiciaire a \u00e9t\u00e9 ouverte \u00ab\u00a0du chef de malfaiteur terroriste en vue de la pr\u00e9paration d\u2019un ou de plusieurs crimes d\u2019atteintes aux personnes\u00a0\u00bb, pr\u00e9cise, \u00e0 20 Minutes, le Pnat. Le suspect a \u00e9t\u00e9 mis en examen et plac\u00e9 en d\u00e9tention provisoire.<\/p>\n<p>Des vid\u00e9os masculinistes consult\u00e9es sur TikTok<\/p>\n<p>Timothy G. a \u00e9t\u00e9 interpell\u00e9 \u00e0 proximit\u00e9 d\u2019un lyc\u00e9e, avant d\u2019avoir pu mettre ses menaces \u00e0 ex\u00e9cution. D\u2019apr\u00e8s une source proche du dossier, il s\u2019agit de la premi\u00e8re saisine d\u2019un individu se revendiquant exclusivement de la mouvance Incel.<\/p>\n<p>D\u2019allure juv\u00e9nile et timide, le corps fluet et v\u00eatu d\u2019un tee-shirt bleu marine, il a comparu mardi soir devant le juge des libert\u00e9s et de la d\u00e9tention (JLD) qui l\u2019a \u00e9crou\u00e9. \u00ab\u00a0J\u2019ai rencontr\u00e9 un adolescent qui souffre et non un combattant qui se pr\u00e9pare \u00e0 l\u2019action. L\u2019instruction ram\u00e8nera ce dossier \u00e0 sa plus juste proportion du point de vue de la qualification et de la personnalit\u00e9 du mis en examen\u00a0\u00bb, a comment\u00e9 Maria Snitsar, l\u2019avocate de ce jeune homme n\u00e9 en novembre\u00a02006 dans la Loire.<\/p>\n<\/p>\n<p>D\u2019apr\u00e8s l\u2019une des sources proches du dossier, il a consult\u00e9 des vid\u00e9os masculinistes sur le r\u00e9seau social TikTok.<\/p>\n<p>La s\u00e9rie Netflix \u00ab\u00a0Adolescence\u00a0\u00bb, diffus\u00e9e au printemps et qui a connu un grand succ\u00e8s, a mis en lumi\u00e8re ces influences toxiques et misogynes auxquelles sont expos\u00e9s les jeunes hommes en ligne.<\/p>\n","protected":false},"excerpt":{"rendered":"Un projet d\u2019attentat a \u00e9t\u00e9 d\u00e9jou\u00e9 avec l\u2019interpellation d\u2019un jeune homme de 18 ans qui souhaitait s\u2019en prendre&hellip;\n","protected":false},"author":2,"featured_media":220308,"comment_status":"","ping_status":"","sticky":false,"template":"","format":"standard","meta":{"footnotes":""},"categories":[2],"tags":[47,11,22696,2430,118,1011,27,3367,12,2431,4001],"class_list":{"0":"post-220307","1":"post","2":"type-post","3":"status-publish","4":"format-standard","5":"has-post-thumbnail","7":"category-actualites","8":"tag-actualite","9":"tag-actualites","10":"tag-attaque-terroriste","11":"tag-auvergne-rhone-alpes","12":"tag-faits-divers","13":"tag-fr","14":"tag-france","15":"tag-loire","16":"tag-news","17":"tag-rhone-alpes","18":"tag-saint-etienne"},"share_on_mastodon":{"url":"https:\/\/pubeurope.com\/@fr\/114782876677144036","error":""},"_links":{"self":[{"href":"https:\/\/www.europesays.com\/fr\/wp-json\/wp\/v2\/posts\/220307","targetHints":{"allow":["GET"]}}],"collection":[{"href":"https:\/\/www.europesays.com\/fr\/wp-json\/wp\/v2\/posts"}],"about":[{"href":"https:\/\/www.europesays.com\/fr\/wp-json\/wp\/v2\/types\/post"}],"author":[{"embeddable":true,"href":"https:\/\/www.europesays.com\/fr\/wp-json\/wp\/v2\/users\/2"}],"replies":[{"embeddable":true,"href":"https:\/\/www.europesays.com\/fr\/wp-json\/wp\/v2\/comments?post=220307"}],"version-history":[{"count":0,"href":"https:\/\/www.europesays.com\/fr\/wp-json\/wp\/v2\/posts\/220307\/revisions"}],"wp:featuredmedia":[{"embeddable":true,"href":"https:\/\/www.europesays.com\/fr\/wp-json\/wp\/v2\/media\/220308"}],"wp:attachment":[{"href":"https:\/\/www.europesays.com\/fr\/wp-json\/wp\/v2\/media?parent=220307"}],"wp:term":[{"taxonomy":"category","embeddable":true,"href":"https:\/\/www.europesays.com\/fr\/wp-json\/wp\/v2\/categories?post=220307"},{"taxonomy":"post_tag","embeddable":true,"href":"https:\/\/www.europesays.com\/fr\/wp-json\/wp\/v2\/tags?post=220307"}],"curies":[{"name":"wp","href":"https:\/\/api.w.org\/{rel}","templated":true}]}}