{"id":220309,"date":"2025-07-02T09:14:10","date_gmt":"2025-07-02T09:14:10","guid":{"rendered":"https:\/\/www.europesays.com\/fr\/220309\/"},"modified":"2025-07-02T09:14:10","modified_gmt":"2025-07-02T09:14:10","slug":"pres-de-saint-etienne-un-attentat-masculiniste-dejoue-un-jeune-de-18-ans-ecroue","status":"publish","type":"post","link":"https:\/\/www.europesays.com\/fr\/220309\/","title":{"rendered":"Pr\u00e8s de Saint-\u00c9tienne : un attentat masculiniste d\u00e9jou\u00e9, un jeune de 18 ans \u00e9crou\u00e9"},"content":{"rendered":"<p>Un attentat a \u00e9t\u00e9 d\u00e9jou\u00e9 pr\u00e8s de Saint-\u00c9tienne, o\u00f9 un jeune homme de 18 ans, se revendiquant de la mouvance masculiniste \u00ab\u00a0incel\u00a0\u00bb, a \u00e9t\u00e9 interpell\u00e9 alors qu&rsquo;il \u00e9tait en possession de deux couteaux.<\/p>\n<p>Le suspect, pr\u00e9nomm\u00e9 Timothy G., a \u00e9t\u00e9 <b>arr\u00eat\u00e9 \u00e0 proximit\u00e9 d&rsquo;un lyc\u00e9e<\/b>. Il projetait, selon les premiers \u00e9l\u00e9ments de l&rsquo;enqu\u00eate, de s&rsquo;en prendre \u00e0 des femmes.<\/p>\n<p>Il a depuis \u00e9t\u00e9 <b>mis en examen<\/b>, ce mardi 1er juillet, \u00e0 Paris, pour <b>association de malfaiteurs terroriste<\/b> en vue de pr\u00e9parer un ou plusieurs crimes contre des personnes. Il a \u00e9t\u00e9 plac\u00e9 en <b>d\u00e9tention<\/b>.<\/p>\n<p>Un premier dossier de ce type<\/p>\n<p>Le Parquet national antiterroriste (Pnat) a confirm\u00e9 l&rsquo;ouverture d&rsquo;une <b>information judiciaire<\/b> visant ce jeune homme \u00ab\u00a0se r\u00e9clamant de la <b>mouvance incel<\/b>\u00ab\u00a0, un courant en ligne d&rsquo;hommes c\u00e9libataires \u00ab\u00a0involontaires\u00a0\u00bb qui nourrissent <b>une haine envers les femmes<\/b>.<\/p>\n<p><b>Il s&rsquo;agit d&rsquo;une premi\u00e8re<\/b> : le Parquet n&rsquo;avait encore jamais \u00e9t\u00e9 saisi d&rsquo;un dossier concernant exclusivement un individu issu de ce courant id\u00e9ologique, bien que la mouvance incel ait \u00e9t\u00e9 \u00e9voqu\u00e9e de mani\u00e8re marginale dans deux autres affaires ant\u00e9rieures.<\/p>\n<p>Dans ce dossier, le suspect aurait \u00e9t\u00e9<b> influenc\u00e9 par des vid\u00e9os masculinistes<\/b> qu&rsquo;il consultait sur TikTok.<\/p>\n<p><img loading=\"lazy\" decoding=\"async\" src=\"https:\/\/www.europesays.com\/fr\/wp-content\/uploads\/2025\/07\/1751447650_54_img\" width=\"350\" height=\"200\" border=\"0\" title=\"Des gendarmes \u00c3\u00a0 moto.\"\/><\/p>\n<p>\u25baFrance<\/p>\n<p style=\"font-size: 22px;\"><b>Il est arr\u00eat\u00e9 pour exc\u00e8s de vitesse, son p\u00e8re remercie les gendarmes<\/b><\/p>\n<p>Il y a des messages que l&rsquo;on oublie moins vite que&#8230;<\/p>\n<p><\/p>\n","protected":false},"excerpt":{"rendered":"Un attentat a \u00e9t\u00e9 d\u00e9jou\u00e9 pr\u00e8s de Saint-\u00c9tienne, o\u00f9 un jeune homme de 18 ans, se revendiquant de&hellip;\n","protected":false},"author":2,"featured_media":220310,"comment_status":"","ping_status":"","sticky":false,"template":"","format":"standard","meta":{"footnotes":""},"categories":[9653],"tags":[1111,11,5581,2430,5264,35935,1777,674,1011,27,19810,35934,12,33709,35936,25,9920,4001],"class_list":{"0":"post-220309","1":"post","2":"type-post","3":"status-publish","4":"format-standard","5":"has-post-thumbnail","7":"category-saint-etienne","8":"tag-actu","9":"tag-actualites","10":"tag-attentat","11":"tag-auvergne-rhone-alpes","12":"tag-couteau","13":"tag-dtention","14":"tag-eu","15":"tag-europe","16":"tag-fr","17":"tag-france","18":"tag-incel","19":"tag-masculiniste","20":"tag-news","21":"tag-parquet-national-antiterroriste","22":"tag-pnat","23":"tag-republique-francaise","24":"tag-saint-tienne","25":"tag-saint-etienne"},"share_on_mastodon":{"url":"https:\/\/pubeurope.com\/@fr\/114782880864026024","error":""},"_links":{"self":[{"href":"https:\/\/www.europesays.com\/fr\/wp-json\/wp\/v2\/posts\/220309","targetHints":{"allow":["GET"]}}],"collection":[{"href":"https:\/\/www.europesays.com\/fr\/wp-json\/wp\/v2\/posts"}],"about":[{"href":"https:\/\/www.europesays.com\/fr\/wp-json\/wp\/v2\/types\/post"}],"author":[{"embeddable":true,"href":"https:\/\/www.europesays.com\/fr\/wp-json\/wp\/v2\/users\/2"}],"replies":[{"embeddable":true,"href":"https:\/\/www.europesays.com\/fr\/wp-json\/wp\/v2\/comments?post=220309"}],"version-history":[{"count":0,"href":"https:\/\/www.europesays.com\/fr\/wp-json\/wp\/v2\/posts\/220309\/revisions"}],"wp:featuredmedia":[{"embeddable":true,"href":"https:\/\/www.europesays.com\/fr\/wp-json\/wp\/v2\/media\/220310"}],"wp:attachment":[{"href":"https:\/\/www.europesays.com\/fr\/wp-json\/wp\/v2\/media?parent=220309"}],"wp:term":[{"taxonomy":"category","embeddable":true,"href":"https:\/\/www.europesays.com\/fr\/wp-json\/wp\/v2\/categories?post=220309"},{"taxonomy":"post_tag","embeddable":true,"href":"https:\/\/www.europesays.com\/fr\/wp-json\/wp\/v2\/tags?post=220309"}],"curies":[{"name":"wp","href":"https:\/\/api.w.org\/{rel}","templated":true}]}}