{"id":220311,"date":"2025-07-02T09:15:16","date_gmt":"2025-07-02T09:15:16","guid":{"rendered":"https:\/\/www.europesays.com\/fr\/220311\/"},"modified":"2025-07-02T09:15:16","modified_gmt":"2025-07-02T09:15:16","slug":"la-moitie-des-activites-denvie-menacee-de-disparition-dans-la-loire","status":"publish","type":"post","link":"https:\/\/www.europesays.com\/fr\/220311\/","title":{"rendered":"La moiti\u00e9 des activit\u00e9s d\u2019Envie menac\u00e9e de disparition dans la Loire"},"content":{"rendered":"<p class=\"is-style-chapo\">Envie Rh\u00f4ne-Alpes, pan associatif de l\u2019entreprise de r\u00e9insertion professionnelle, actrice de premier plan de l\u2019ESS dans le d\u00e9partement, est en redressement judiciaire. Et avec, la moiti\u00e9 de l\u2019activit\u00e9 du site st\u00e9phanois, cr\u00e9\u00e9 en 2022. Celle consacr\u00e9e \u00e0 la r\u00e9paration \/ revente du mat\u00e9riel \u00e9lectrom\u00e9nager \u2013 coupl\u00e9e donc ici avec la logistique \u2013 qui souffre d\u2019effets ind\u00e9sirables de la loi anti-gaspillage Agec. Elle qui l\u2019a paradoxalement amen\u00e9e \u00e0 se d\u00e9velopper\u2026 \u00a0\u00a0<\/p>\n<p><img fetchpriority=\"high\" decoding=\"async\" width=\"1024\" height=\"576\" src=\"https:\/\/www.europesays.com\/fr\/wp-content\/uploads\/2025\/07\/D-1024x576.jpg\" alt=\"\" class=\"wp-image-79991\"  \/>L\u2019entr\u00e9e du site d\u2019Envie au Soleil cr\u00e9\u00e9 entre 2022 et d\u00e9but 2023. \u00a9If M\u00e9dias \/ Xavier Alix<\/p>\n<p>Envie pi\u00e9g\u00e9e par sa propre rampe de lancement. Par la loi m\u00eame qui devait lui donner quelques assurances sur son avenir. Paradoxe appris lors de la visite le 26 juin \u00e0 Saint-Etienne de l\u2019ex-ministre Beno\u00eet Hamon. Sur fond de \u00ab\u00a0pr\u00e9-campagne\u00a0\u00bb des Municipales, l\u2019actuel pr\u00e9sident d\u2019ESS France \u00e9tait l\u2019invit\u00e9 du groupe d\u2019opposition PS et apparent\u00e9s Saint-Etienne Demain pour \u00ab\u00a0une journ\u00e9e consacr\u00e9e aux initiatives locales de l\u2019\u00e9conomie sociale et solidaire (ESS) et aux associations st\u00e9phanoises de soutien aux r\u00e9fugi\u00e9s\u00a0\u00bb. L\u2019actuel site d\u2019Envie \u00e0 Saint-Etienne \u00e9tait la premi\u00e8re \u00e9tape. A priori assur\u00e9e de voir ses d\u00e9bouch\u00e9s dop\u00e9s par \u00ab\u00a0loi anti-gaspillage pour une \u00e9conomie circulaire\u00a0\u00bb (loi dite <a href=\"https:\/\/www.google.com\/url?sa=t&amp;source=web&amp;rct=j&amp;opi=89978449&amp;url=https:\/\/www.ecologie.gouv.fr\/loi-anti-gaspillage-economie-circulaire&amp;ved=2ahUKEwjBiYPq8JuOAxUBT6QEHe_vOIMQFnoECBcQAQ&amp;usg=AOvVaw0UbMSy3CwCUZU57ZDM__FP\" target=\"_blank\" rel=\"noreferrer noopener\">Agec<\/a>, 2020), Envie pensait s\u2019\u00eatre fait avec celui-ci une belle place au Soleil.<\/p>\n<p>Cet acteur type de l\u2019ESS avait d\u00e9cid\u00e9\u00a0de regrouper dans ce quartier ses activit\u00e9s st\u00e9phanoises jusque-l\u00e0 r\u00e9parties entre Montplaisir et Saint-Priest-en-Jarez dans un seul et unique site alors en friche, autrefois d\u00e9volu \u00e0 la messagerie Geodis. Nous l\u2019avions d\u00e9taill\u00e9 dans cet <a href=\"https:\/\/www.if-saint-etienne.fr\/economie\/envie-loire-investit-4-me-dans-un-site-pilote-a-saint-etienne\" target=\"_blank\" rel=\"noreferrer noopener\">article<\/a> datant de la pose symbolique de la premi\u00e8re pierre, en septembre 2022. Plus de 4 M\u20ac ont \u00e9t\u00e9 investis pour reb\u00e2tir, sinon remanier profond\u00e9ment les lieux et les adapter \u00e0 des besoins annonc\u00e9s croissants. Depuis 2023, le nouvel \u00ab\u00a0outil\u00a0\u00bb d\u2019Envie dans la Loire s\u2019\u00e9talait donc sur ces 10\u00a0000 m2 dont 2\u00a0500 de b\u00e2timents, enti\u00e8rement refaits, dot\u00e9s d\u2019une vaste halle de 2\u00a0000 m2. Voil\u00e0 35 ans, dans la Loire, qu\u2019Envie collecte, r\u00e9pare, r\u00e9emploie et vend des \u00e9quipements \u00e9lectriques et \u00e9lectroniques. De l\u2019\u00e9lectrom\u00e9nager en particulier\u00a0: 10\u00a0000 appareils r\u00e9cup\u00e9r\u00e9s en 2022 mais, aussi, des produits multim\u00e9dias.<\/p>\n<p>Baisse d\u2019effectifs<\/p>\n<p>A l\u2019\u00e9poque, un total d\u2019une cinquantaine de personnes travaillait pour l\u2019entreprise \u00e0 Saint-Etienne (et 15 autres encore \u00e0 Roanne) dont les deux tiers sont en r\u00e9insertion, une association \u00e0 \u00e9chelle r\u00e9gionale (limit\u00e9e g\u00e9ographiquement \u00e0 la partie Rh\u00f4ne Alpes d\u2019Aura) \u00e9tant derri\u00e8re la soci\u00e9t\u00e9 commerciale qui r\u00e9pare et revend le mat\u00e9riel avec son propre magasin sur place accessible au grand public. L\u00e0-bas, le \u00ab\u00a0r\u00e9par\u00e9\u00a0\u00bb s\u2019y vend 40 % moins cher que le produit \u00e9quivalent mais neuf\u00a0; le simple \u00ab\u00a0reconditionn\u00e9\u00a0\u00bb r\u00e9cup\u00e9r\u00e9 pour telle ou telle raison (petit d\u00e9faut esth\u00e9tique ou petit endommagement sans autre cons\u00e9quences\u00a0; s\u00e9rie qui ne se vend plus, sortie des catalogues etc.) aupr\u00e8s d\u2019un distributeur traditionnel sans que le fonctionnement ne soit alt\u00e9r\u00e9. Dans les deux cas, avec 2 ans de garantie.<\/p>\n<p><img loading=\"lazy\" decoding=\"async\" width=\"1024\" height=\"576\" src=\"https:\/\/www.europesays.com\/fr\/wp-content\/uploads\/2025\/07\/f-1024x576.jpg\" alt=\"\" class=\"wp-image-79992\"  \/>Dans les ateliers d\u2019Envie Rh\u00f4ne-Alpes \u00e0 Saint-Etienne. \u00a9If M\u00e9dias \/ Xavier Alix<\/p>\n<p>Il s\u2019agit d\u2019une des deux activit\u00e9s d\u00e9ploy\u00e9es au Soleil depuis 2 ans, auparavant effectu\u00e9e \u00e0 Monthieu. Elle implique une cha\u00eene de diagnostic \/ r\u00e9paration avant boutiques. Cha\u00eene qui est, elle, aliment\u00e9e par la seconde activit\u00e9 du site, purement logistique, de son c\u00f4t\u00e9 et au montage juridique ind\u00e9pendant, hors de l\u2019association Envie Rh\u00f4ne-Alpes \u2013 l\u2019entit\u00e9 Loire d\u2019Envie 2E \u2013 consistant \u00e0 aller chercher aupr\u00e8s des distributeurs et d\u00e9ch\u00e8teries publiques (objet d\u2019appels d\u2019offre directs ou en sous-traitance) le mat\u00e9riel pour ensuite leur revalorisation et revente. Sinon leur d\u00e9montage int\u00e9gral en vue de n\u00e9gocier ce qui peut l\u2019\u00eatre, morceau par morceau, \u00e0 des ferrailleurs par exemple. 10\u00a0000 t ont ainsi \u00e9t\u00e9 collect\u00e9s dans la Loire en 2024. Chacune de deux activit\u00e9s comptait une trentaine de salari\u00e9s d\u00e9but 2024 (encadrement compris), avec des effectifs en hausse donc quant \u00e0 la fili\u00e8re associative portant sur la r\u00e9paration \/ reconditionnement \/ revente. Celle-ci n\u2019en compte plus qu\u2019une vingtaine depuis la fin de l\u2019ann\u00e9e.<\/p>\n<p>Pas de licenciements secs \u00e0 ce stade<\/p>\n<p>Il ne s\u2019agit pas de licenciements secs pour ces contrats d\u2019insertion \u2013 des <a href=\"https:\/\/www.service-public.fr\/particuliers\/vosdroits\/F14100\" target=\"_blank\" rel=\"noopener\">CDDI<\/a>, renouvelables de six mois en six mois 2 ans \u2013 accompagn\u00e9s par l\u2019Etat mais de non remplacement. Y compris pour des personnes \u00e9tant parvenues \u00e0 sortir de ce statut qui n\u2019est pas une fin en soi mais une rampe vers la r\u00e9insertion professionnelle d\u00e9finitive. Baisse d\u2019effectif qui traduit une difficult\u00e9 non propre \u00e0 la Loire mais \u00e0 l\u2019ensemble d\u2019Envie Rh\u00f4ne-Alpes, plac\u00e9e en redressement judiciaire le 29 avril. Et c\u2019est un effet collat\u00e9ral inattendu de la Loi Agec, celle qui a pouss\u00e9 la structure au d\u00e9veloppement qui serait responsable, explique son vice-pr\u00e9sident Philippe Vial, pr\u00e9sent lors de la venue de Beno\u00eet Hamon jeudi. \u00ab\u00a0Les distributeurs, des grandes enseignes de l\u2019\u00e9lectrom\u00e9nager nous fournissent de moins en moins en mat\u00e9riel vite revendable (celui qui n\u2019est pas d\u00e9j\u00e0 usager et \u00e0 r\u00e9parer), demandant le moins de travail et permettant donc le plus de plus-value pour le revendre moins cher mais eux-m\u00eames, sch\u00e9matise-t-il. D\u2019autre part, des acteurs \u00ab\u00a0low cost\u00a0\u00bb sur ce m\u00eame cr\u00e9neau sont plus nombreux et nous concurrencent.\u00a0\u00bb<\/p>\n<blockquote>\n<p>Les distributeurs, des grandes enseignes de l\u2019\u00e9lectrom\u00e9nager nous fournissent de moins en moins en mat\u00e9riel vite revendable pour les revendre eux-m\u00eames. <\/p>\n<p>Philippe Vial, vice-pr\u00e9sident d\u2019Envie Rh\u00f4ne-Alpes<\/p><\/blockquote>\n<p>Il poursuit\u00a0: \u00ab\u00a0C\u2019est ce qui nous met en difficult\u00e9, un effet de la loi Agec qui semble ne pas avoir \u00e9t\u00e9 assez pris en compte malgr\u00e9 les encouragements et les assurances donn\u00e9es \u00e0 l\u2019\u00e9poque\u2026 Nous esp\u00e9rons parvenir \u00e0 compenser en se tournant davantage vers des pros, des collectivit\u00e9s plut\u00f4t que de particuliers avec des ventes group\u00e9es. Nous venons de le faire avec un foyer dans le Rh\u00f4ne \u00e9quip\u00e9 de 37 machines \u00e0 laver. Et nous essayons de nous rapprocher de bailleurs comme Loire habitat 2 fleuves sur la m\u00eame id\u00e9e.\u00a0\u00bb Objectif\u00a0: sortir du redressement dans maintenant moins de 4 mois ou au moins que la situation n\u2019empire pas. Il faudra que le chiffre d\u2019affaires, d\u00e9j\u00e0 pass\u00e9 d\u20191,18 M\u20ac en 2022 \u00e0 0,941 M\u20ac en 2024, pour l\u2019instant sur des bases stationnaires en 2025, ne plonge pas. Pour r\u00e9sumer, \u00ab\u00a0Envie est priv\u00e9e du \u00ab\u00a0gisement\u00a0\u00bb de meilleure qualit\u00e9 essentielle \u00e0 son mod\u00e8le \u00e9conomique\u00a0\u00bb, commente Beno\u00eet Hamon \u00e0 l\u2019issue de sa visite.<\/p>\n<p>\u00ab\u00a0M\u00eame le Medef en parle\u00a0!\u00a0\u00bb\u00a0<\/p>\n<p><img loading=\"lazy\" decoding=\"async\" width=\"1024\" height=\"578\" src=\"https:\/\/www.europesays.com\/fr\/wp-content\/uploads\/2025\/07\/hamon-1024x578.jpg\" alt=\"\" class=\"wp-image-79993\"  \/>Beno\u00eet Hamon \u00e9changeant avec les salari\u00e9s d\u2019Envie affect\u00e9s \u00e0 la r\u00e9paration. \u00a9If M\u00e9dias \/ Xavier Alix<\/p>\n<p>L\u2019actuel pr\u00e9sident <a href=\"https:\/\/www.ess-france.org\/ess-france-a-designe-son-futur-president-benoit-hamon-directeur-general-de-singa-global\" target=\"_blank\" rel=\"noopener\">d\u2019ESS France<\/a> estime que cet aspect de la Loi Agec b\u00e9n\u00e9ficiant aux entreprises et association d\u2019insertion a \u00e9t\u00e9 d\u00e9tourn\u00e9, faute de vigilance, de r\u00e9glementation se jouant au niveau minist\u00e9riel et au bon moment pour l\u2019anticiper par les distributeurs qui contraignent les \u00e9co-organismes.\u00a0Beno\u00eet Hamon va plus loin, comme on pouvait s\u2019en douter, d\u00e9non\u00e7ant une menace plus globale sur l\u2019ensemble de l\u2019ESS en France avec la r\u00e9duction des \u00ab\u00a0aides aux postes\u00a0\u00bb. Les contrats propos\u00e9s par des structures comme Envie, dans l\u2019objectif contractuel ave l\u2019Etat d\u2019ins\u00e9rer \u00ab\u00a0des personnes \u00e9loign\u00e9es de l\u2019emploi\u00a0\u00bb, sont en effet tr\u00e8s subventionn\u00e9s\u00a0: environ un tiers du co\u00fbt total pour l\u2019employeur.<\/p>\n<p>Or, \u00ab\u00a0les aides aux postes ont dans, leur masse, recul\u00e9 de 2 % dans le budget national en 2025 et on s\u2019achemine vers de nouvelles coupes avec le suivant, s\u2019inqui\u00e8te Beno\u00eet Hamon. Selon l\u2019Udess, cela a d\u00e9j\u00e0 entra\u00een\u00e9 la suppression de 185\u00a0000 postes\u00a0! M\u00eame le Medef en parle\u00a0!\u00a0\u00bb Selon les chiffres communiqu\u00e9s par Saint-Etienne Demain, Saint-Etienne M\u00e9tropole pr\u00e9sente une \u00ab\u00a0densit\u00e9 exceptionnelle d\u2019emplois\u00a0\u00bb dans le secteur de l\u2019ESS : \u00ab\u00a0Plus de 21 000 emplois locaux, soit 14 % de l\u2019emploi total et pr\u00e8s de 20 % dans le seul secteur priv\u00e9, un poids 35 % sup\u00e9rieur \u00e0 la moyenne nationale.Saint-\u00c9tienne M\u00e9tropole est aujourd\u2019hui la deuxi\u00e8me m\u00e9tropole de France en part d\u2019emplois dans l\u2019ESS.\u00a0\u00bb<\/p>\n","protected":false},"excerpt":{"rendered":"Envie Rh\u00f4ne-Alpes, pan associatif de l\u2019entreprise de r\u00e9insertion professionnelle, actrice de premier plan de l\u2019ESS dans le d\u00e9partement,&hellip;\n","protected":false},"author":2,"featured_media":220312,"comment_status":"","ping_status":"","sticky":false,"template":"","format":"standard","meta":{"footnotes":""},"categories":[9653],"tags":[1111,11,2430,35937,33268,34629,35938,35939,35940,1777,674,1011,27,12,3730,25,4001],"class_list":{"0":"post-220311","1":"post","2":"type-post","3":"status-publish","4":"format-standard","5":"has-post-thumbnail","7":"category-saint-etienne","8":"tag-actu","9":"tag-actualites","10":"tag-auvergne-rhone-alpes","11":"tag-benoit-hamon","12":"tag-corrosif","13":"tag-envie-loire","14":"tag-envie-loire-saint-etienne","15":"tag-envie-rhone-alpes","16":"tag-ess-economie-sociale-et-solidaire","17":"tag-eu","18":"tag-europe","19":"tag-fr","20":"tag-france","21":"tag-news","22":"tag-redressement-judiciaire","23":"tag-republique-francaise","24":"tag-saint-etienne"},"share_on_mastodon":{"url":"https:\/\/pubeurope.com\/@fr\/114782884622647899","error":""},"_links":{"self":[{"href":"https:\/\/www.europesays.com\/fr\/wp-json\/wp\/v2\/posts\/220311","targetHints":{"allow":["GET"]}}],"collection":[{"href":"https:\/\/www.europesays.com\/fr\/wp-json\/wp\/v2\/posts"}],"about":[{"href":"https:\/\/www.europesays.com\/fr\/wp-json\/wp\/v2\/types\/post"}],"author":[{"embeddable":true,"href":"https:\/\/www.europesays.com\/fr\/wp-json\/wp\/v2\/users\/2"}],"replies":[{"embeddable":true,"href":"https:\/\/www.europesays.com\/fr\/wp-json\/wp\/v2\/comments?post=220311"}],"version-history":[{"count":0,"href":"https:\/\/www.europesays.com\/fr\/wp-json\/wp\/v2\/posts\/220311\/revisions"}],"wp:featuredmedia":[{"embeddable":true,"href":"https:\/\/www.europesays.com\/fr\/wp-json\/wp\/v2\/media\/220312"}],"wp:attachment":[{"href":"https:\/\/www.europesays.com\/fr\/wp-json\/wp\/v2\/media?parent=220311"}],"wp:term":[{"taxonomy":"category","embeddable":true,"href":"https:\/\/www.europesays.com\/fr\/wp-json\/wp\/v2\/categories?post=220311"},{"taxonomy":"post_tag","embeddable":true,"href":"https:\/\/www.europesays.com\/fr\/wp-json\/wp\/v2\/tags?post=220311"}],"curies":[{"name":"wp","href":"https:\/\/api.w.org\/{rel}","templated":true}]}}