{"id":220315,"date":"2025-07-02T09:18:10","date_gmt":"2025-07-02T09:18:10","guid":{"rendered":"https:\/\/www.europesays.com\/fr\/220315\/"},"modified":"2025-07-02T09:18:10","modified_gmt":"2025-07-02T09:18:10","slug":"a-la-seyne-sur-mer-le-ps-en-ordre-de-marche-pour-les-municipales","status":"publish","type":"post","link":"https:\/\/www.europesays.com\/fr\/220315\/","title":{"rendered":"\u00c0 La Seyne-sur-Mer, le PS en ordre de marche pour les municipales"},"content":{"rendered":"\n<p>\u00ab Je suis honor\u00e9 de la confiance qui m\u2019est faite (&#8230;) Avec diff\u00e9rentes organisations des gauches et de l\u2019\u00e9cologie, nous avons entam\u00e9 un travail collectif depuis maintenant 10\u00a0mois, pour proposer un projet rassembleur et porteur de progr\u00e8s\u00a0\u00bb, rappelle Olivier Andrau. L\u2019\u00e9lu d\u2019opposition socialiste vient d\u2019\u00eatre officiellement d\u00e9sign\u00e9 comme \u00e9tant \u00ab\u00a0le premier des socialistes pour emmener ces derniers au combat pour les municipales\u00a0\u00bb. \u00ab\u00a0Je mettrai toute mon \u00e9nergie pour qu\u2019\u00e9merge ce projet de large rassemblement\u00a0\u00bb, s\u2019engage-t-il.<\/p>\n<p>Dans la foul\u00e9e du congr\u00e8s socialiste, qui a vu dans le Var le texte d\u2019orientation d\u2019Olivier Faure \u00eatre pl\u00e9biscit\u00e9 \u00e0 hauteur de 60%, la section socialiste de La Seyne a \u00e9lu un nouveau secr\u00e9taire en la personne de Guillaume Bonnamou. L\u2019ancien cheminot a d\u00e9j\u00e0 \u00e9t\u00e9 conseiller municipal de 2008 \u00e0 2014. Et d\u2019afficher la volont\u00e9 de \u00ab\u00a0poursuivre la dynamique engag\u00e9e au PS pour rendre possible une alternative aux prochaines municipales face \u00e0 la d\u00e9composition des droites locales et au risque RN\u00a0\u00bb, ne manque-t-il pas de rappeler. \u00ab\u00a0Nous allons soutenir notre chef de file socialiste pour les municipales et continuer d\u2019\u0153uvrer au rassemblement\u00a0\u00bb, conclut-il.<\/p>\n","protected":false},"excerpt":{"rendered":"\u00ab Je suis honor\u00e9 de la confiance qui m\u2019est faite (&#8230;) Avec diff\u00e9rentes organisations des gauches et de&hellip;\n","protected":false},"author":2,"featured_media":220316,"comment_status":"","ping_status":"","sticky":false,"template":"","format":"standard","meta":{"footnotes":""},"categories":[9619],"tags":[1111,11,427,1777,674,1011,27,12,882,25,2310],"class_list":{"0":"post-220315","1":"post","2":"type-post","3":"status-publish","4":"format-standard","5":"has-post-thumbnail","7":"category-toulon","8":"tag-actu","9":"tag-actualites","10":"tag-candidats","11":"tag-eu","12":"tag-europe","13":"tag-fr","14":"tag-france","15":"tag-news","16":"tag-provence-alpes-cote-dazur","17":"tag-republique-francaise","18":"tag-toulon"},"share_on_mastodon":{"url":"https:\/\/pubeurope.com\/@fr\/114782896315993307","error":""},"_links":{"self":[{"href":"https:\/\/www.europesays.com\/fr\/wp-json\/wp\/v2\/posts\/220315","targetHints":{"allow":["GET"]}}],"collection":[{"href":"https:\/\/www.europesays.com\/fr\/wp-json\/wp\/v2\/posts"}],"about":[{"href":"https:\/\/www.europesays.com\/fr\/wp-json\/wp\/v2\/types\/post"}],"author":[{"embeddable":true,"href":"https:\/\/www.europesays.com\/fr\/wp-json\/wp\/v2\/users\/2"}],"replies":[{"embeddable":true,"href":"https:\/\/www.europesays.com\/fr\/wp-json\/wp\/v2\/comments?post=220315"}],"version-history":[{"count":0,"href":"https:\/\/www.europesays.com\/fr\/wp-json\/wp\/v2\/posts\/220315\/revisions"}],"wp:featuredmedia":[{"embeddable":true,"href":"https:\/\/www.europesays.com\/fr\/wp-json\/wp\/v2\/media\/220316"}],"wp:attachment":[{"href":"https:\/\/www.europesays.com\/fr\/wp-json\/wp\/v2\/media?parent=220315"}],"wp:term":[{"taxonomy":"category","embeddable":true,"href":"https:\/\/www.europesays.com\/fr\/wp-json\/wp\/v2\/categories?post=220315"},{"taxonomy":"post_tag","embeddable":true,"href":"https:\/\/www.europesays.com\/fr\/wp-json\/wp\/v2\/tags?post=220315"}],"curies":[{"name":"wp","href":"https:\/\/api.w.org\/{rel}","templated":true}]}}