{"id":220322,"date":"2025-07-02T09:22:09","date_gmt":"2025-07-02T09:22:09","guid":{"rendered":"https:\/\/www.europesays.com\/fr\/220322\/"},"modified":"2025-07-02T09:22:09","modified_gmt":"2025-07-02T09:22:09","slug":"les-pompiers-sont-sur-place-2","status":"publish","type":"post","link":"https:\/\/www.europesays.com\/fr\/220322\/","title":{"rendered":"les pompiers sont sur place"},"content":{"rendered":"<p>            Par<br \/>\n        <strong><br \/>\n            <a href=\"https:\/\/actu.fr\/auteur\/thomas-rideau\" title=\"Consulter tous les articles de Thomas Rideau\" target=\"_blank\" rel=\"noopener\">Thomas Rideau<\/a><br \/>\n        <\/strong><\/p>\n<p>        Publi\u00e9 le<\/p>\n<p>            2 juil. 2025 \u00e0 10h53        <\/p>\n<p>Les secours ont \u00e9t\u00e9 appel\u00e9s peu apr\u00e8s 9h. Ce mercredi 2\u00a0juillet 2025, un incendie s\u2019est d\u00e9clench\u00e9 dans un immeuble des <a href=\"https:\/\/actu.fr\/tag\/hauts-de-rouen\" target=\"_blank\" rel=\"noopener\">Hauts de Rouen (Seine-Maritime)<\/a>. Le sinistre a eu lieu, plus pr\u00e9cis\u00e9ment, rue Le Verrier, \u00e0 la Grand\u2019Mare.<\/p>\n<p>Un feu dans une cuisine<\/p>\n<p class=\" wall-content\">Les <a href=\"https:\/\/actu.fr\/tag\/pompiers\" target=\"_blank\" rel=\"noopener\">pompiers<\/a> sont arriv\u00e9s sur place vers 9h15 et ont constat\u00e9 un \u00ab\u2009d\u00e9gagement de fum\u00e9e\u2009\u00bb depuis un appartement situ\u00e9 au 8\u1d49 \u00e9tage d\u2019un immeuble. Une op\u00e9ration de reconnaissance est alors men\u00e9e et les sapeurs d\u00e9couvrent que le feu est parti de la cuisine d\u2019un individu.<\/p>\n<p class=\" wall-content\">Un homme de 55\u00a0ans, \u00ab\u2009l\u00e9g\u00e8rement intoxiqu\u00e9 par les fum\u00e9es\u2009\u00bb, a \u00e9t\u00e9 transport\u00e9 au CHU Rouen.<\/p>\n<p>Suivez l\u2019actualit\u00e9 de Rouen <a href=\"https:\/\/www.whatsapp.com\/channel\/0029VaKfnf99hXF2ddApFB1D\" target=\"_blank\" rel=\"noopener\">sur notre cha\u00eene WhatsApp<\/a> et <a href=\"https:\/\/www.tiktok.com\/@76actu.fr?lang=fr\" target=\"_blank\" rel=\"noopener\">sur notre compte TikTok<\/a><\/p>\n<p class=\" wall-content\">Suivez toute l\u2019actualit\u00e9 de vos villes et m\u00e9dias favoris en vous inscrivant \u00e0 <a href=\"https:\/\/moncompte.actu.fr\" title=\"D\u00e9couvez Mon Actu\" rel=\"nofollow noopener\" data-trk=\"{&quot;cta&quot;:{&quot;action&quot;:&quot;https:\\\/\\\/moncompte.actu.fr&quot;,&quot;category&quot;:&quot;mon compte&quot;,&quot;from&quot;:&quot;article footer&quot;,&quot;name&quot;:&quot;Mon actu&quot;,&quot;type&quot;:&quot;cta&quot;}}\" target=\"_blank\">Mon Actu<\/a>.<\/p>\n<p>                    <script async src=\"\/\/www.tiktok.com\/embed.js\"><\/script><\/p>\n","protected":false},"excerpt":{"rendered":"Par Thomas Rideau Publi\u00e9 le 2 juil. 2025 \u00e0 10h53 Les secours ont \u00e9t\u00e9 appel\u00e9s peu apr\u00e8s 9h.&hellip;\n","protected":false},"author":2,"featured_media":81398,"comment_status":"","ping_status":"","sticky":false,"template":"","format":"standard","meta":{"footnotes":""},"categories":[9587],"tags":[1111,11,1777,674,118,1011,27,12028,1310,12,5161,1311,25,9590],"class_list":{"0":"post-220322","1":"post","2":"type-post","3":"status-publish","4":"format-standard","5":"has-post-thumbnail","7":"category-rouen","8":"tag-actu","9":"tag-actualites","10":"tag-eu","11":"tag-europe","12":"tag-faits-divers","13":"tag-fr","14":"tag-france","15":"tag-hauts-de-rouen","16":"tag-incendie","17":"tag-news","18":"tag-normandie","19":"tag-pompiers","20":"tag-republique-francaise","21":"tag-rouen"},"share_on_mastodon":{"url":"https:\/\/pubeurope.com\/@fr\/114782912182624728","error":""},"_links":{"self":[{"href":"https:\/\/www.europesays.com\/fr\/wp-json\/wp\/v2\/posts\/220322","targetHints":{"allow":["GET"]}}],"collection":[{"href":"https:\/\/www.europesays.com\/fr\/wp-json\/wp\/v2\/posts"}],"about":[{"href":"https:\/\/www.europesays.com\/fr\/wp-json\/wp\/v2\/types\/post"}],"author":[{"embeddable":true,"href":"https:\/\/www.europesays.com\/fr\/wp-json\/wp\/v2\/users\/2"}],"replies":[{"embeddable":true,"href":"https:\/\/www.europesays.com\/fr\/wp-json\/wp\/v2\/comments?post=220322"}],"version-history":[{"count":0,"href":"https:\/\/www.europesays.com\/fr\/wp-json\/wp\/v2\/posts\/220322\/revisions"}],"wp:featuredmedia":[{"embeddable":true,"href":"https:\/\/www.europesays.com\/fr\/wp-json\/wp\/v2\/media\/81398"}],"wp:attachment":[{"href":"https:\/\/www.europesays.com\/fr\/wp-json\/wp\/v2\/media?parent=220322"}],"wp:term":[{"taxonomy":"category","embeddable":true,"href":"https:\/\/www.europesays.com\/fr\/wp-json\/wp\/v2\/categories?post=220322"},{"taxonomy":"post_tag","embeddable":true,"href":"https:\/\/www.europesays.com\/fr\/wp-json\/wp\/v2\/tags?post=220322"}],"curies":[{"name":"wp","href":"https:\/\/api.w.org\/{rel}","templated":true}]}}