{"id":220323,"date":"2025-07-02T09:23:15","date_gmt":"2025-07-02T09:23:15","guid":{"rendered":"https:\/\/www.europesays.com\/fr\/220323\/"},"modified":"2025-07-02T09:23:15","modified_gmt":"2025-07-02T09:23:15","slug":"lors-dun-controle-de-police-pres-de-rouen-le-conducteur-presente-une-carte-astuce-en-guise-de-permis","status":"publish","type":"post","link":"https:\/\/www.europesays.com\/fr\/220323\/","title":{"rendered":"Lors d&rsquo;un contr\u00f4le de police pr\u00e8s de Rouen, le conducteur pr\u00e9sente&#8230; une carte Astuce en guise de permis"},"content":{"rendered":"<p>            Par<br \/>\n        <strong><br \/>\n            <a href=\"https:\/\/actu.fr\/auteur\/adrien-filoche\" title=\"Consulter tous les articles de Adrien Filoche\" target=\"_blank\" rel=\"noopener\">Adrien Filoche<\/a><br \/>\n        <\/strong><\/p>\n<p>        Publi\u00e9 le<\/p>\n<p>            2 juil. 2025 \u00e0 10h04        <\/p>\n<p><strong>Plus c\u2019est gros, plus \u00e7a passe.<\/strong> Enfin presque. Dans la nuit du 30\u00a0juin au 1er\u00a0juillet 2025, un conducteur de 21\u00a0ans a \u00e9t\u00e9 interpell\u00e9 apr\u00e8s de <strong>multiples infractions<\/strong>, dans la commune de <a href=\"https:\/\/actu.fr\/normandie\/maromme_76410\" target=\"_blank\" rel=\"noopener\">Maromme (Seine-Maritime)<\/a>, pr\u00e8s de <a href=\"https:\/\/actu.fr\/normandie\/rouen_76540\" target=\"_blank\" rel=\"noopener\">Rouen<\/a>. Lors du contr\u00f4le de police, il a tent\u00e9 de pr\u00e9senter<strong> une carte Astuce\u2026 en guise de permis de conduire.<\/strong><\/p>\n<p>Un permis de conduire un peu original\u2009!<\/p>\n<p class=\" wall-content\">Le chauffard a \u00e9t\u00e9 aper\u00e7u vers 1h45 par des policiers en patrouille, qui constatent que ce dernier roule <strong>\u00ab\u2009\u00e0 une vitesse excessive\u2009\u00bb<\/strong> dans le secteur de la route de Dieppe. Les agents suivent le v\u00e9hicule, qui tourne au niveau de la rue des Martyrs de la R\u00e9sistance.<\/p>\n<p class=\" wall-content\">En plus de sa vitesse excessive, il <strong>franchit un feu rouge<\/strong>, avant de poursuivre sa progression jusqu\u2019au parking de l\u2019agence d\u2019assurances MMA.<\/p>\n<p class=\" wall-content\">Contr\u00f4l\u00e9 par les policiers, il n\u2019est pas en capacit\u00e9 de pr\u00e9senter un permis de conduire. \u00c0 la place, il montre aux agents\u2026 une carte Astuce. Celle-ci n\u2019est m\u00eame pas la sienne, la photographie ne correspondant pas.<\/p>\n<p>D\u00e9j\u00e0 connu pour des conduites sans permis<\/p>\n<p class=\" wall-content\">Les policiers d\u00e9couvrent finalement l\u2019identit\u00e9 du jeune chauffard, \u00e2g\u00e9 de 20\u00a0ans et domicili\u00e9 \u00e0 Bois-Guillaume. Sans surprise, il n\u2019est pas d\u00e9tenteur du <a href=\"https:\/\/actu.fr\/tag\/permis-de-conduire\" target=\"_blank\" rel=\"noopener\">permis de conduire<\/a>. De plus, il est d\u00e9j\u00e0 connu pour des faits similaires.<\/p>\n<p>Vid\u00e9os : en ce moment sur Actu<\/p>\n<p class=\" wall-content\">Ramen\u00e9 \u00e0 l\u2019h\u00f4tel de police, le jeune homme est plac\u00e9 en garde \u00e0 vue pour <strong>conduite sans permis <\/strong>et<strong> usurpation d\u2019identit\u00e9.<\/strong><\/p>\n<p class=\" wall-content\">Suivez l\u2019actualit\u00e9 de Rouen sur <a href=\"https:\/\/www.whatsapp.com\/channel\/0029VaKfnf99hXF2ddApFB1D\" target=\"_blank\" rel=\"noopener\">notre cha\u00eene WhatsApp<\/a> et sur <a href=\"https:\/\/www.tiktok.com\/@76actu.fr?lang=fr\" target=\"_blank\" rel=\"noopener\">notre compte TikTok<\/a><\/p>\n<p class=\" wall-content\">Suivez toute l\u2019actualit\u00e9 de vos villes et m\u00e9dias favoris en vous inscrivant \u00e0 <a href=\"https:\/\/moncompte.actu.fr\" title=\"D\u00e9couvez Mon Actu\" rel=\"nofollow noopener\" data-trk=\"{&quot;cta&quot;:{&quot;action&quot;:&quot;https:\\\/\\\/moncompte.actu.fr&quot;,&quot;category&quot;:&quot;mon compte&quot;,&quot;from&quot;:&quot;article footer&quot;,&quot;name&quot;:&quot;Mon actu&quot;,&quot;type&quot;:&quot;cta&quot;}}\" target=\"_blank\">Mon Actu<\/a>.<\/p>\n<ul class=\"ac-article-tag wall-content\">\n<li><a href=\"https:\/\/actu.fr\/tag\/permis-de-conduire\" data-trk=\"{&quot;cta&quot;:{&quot;action&quot;:&quot;Permis de conduire&quot;,&quot;category&quot;:&quot;tag&quot;,&quot;from&quot;:&quot;article footer&quot;,&quot;name&quot;:&quot;Permis de conduire&quot;,&quot;type&quot;:&quot;cta&quot;}}\" target=\"_blank\" rel=\"noopener\">#Permis de conduire<\/a><\/li>\n<li><a href=\"https:\/\/actu.fr\/tag\/police\" data-trk=\"{&quot;cta&quot;:{&quot;action&quot;:&quot;Police&quot;,&quot;category&quot;:&quot;tag&quot;,&quot;from&quot;:&quot;article footer&quot;,&quot;name&quot;:&quot;Police&quot;,&quot;type&quot;:&quot;cta&quot;}}\" target=\"_blank\" rel=\"noopener\">#Police<\/a><\/li>\n<\/ul>\n<p>                    <script async src=\"\/\/www.tiktok.com\/embed.js\"><\/script><\/p>\n","protected":false},"excerpt":{"rendered":"Par Adrien Filoche Publi\u00e9 le 2 juil. 2025 \u00e0 10h04 Plus c\u2019est gros, plus \u00e7a passe. Enfin presque.&hellip;\n","protected":false},"author":2,"featured_media":220324,"comment_status":"","ping_status":"","sticky":false,"template":"","format":"standard","meta":{"footnotes":""},"categories":[9587],"tags":[1111,11,1777,674,118,1011,27,12,5161,5007,1072,25,9590],"class_list":{"0":"post-220323","1":"post","2":"type-post","3":"status-publish","4":"format-standard","5":"has-post-thumbnail","7":"category-rouen","8":"tag-actu","9":"tag-actualites","10":"tag-eu","11":"tag-europe","12":"tag-faits-divers","13":"tag-fr","14":"tag-france","15":"tag-news","16":"tag-normandie","17":"tag-permis-de-conduire","18":"tag-police","19":"tag-republique-francaise","20":"tag-rouen"},"share_on_mastodon":{"url":"https:\/\/pubeurope.com\/@fr\/114782915993506472","error":""},"_links":{"self":[{"href":"https:\/\/www.europesays.com\/fr\/wp-json\/wp\/v2\/posts\/220323","targetHints":{"allow":["GET"]}}],"collection":[{"href":"https:\/\/www.europesays.com\/fr\/wp-json\/wp\/v2\/posts"}],"about":[{"href":"https:\/\/www.europesays.com\/fr\/wp-json\/wp\/v2\/types\/post"}],"author":[{"embeddable":true,"href":"https:\/\/www.europesays.com\/fr\/wp-json\/wp\/v2\/users\/2"}],"replies":[{"embeddable":true,"href":"https:\/\/www.europesays.com\/fr\/wp-json\/wp\/v2\/comments?post=220323"}],"version-history":[{"count":0,"href":"https:\/\/www.europesays.com\/fr\/wp-json\/wp\/v2\/posts\/220323\/revisions"}],"wp:featuredmedia":[{"embeddable":true,"href":"https:\/\/www.europesays.com\/fr\/wp-json\/wp\/v2\/media\/220324"}],"wp:attachment":[{"href":"https:\/\/www.europesays.com\/fr\/wp-json\/wp\/v2\/media?parent=220323"}],"wp:term":[{"taxonomy":"category","embeddable":true,"href":"https:\/\/www.europesays.com\/fr\/wp-json\/wp\/v2\/categories?post=220323"},{"taxonomy":"post_tag","embeddable":true,"href":"https:\/\/www.europesays.com\/fr\/wp-json\/wp\/v2\/tags?post=220323"}],"curies":[{"name":"wp","href":"https:\/\/api.w.org\/{rel}","templated":true}]}}