{"id":220325,"date":"2025-07-02T09:24:10","date_gmt":"2025-07-02T09:24:10","guid":{"rendered":"https:\/\/www.europesays.com\/fr\/220325\/"},"modified":"2025-07-02T09:24:10","modified_gmt":"2025-07-02T09:24:10","slug":"accord-illicite-entre-eric-piolle-et-elisa-martin-a-grenoble-lenquete-depaysee","status":"publish","type":"post","link":"https:\/\/www.europesays.com\/fr\/220325\/","title":{"rendered":"Accord illicite entre Eric Piolle et Elisa Martin \u00e0 Grenoble ? L&rsquo;enqu\u00eate d\u00e9pays\u00e9e"},"content":{"rendered":"<p>\t\t\t\t\t\t\t\t\t\t\t<img loading=\"lazy\" decoding=\"async\" width=\"1110\" title=\"Accord illicite entre Eric Piolle et Elisa Martin \u00e0 Grenoble ? L'enqu\u00eate d\u00e9pays\u00e9e\" class=\"img-fluid not_lzld mb-3\" src=\"https:\/\/grandgrenoble.alpes1.com\/media\/news\/thumb\/1110x624_accord-illicite-entre-eric-piolle-et-elisa-martin-a-grenoble-l-enquete-depaysee_6864ebc35f33b.webp\" alt=\"Accord illicite entre Eric Piolle et Elisa Martin \u00e0 Grenoble ? L'enqu\u00eate d\u00e9pays\u00e9e\" itemprop=\"image\" height=\"624\"\/>\t\t\t\t\t\t\t\t\t\t\t\t<\/p>\n<p>Accord illicite entre Eric Piolle et Elisa Martin \u00e0 Grenoble ? L&rsquo;enqu\u00eate d\u00e9pays\u00e9e &#8211; DR<\/p>\n<p itemprop=\"description\"><strong>L\u2019enqu\u00eate pr\u00e9liminaire concernant \u00c9ric Piolle et Elisa Martin est d\u00e9sormais entre les mains du parquet de Valence.<\/strong><\/p>\n<p>Ce lundi, le parquet de Valence a annonc\u00e9 le d\u00e9paysement de l\u2019enqu\u00eate, en cours depuis un an, sur le possible d\u00e9lit de concussion entre la d\u00e9put\u00e9e LFI de l\u2019Is\u00e8re et ancienne premi\u00e8re adjointe de Grenoble, Elisa Martin, et le maire de la capitale is\u00e9roise, \u00c9ric Piolle.<\/p>\n<p>Un d\u00e9paysement vise \u00e0 dessaisir le tribunal, pour renvoyer le dossier aupr\u00e8s d&rsquo;une autre juridiction. \u00c0 pr\u00e9sent, c&rsquo;est le parquet de Valence qui va se charger de l\u2019enqu\u00eate pr\u00e9liminaire.<\/p>\n<p>La bombe avait \u00e9clat\u00e9 le 5 juin 2024. Ce jour-l\u00e0, Le Canard encha\u00een\u00e9 avait publi\u00e9 un article cinglant en d\u00e9non\u00e7ant une potentielle fraude de la part d\u2019Elisa Martin. Selon les journalistes, elle aurait per\u00e7u une partie de la r\u00e9mun\u00e9ration du conseiller sp\u00e9cial du maire, Enzo Lesourt. Entre 2017 et 2020, ce dernier lui aurait vers\u00e9 400 euros par mois. Le tout, sous les ordres d\u2019\u00c9ric Piolle, qui lui aurait ordonn\u00e9 de reverser son augmentation en liquide \u00e0 l\u2019insoumise.<\/p>\n<p>L\u2019\u00e9dile grenoblois a toujours ni\u00e9 les faits, en affirmant par ailleurs que la Ville \u00e9tait en conflit avec Enzo Lesourt durant cette m\u00eame p\u00e9riode.<\/p>\n<p>Ce n\u2019est pas la premi\u00e8re fois qu\u2019\u00c9ric Piolle fait face \u00e0 un d\u00e9paysement de la justice. En septembre 2023, le tribunal de Grenoble l\u2019avait condamn\u00e9 en appel pour favoritisme envers l\u2019association Fus\u00e9es dans l\u2019attribution de l\u2019organisation des \u00e9ditions 2015 et 2016 de la F\u00eate des Tuiles. Et ce, malgr\u00e9 la relaxe prononc\u00e9e en premi\u00e8re instance par le tribunal de Valence.<\/p>\n","protected":false},"excerpt":{"rendered":"Accord illicite entre Eric Piolle et Elisa Martin \u00e0 Grenoble ? L&rsquo;enqu\u00eate d\u00e9pays\u00e9e &#8211; DR L\u2019enqu\u00eate pr\u00e9liminaire concernant&hellip;\n","protected":false},"author":2,"featured_media":220326,"comment_status":"","ping_status":"","sticky":false,"template":"","format":"standard","meta":{"footnotes":""},"categories":[9566],"tags":[1111,11,7733,8279,2430,7736,650,7734,2889,2263,1777,674,1011,27,2731,8280,6417,1114,108,4662,12,3725,1825,25,7737],"class_list":{"0":"post-220325","1":"post","2":"type-post","3":"status-publish","4":"format-standard","5":"has-post-thumbnail","7":"category-grenoble","8":"tag-actu","9":"tag-actualites","10":"tag-alpes","11":"tag-alpes1","12":"tag-auvergne-rhone-alpes","13":"tag-cds","14":"tag-cinema","15":"tag-ecoute","16":"tag-emission","17":"tag-equipe","18":"tag-eu","19":"tag-europe","20":"tag-fr","21":"tag-france","22":"tag-grenoble","23":"tag-haute","24":"tag-information","25":"tag-infos","26":"tag-isere","27":"tag-journal","28":"tag-news","29":"tag-podcast","30":"tag-radio","31":"tag-republique-francaise","32":"tag-winamp"},"share_on_mastodon":{"url":"https:\/\/pubeurope.com\/@fr\/114782920023317464","error":""},"_links":{"self":[{"href":"https:\/\/www.europesays.com\/fr\/wp-json\/wp\/v2\/posts\/220325","targetHints":{"allow":["GET"]}}],"collection":[{"href":"https:\/\/www.europesays.com\/fr\/wp-json\/wp\/v2\/posts"}],"about":[{"href":"https:\/\/www.europesays.com\/fr\/wp-json\/wp\/v2\/types\/post"}],"author":[{"embeddable":true,"href":"https:\/\/www.europesays.com\/fr\/wp-json\/wp\/v2\/users\/2"}],"replies":[{"embeddable":true,"href":"https:\/\/www.europesays.com\/fr\/wp-json\/wp\/v2\/comments?post=220325"}],"version-history":[{"count":0,"href":"https:\/\/www.europesays.com\/fr\/wp-json\/wp\/v2\/posts\/220325\/revisions"}],"wp:featuredmedia":[{"embeddable":true,"href":"https:\/\/www.europesays.com\/fr\/wp-json\/wp\/v2\/media\/220326"}],"wp:attachment":[{"href":"https:\/\/www.europesays.com\/fr\/wp-json\/wp\/v2\/media?parent=220325"}],"wp:term":[{"taxonomy":"category","embeddable":true,"href":"https:\/\/www.europesays.com\/fr\/wp-json\/wp\/v2\/categories?post=220325"},{"taxonomy":"post_tag","embeddable":true,"href":"https:\/\/www.europesays.com\/fr\/wp-json\/wp\/v2\/tags?post=220325"}],"curies":[{"name":"wp","href":"https:\/\/api.w.org\/{rel}","templated":true}]}}