{"id":220327,"date":"2025-07-02T09:25:10","date_gmt":"2025-07-02T09:25:10","guid":{"rendered":"https:\/\/www.europesays.com\/fr\/220327\/"},"modified":"2025-07-02T09:25:10","modified_gmt":"2025-07-02T09:25:10","slug":"la-prefete-annonce-des-restrictions","status":"publish","type":"post","link":"https:\/\/www.europesays.com\/fr\/220327\/","title":{"rendered":"la pr\u00e9f\u00e8te annonce des restrictions"},"content":{"rendered":"<p>            Par<br \/>\n        <strong><br \/>\n            <a href=\"https:\/\/actu.fr\/auteur\/redaction-grenoble\" title=\"Consulter tous les articles de R\u00e9daction Grenoble\" target=\"_blank\" rel=\"noopener\">R\u00e9daction Grenoble<\/a><br \/>\n        <\/strong><\/p>\n<p>        Publi\u00e9 le<\/p>\n<p>            2 juil. 2025 \u00e0 11h00        <\/p>\n<p>Le nord de l\u2019<a href=\"https:\/\/actu.fr\/auvergne-rhone-alpes\/isere_38\" target=\"_blank\" rel=\"noopener\">Is\u00e8re<\/a>, ainsi qu\u2019une partie de la r\u00e9gion lyonnaise, est depuis mercredi 2 juillet \u00e0 minuit en <strong>alerte orange \u00e0 la pollution de l\u2019air<\/strong> \u00e0 l\u2019ozone (O3).\u00a0<\/p>\n<p class=\" wall-content\">En cons\u00e9quence, la pr\u00e9fecture de l\u2019Is\u00e8re a mis en place <strong>diverses restrictions<\/strong> concernant les entreprises, les particuliers et les automobilistes, notamment.<\/p>\n<p>Baisse de la vitesse sur les routes<\/p>\n<p class=\" wall-content\">Depuis 5 heures mercredi, il est obligatoire de <strong>diminuer de 20km\/h<\/strong> sa vitesse sur les axes routiers du Nord-Is\u00e8re, ainsi que sur une partie de la vall\u00e9e du <a href=\"https:\/\/actu.fr\/auvergne-rhone-alpes\/rhone_69\" target=\"_blank\" rel=\"noopener\">Rh\u00f4ne<\/a>, d\u00e8s lors que la limitation habituelle est \u00e0 90km\/h ou plus. Une restriction qui s\u2019applique donc aux autoroutes A7 et A43 sur ces zones.<\/p>\n<p class=\" wall-content\">Une \u00ab\u00a0<strong>circulation diff\u00e9renci\u00e9e<\/strong>\u00a0\u00bb est aussi instaur\u00e9e dans certaines communes, o\u00f9 seuls les v\u00e9hicules Crit\u2019Air 0 \u00e0 2 inclus sont autoris\u00e9s \u00e0 rouler. Voici les villes concern\u00e9es :<\/p>\n<ul class=\" wall-content\">\n<li><a href=\"https:\/\/actu.fr\/auvergne-rhone-alpes\/bourgoin-jallieu_38053\" target=\"_blank\" rel=\"noopener\">Bourgoin- Jallieu<\/a><\/li>\n<li>Chasse-sur-Rh\u00f4ne<\/li>\n<li>L\u2019Isle-d\u2019Abeau<\/li>\n<li>Pont-\u00c9v\u00eaque<\/li>\n<li><a href=\"https:\/\/actu.fr\/auvergne-rhone-alpes\/saint-quentin-fallavier_38449\" target=\"_blank\" rel=\"noopener\">Saint-Quentin-Fallavier<\/a><\/li>\n<li>Vaulx-Milieu<\/li>\n<li><a href=\"https:\/\/actu.fr\/auvergne-rhone-alpes\/la-verpilliere_38537\" target=\"_blank\" rel=\"noopener\">La Verpilli\u00e8re<\/a><\/li>\n<li>Vienne<\/li>\n<li>Villefontaine<\/li>\n<li>Seyssuel<\/li>\n<\/ul>\n<p>Vid\u00e9os : en ce moment sur Actu<\/p>\n<p class=\" wall-content\">Les autoroutes et la RN7 ne sont pas concern\u00e9s par cette circulation diff\u00e9renci\u00e9e.<\/p>\n<p>Pas de barbecues le temps de l\u2019alerte<\/p>\n<p class=\" wall-content\">D\u2019autres mesures de restriction ont \u00e9galement \u00e9t\u00e9 annonc\u00e9es, notamment l\u2019interdiction de br\u00fbler les d\u00e9chets, d\u2019utiliser des barbecues \u00e0 combustible solide, ou encore d\u2019entretenir des espaces verts priv\u00e9s et publics avec des solvants organiques.\u00a0<\/p>\n<p class=\" wall-content\">Les <strong>activit\u00e9s sur les chantiers<\/strong> sont aussi r\u00e9glement\u00e9es pendant l\u2019alerte : limitation d\u2019engins de manutention thermiques, r\u00e9duction des poussi\u00e8res de chantier\u2026<\/p>\n<p class=\" wall-content\">Enfin, les feux d\u2019artifice sont interdits jusqu\u2019\u00e0 nouvel ordre sur la zone.<\/p>\n<p>Vigilance sur Grenoble<\/p>\n<p class=\" wall-content\">Il est \u00e0 noter qu\u2019une vigilance pour la pollution de l\u2019air est \u00e9galement de mise pour le bassin d\u2019air de <a href=\"https:\/\/actu.fr\/auvergne-rhone-alpes\/grenoble_38185\" target=\"_blank\" rel=\"noopener\">Grenoble<\/a>. Seules des <strong>recommandations<\/strong> ont, pour le moment, \u00e9t\u00e9 \u00e9mises par la pr\u00e9fecture de l\u2019Is\u00e8re, sans restrictions impos\u00e9es.<\/p>\n<p class=\" wall-content\">\n<p class=\" wall-content\">Il est notamment conseill\u00e9 aux personnes fragiles d\u2019\u00e9viter de sortir ou de faire du sport intense en ext\u00e9rieur en journ\u00e9e, en particulier l\u2019apr\u00e8s-midi.<\/p>\n<p class=\" wall-content\">Suivez toute l\u2019actualit\u00e9 de vos villes et m\u00e9dias favoris en vous inscrivant \u00e0 <a href=\"https:\/\/moncompte.actu.fr\" title=\"D\u00e9couvez Mon Actu\" rel=\"nofollow noopener\" data-trk=\"{&quot;cta&quot;:{&quot;action&quot;:&quot;https:\\\/\\\/moncompte.actu.fr&quot;,&quot;category&quot;:&quot;mon compte&quot;,&quot;from&quot;:&quot;article footer&quot;,&quot;name&quot;:&quot;Mon actu&quot;,&quot;type&quot;:&quot;cta&quot;}}\" target=\"_blank\">Mon Actu<\/a>.<\/p>\n","protected":false},"excerpt":{"rendered":"Par R\u00e9daction Grenoble Publi\u00e9 le 2 juil. 2025 \u00e0 11h00 Le nord de l\u2019Is\u00e8re, ainsi qu\u2019une partie de&hellip;\n","protected":false},"author":2,"featured_media":184560,"comment_status":"","ping_status":"","sticky":false,"template":"","format":"standard","meta":{"footnotes":""},"categories":[9566],"tags":[1111,11,2430,3542,1777,674,1011,27,2731,12,1800,25,104],"class_list":{"0":"post-220327","1":"post","2":"type-post","3":"status-publish","4":"format-standard","5":"has-post-thumbnail","7":"category-grenoble","8":"tag-actu","9":"tag-actualites","10":"tag-auvergne-rhone-alpes","11":"tag-circulation","12":"tag-eu","13":"tag-europe","14":"tag-fr","15":"tag-france","16":"tag-grenoble","17":"tag-news","18":"tag-pollution","19":"tag-republique-francaise","20":"tag-societe"},"share_on_mastodon":{"url":"https:\/\/pubeurope.com\/@fr\/114782923876985557","error":""},"_links":{"self":[{"href":"https:\/\/www.europesays.com\/fr\/wp-json\/wp\/v2\/posts\/220327","targetHints":{"allow":["GET"]}}],"collection":[{"href":"https:\/\/www.europesays.com\/fr\/wp-json\/wp\/v2\/posts"}],"about":[{"href":"https:\/\/www.europesays.com\/fr\/wp-json\/wp\/v2\/types\/post"}],"author":[{"embeddable":true,"href":"https:\/\/www.europesays.com\/fr\/wp-json\/wp\/v2\/users\/2"}],"replies":[{"embeddable":true,"href":"https:\/\/www.europesays.com\/fr\/wp-json\/wp\/v2\/comments?post=220327"}],"version-history":[{"count":0,"href":"https:\/\/www.europesays.com\/fr\/wp-json\/wp\/v2\/posts\/220327\/revisions"}],"wp:featuredmedia":[{"embeddable":true,"href":"https:\/\/www.europesays.com\/fr\/wp-json\/wp\/v2\/media\/184560"}],"wp:attachment":[{"href":"https:\/\/www.europesays.com\/fr\/wp-json\/wp\/v2\/media?parent=220327"}],"wp:term":[{"taxonomy":"category","embeddable":true,"href":"https:\/\/www.europesays.com\/fr\/wp-json\/wp\/v2\/categories?post=220327"},{"taxonomy":"post_tag","embeddable":true,"href":"https:\/\/www.europesays.com\/fr\/wp-json\/wp\/v2\/tags?post=220327"}],"curies":[{"name":"wp","href":"https:\/\/api.w.org\/{rel}","templated":true}]}}