{"id":220334,"date":"2025-07-02T09:29:25","date_gmt":"2025-07-02T09:29:25","guid":{"rendered":"https:\/\/www.europesays.com\/fr\/220334\/"},"modified":"2025-07-02T09:29:25","modified_gmt":"2025-07-02T09:29:25","slug":"ledito-du-jour-habib-diarra-que-lalsace-brille-alsasports","status":"publish","type":"post","link":"https:\/\/www.europesays.com\/fr\/220334\/","title":{"rendered":"L&rsquo;\u00e9dito du jour : Habib Diarra, que l&rsquo;Alsace brille ! \u2014 Alsa&rsquo;Sports"},"content":{"rendered":"<p>Il est ce que j\u2019aimais voir dans le foot. Un talent qui s\u2019est forg\u00e9 sur place et porteur d\u2019un message. N\u00e9 au S\u00e9n\u00e9gal, il apprend l\u2019\u00e9cole de la vie \u00e0 Mulhouse et l\u2019\u00e9cole du foot \u00e0 Strasbourg, d\u00e8s 14 ans. Une fiert\u00e9 locale qui osait \u00e0 peine le reconna\u00eetre. Sourire en coin masqu\u00e9 quand il recevait son maillot floqu\u00e9 \u00ab\u00a0100\u00a0\u00bb, presque g\u00ean\u00e9 de l\u2019attention qui se portait sur lui. Il incarnait le Racing. Il avait une \u00e9tiquette \u00ab\u00a0identit\u00e9\u00a0\u00bb sur le front depuis deux ans tant les supporters aimaient le prendre en exemple pour choyer leur club. Le garant d\u2019un espoir pour les autres alsaciens, d\u2019une exemplarit\u00e9, d\u2019un football talentueux mais d\u00e9pensier. <\/p>\n<p>Au d\u00e9part attaquant, il a progressivement \u00e9volu\u00e9 \u00e0 un poste de milieu r\u00e9cup\u00e9rateur avec les U17, avant de remonter en relayeur. Mais Diarra aurait m\u00eame pu jouer lat\u00e9ral ou d\u00e9panner dans les cages, comme l\u2019avait fait Olivier Giroud en octobre 2023. C\u2019est ce genre de joueur que l\u2019on a eu le plaisir de d\u00e9couvrir. Un joueur qui se bat sans faire semblant, qui donne sans compter, qui s\u2019acharne sans rel\u00e2che, qui s\u2019\u00e9l\u00e8ve sans crainte et qui embrase la Meinau sans rancune. C\u2019est lui, micro en main et fier de porter le brassard, qui avait pris la parole devant le Kop en janvier pour r\u00e9clamer un soutien int\u00e9gral. Il n\u2019a pas \u00e9t\u00e9 \u00e9cout\u00e9 mais s\u2019est montr\u00e9 \u00e0 la hauteur jusqu\u2019\u00e0 son dernier match. <\/p>\n<p><strong>Il jouera s\u00fbrement une plus belle Europe ailleurs<\/strong><\/p>\n<p>Je le sentais parfois trop impliqu\u00e9 dans les joutes verbales des matches \u00e0 fort enjeu, mais c\u2019\u00e9tait s\u00fbrement sa fa\u00e7on \u00e0 lui de nous montrer \u00e0 quel point il respectait son nouveau statut, \u00e0 quel point il aimait ce brassard. Lui le gamin de Mulhouse devenu le plus jeune capitaine de l\u2019histoire du Racing. Beaucoup de clubs ont eu ces joueurs aux trajectoires locales qui restent des d\u00e9cennies. \u00c0 Strasbourg, Diarra n\u2019a v\u00e9cu que quatre saisons avec l\u2019\u00e9quipe premi\u00e8re mais aura presque tout connu. Du centre, des luttes pour le maintien, au brassard en passant par le cap des 100. Il ne lui manquait plus que l\u2019Europe, celle que le Racing s\u2019appr\u00eate \u00e0 jouer sans mais aussi gr\u00e2ce \u00e0 lui. D\u2019ailleurs il jouera s\u00fbrement une plus belle Europe ailleurs. <\/p>\n<p>En tout cas il aurait eu tort de ne pas laisser son talent et sa mentalit\u00e9 s\u2019exporter. La Premier League, un r\u00eave bien s\u00fbr. Il retrouvera ses copains Matz et Jean-Jean, se rem\u00e9morera les bons souvenirs d\u2019Alsace mais donnera surtout un \u00e9lan \u00e0 sa prometteuse carri\u00e8re. C\u2019est toujours particulier de voir partir un gamin que l\u2019on a \u00e9lev\u00e9. Je pense \u00e0 tous ses \u00e9ducateurs de la Racing Mutest Acad\u00e9mie qui l\u2019observent avec les yeux et la fiert\u00e9 d\u2019un parent. C\u2019\u00e9tait super de l\u2019avoir, c\u2019\u00e9tait super de le voir. Que Habib Diarra s\u2019\u00e9clate parce qu\u2019il le m\u00e9rite ! Et que l\u2019Alsace brille !<\/p>\n","protected":false},"excerpt":{"rendered":"Il est ce que j\u2019aimais voir dans le foot. Un talent qui s\u2019est forg\u00e9 sur place et porteur&hellip;\n","protected":false},"author":2,"featured_media":220335,"comment_status":"","ping_status":"","sticky":false,"template":"","format":"standard","meta":{"footnotes":""},"categories":[2820],"tags":[1111,11,1777,674,63,1011,27,775,66,12,4448,25,640],"class_list":{"0":"post-220334","1":"post","2":"type-post","3":"status-publish","4":"format-standard","5":"has-post-thumbnail","7":"category-strasbourg","8":"tag-actu","9":"tag-actualites","10":"tag-eu","11":"tag-europe","12":"tag-football","13":"tag-fr","14":"tag-france","15":"tag-grand-est","16":"tag-ligue-1","17":"tag-news","18":"tag-rc-strasbourg","19":"tag-republique-francaise","20":"tag-strasbourg"},"share_on_mastodon":{"url":"https:\/\/pubeurope.com\/@fr\/114782939613308850","error":""},"_links":{"self":[{"href":"https:\/\/www.europesays.com\/fr\/wp-json\/wp\/v2\/posts\/220334","targetHints":{"allow":["GET"]}}],"collection":[{"href":"https:\/\/www.europesays.com\/fr\/wp-json\/wp\/v2\/posts"}],"about":[{"href":"https:\/\/www.europesays.com\/fr\/wp-json\/wp\/v2\/types\/post"}],"author":[{"embeddable":true,"href":"https:\/\/www.europesays.com\/fr\/wp-json\/wp\/v2\/users\/2"}],"replies":[{"embeddable":true,"href":"https:\/\/www.europesays.com\/fr\/wp-json\/wp\/v2\/comments?post=220334"}],"version-history":[{"count":0,"href":"https:\/\/www.europesays.com\/fr\/wp-json\/wp\/v2\/posts\/220334\/revisions"}],"wp:featuredmedia":[{"embeddable":true,"href":"https:\/\/www.europesays.com\/fr\/wp-json\/wp\/v2\/media\/220335"}],"wp:attachment":[{"href":"https:\/\/www.europesays.com\/fr\/wp-json\/wp\/v2\/media?parent=220334"}],"wp:term":[{"taxonomy":"category","embeddable":true,"href":"https:\/\/www.europesays.com\/fr\/wp-json\/wp\/v2\/categories?post=220334"},{"taxonomy":"post_tag","embeddable":true,"href":"https:\/\/www.europesays.com\/fr\/wp-json\/wp\/v2\/tags?post=220334"}],"curies":[{"name":"wp","href":"https:\/\/api.w.org\/{rel}","templated":true}]}}