{"id":220340,"date":"2025-07-02T09:32:12","date_gmt":"2025-07-02T09:32:12","guid":{"rendered":"https:\/\/www.europesays.com\/fr\/220340\/"},"modified":"2025-07-02T09:32:12","modified_gmt":"2025-07-02T09:32:12","slug":"de-faux-comptes-naolib-circulent-sur-facebook-le-reseau-de-transports-alerte","status":"publish","type":"post","link":"https:\/\/www.europesays.com\/fr\/220340\/","title":{"rendered":"de faux comptes Naolib circulent sur Facebook, le r\u00e9seau de transports alerte"},"content":{"rendered":"<p>            Par<br \/>\n        <strong><br \/>\n            <a href=\"https:\/\/actu.fr\/auteur\/clemence-pays02-actu-fr\" title=\"Consulter tous les articles de Cl\u00e9mence Pays\" rel=\"nofollow noopener\" target=\"_blank\">Cl\u00e9mence Pays<\/a><br \/>\n        <\/strong><\/p>\n<p>        Publi\u00e9 le<\/p>\n<p>            2 juil. 2025 \u00e0 11h06        <\/p>\n<p>Attention si vous utilisez le r\u00e9seau social <a href=\"https:\/\/actu.fr\/tag\/facebook\" rel=\"nofollow noopener\" target=\"_blank\">Facebook<\/a>. De <strong>faux comptes<\/strong> circulent, dont certains se font passer pour <strong>Naolib.<\/strong> C\u2019est le r\u00e9seau de transports en commun de Nantes lui-m\u00eame qui<strong> a lanc\u00e9 l\u2019alerte<\/strong> sur son compte X.<\/p>\n<p class=\" wall-content\">Selon Naolib, ces faux comptes tenteraient de <strong>voler les donn\u00e9es personnelles<\/strong> des utilisateurs de Facebook.<\/p>\n<p>Ne pas cliquer<\/p>\n<p class=\" wall-content\">Si vous voyez l\u2019un de ces profils passer, il est important de <strong>ne cliquer sur aucun lien<\/strong> et de\u00a0<strong>ne pas partager<\/strong>\u00a0les publications. Les utilisateurs sont invit\u00e9s \u00e0 <strong>signaler<\/strong> ces comptes frauduleux.<\/p>\n<p class=\" wall-content\">\n<p class=\" wall-content\">Naolib rappelle qu\u2019<strong>une seule offre existe,<\/strong> appel\u00e9e \u00ab\u2009l\u2019offre d\u00e9couverte\u2009\u00bb, elle permet de tester pendant un mois les services de mobilit\u00e9 du r\u00e9seau.<\/p>\n<p class=\" wall-content\">\u00ab\u2009En cas de doute, contactez un conseiller Allo Naolib au 02 40\u2009444\u2009444.\u2009\u00bb<\/p>\n<p>Vid\u00e9os : en ce moment sur Actu<\/p>\n<p class=\" wall-content\">Suivez toute l\u2019actualit\u00e9 de vos villes et m\u00e9dias favoris en vous inscrivant \u00e0 <a href=\"https:\/\/moncompte.actu.fr\" title=\"D\u00e9couvez Mon Actu\" rel=\"nofollow noopener\" data-trk=\"{&quot;cta&quot;:{&quot;action&quot;:&quot;https:\\\/\\\/moncompte.actu.fr&quot;,&quot;category&quot;:&quot;mon compte&quot;,&quot;from&quot;:&quot;article footer&quot;,&quot;name&quot;:&quot;Mon actu&quot;,&quot;type&quot;:&quot;cta&quot;}}\" target=\"_blank\">Mon Actu<\/a>.<\/p>\n","protected":false},"excerpt":{"rendered":"Par Cl\u00e9mence Pays Publi\u00e9 le 2 juil. 2025 \u00e0 11h06 Attention si vous utilisez le r\u00e9seau social Facebook.&hellip;\n","protected":false},"author":2,"featured_media":220341,"comment_status":"","ping_status":"","sticky":false,"template":"","format":"standard","meta":{"footnotes":""},"categories":[2818],"tags":[1111,11,3514,1777,674,118,1011,27,766,12,2636,25,2803],"class_list":{"0":"post-220340","1":"post","2":"type-post","3":"status-publish","4":"format-standard","5":"has-post-thumbnail","7":"category-nantes","8":"tag-actu","9":"tag-actualites","10":"tag-arnaque","11":"tag-eu","12":"tag-europe","13":"tag-faits-divers","14":"tag-fr","15":"tag-france","16":"tag-nantes","17":"tag-news","18":"tag-pays-de-la-loire","19":"tag-republique-francaise","20":"tag-transport"},"share_on_mastodon":{"url":"https:\/\/pubeurope.com\/@fr\/114782951465838063","error":""},"_links":{"self":[{"href":"https:\/\/www.europesays.com\/fr\/wp-json\/wp\/v2\/posts\/220340","targetHints":{"allow":["GET"]}}],"collection":[{"href":"https:\/\/www.europesays.com\/fr\/wp-json\/wp\/v2\/posts"}],"about":[{"href":"https:\/\/www.europesays.com\/fr\/wp-json\/wp\/v2\/types\/post"}],"author":[{"embeddable":true,"href":"https:\/\/www.europesays.com\/fr\/wp-json\/wp\/v2\/users\/2"}],"replies":[{"embeddable":true,"href":"https:\/\/www.europesays.com\/fr\/wp-json\/wp\/v2\/comments?post=220340"}],"version-history":[{"count":0,"href":"https:\/\/www.europesays.com\/fr\/wp-json\/wp\/v2\/posts\/220340\/revisions"}],"wp:featuredmedia":[{"embeddable":true,"href":"https:\/\/www.europesays.com\/fr\/wp-json\/wp\/v2\/media\/220341"}],"wp:attachment":[{"href":"https:\/\/www.europesays.com\/fr\/wp-json\/wp\/v2\/media?parent=220340"}],"wp:term":[{"taxonomy":"category","embeddable":true,"href":"https:\/\/www.europesays.com\/fr\/wp-json\/wp\/v2\/categories?post=220340"},{"taxonomy":"post_tag","embeddable":true,"href":"https:\/\/www.europesays.com\/fr\/wp-json\/wp\/v2\/tags?post=220340"}],"curies":[{"name":"wp","href":"https:\/\/api.w.org\/{rel}","templated":true}]}}