{"id":220344,"date":"2025-07-02T09:34:10","date_gmt":"2025-07-02T09:34:10","guid":{"rendered":"https:\/\/www.europesays.com\/fr\/220344\/"},"modified":"2025-07-02T09:34:10","modified_gmt":"2025-07-02T09:34:10","slug":"onze-maires-de-bordeaux-metropole-reclament-a-bruno-retailleau-de-prendre-une-mesure-forte-contre-linsecurite","status":"publish","type":"post","link":"https:\/\/www.europesays.com\/fr\/220344\/","title":{"rendered":"Onze maires de Bordeaux M\u00e9tropole r\u00e9clament \u00e0 Bruno Retailleau de prendre une mesure forte contre l&rsquo;ins\u00e9curit\u00e9"},"content":{"rendered":"<p>            Par<br \/>\n        <strong><br \/>\n            <a href=\"https:\/\/actu.fr\/auteur\/sports33\" title=\"Consulter tous les articles de Nicolas Gosselin\" target=\"_blank\" rel=\"noopener\">Nicolas Gosselin<\/a><br \/>\n        <\/strong><\/p>\n<p>        Publi\u00e9 le<\/p>\n<p>            2 juil. 2025 \u00e0 10h52        <\/p>\n<p>Certains sujets font consensus \u00e0 Bordeaux. <a href=\"https:\/\/actu.fr\/nouvelle-aquitaine\/bordeaux_33063\/pierre-hurmic-profite-du-changement-de-ministre-pour-reiterer-sa-demande-sur-la-securite-a-bordeaux_61751312.html\" target=\"_blank\" rel=\"noopener\">R\u00e9clam\u00e9e par Pierre Hurmic<\/a> depuis le d\u00e9but de son mandat, l\u2019implantation d\u2019<strong>une unit\u00e9 enti\u00e8re de CRS \u00e0 demeure et p\u00e9renne<\/strong> est aussi un souhait cher de son opposition. Comme elle l\u2019avait fait aupr\u00e8s de <a href=\"https:\/\/actu.fr\/tag\/gerald-darmanin\" target=\"_blank\" rel=\"noopener\">G\u00e9rald Darmanin<\/a> en 2020, la conseill\u00e8re municipale d\u2019opposition <strong>Nathalie Delattre<\/strong> a r\u00e9it\u00e9r\u00e9 aupr\u00e8s du ministre de l\u2019Int\u00e9rieur actuel sa demande pour avoir l\u2019affectation d\u2019une compagnie de CRS \u00e0 mission de s\u00e9curisation permanente sur l\u2019<strong>agglom\u00e9ration bordelaise<\/strong>.<\/p>\n<p class=\" wall-content\">Dans un courrier envoy\u00e9 ce lundi 30 juin 2025 et co-sign\u00e9 avec les dix autres maires du groupe m\u00e9tropolitain d\u2019opposition M\u00e9tropole Commune(s), la ministre d\u00e9l\u00e9gu\u00e9e charg\u00e9e du tourisme et candidate d\u00e9clar\u00e9e aux municipales \u00e0 Bordeaux rappelle \u00e0 <a href=\"https:\/\/actu.fr\/tag\/bruno-retailleau\" target=\"_blank\" rel=\"noopener\">Bruno Retailleau<\/a> que \u00ab\u00a0la m\u00e9tropole bordelaise \u2013 quatri\u00e8me plus grande en France \u2013 est malheureusement la <strong>seule grande aire urbaine \u00e0 ne pas \u00eatre pourvue<\/strong> d\u2019une compagnie de CRS \u00e0 demeure\u00a0\u00bb.<\/p>\n<p class=\" wall-content\">En septembre 2020, <a href=\"https:\/\/actu.fr\/nouvelle-aquitaine\/bordeaux_33063\/bordeaux-face-a-l-insecurite-une-demi-compagnie-de-crs-en-renfort-fin-septembre_36239304.html\" target=\"_blank\" rel=\"noopener\">G\u00e9rald Darmanin avait accept\u00e9 de d\u00e9ployer une demie compagnie de CRS<\/a> \u00e0 Bordeaux, soit 30 \u00e0 35 CRS, mais cette pr\u00e9sence n\u2019est plus d\u2019actualit\u00e9 depuis le d\u00e9but d\u2019ann\u00e9e. Nathalie Delattre lui avait alors \u00e9crit en ce sens le 18 ao\u00fbt et sa demande avait \u00e9t\u00e9 appuy\u00e9e par la pr\u00e9f\u00e8te Fabienne Buccio et le maire Pierre Hurmic.<\/p>\n<p>Pour \u00e9vacuer des squats ou des op\u00e9rations d\u2019\u00eelotage<\/p>\n<p class=\" wall-content\">Pour la conseill\u00e8re municipale d\u2019opposition et ses acolytes du groupe m\u00e9tropolitain, cette compagnie de CRS \u00ab\u00a0est n\u00e9cessaire pour<strong> s\u00e9curiser les nombreux \u00e9v\u00e9nements<\/strong> du territoire\u00a0\u00bb et car \u00ab\u00a0elle pourrait \u00e9galement <strong>accompagner l\u2019\u00e9vacuation de certains sites squatt\u00e9s<\/strong> dans nos communes\u00a0\u00bb.<\/p>\n<p class=\" wall-content\">\u00c9galement, cette compagnie \u00ab\u00a0serait en mesure effectuer <strong>des op\u00e9rations ponctuelles d\u2019\u00eelotage<\/strong>, en journ\u00e9e et en d\u00e9but de soir\u00e9e, dans des quartiers de nos centres-villes qui ont connu r\u00e9cemment des <strong>agressions particuli\u00e8rement violentes<\/strong>, voire meurtri\u00e8res\u00a0\u00bb.<\/p>\n<p class=\" wall-content\">Suivez toute l\u2019actualit\u00e9 de vos villes et m\u00e9dias favoris en vous inscrivant \u00e0 <a href=\"https:\/\/moncompte.actu.fr\" title=\"D\u00e9couvez Mon Actu\" rel=\"nofollow noopener\" data-trk=\"{&quot;cta&quot;:{&quot;action&quot;:&quot;https:\\\/\\\/moncompte.actu.fr&quot;,&quot;category&quot;:&quot;mon compte&quot;,&quot;from&quot;:&quot;article footer&quot;,&quot;name&quot;:&quot;Mon actu&quot;,&quot;type&quot;:&quot;cta&quot;}}\" target=\"_blank\">Mon Actu<\/a>.<\/p>\n","protected":false},"excerpt":{"rendered":"Par Nicolas Gosselin Publi\u00e9 le 2 juil. 2025 \u00e0 10h52 Certains sujets font consensus \u00e0 Bordeaux. R\u00e9clam\u00e9e par&hellip;\n","protected":false},"author":2,"featured_media":220345,"comment_status":"","ping_status":"","sticky":false,"template":"","format":"standard","meta":{"footnotes":""},"categories":[2817],"tags":[1111,11,1997,1777,674,1011,27,2825,12,2219,4860,1072,316,25],"class_list":{"0":"post-220344","1":"post","2":"type-post","3":"status-publish","4":"format-standard","5":"has-post-thumbnail","7":"category-bordeaux","8":"tag-actu","9":"tag-actualites","10":"tag-bordeaux","11":"tag-eu","12":"tag-europe","13":"tag-fr","14":"tag-france","15":"tag-insecurite","16":"tag-news","17":"tag-nouvelle-aquitaine","18":"tag-pierre-hurmic","19":"tag-police","20":"tag-politique","21":"tag-republique-francaise"},"share_on_mastodon":{"url":"https:\/\/pubeurope.com\/@fr\/114782959408306851","error":""},"_links":{"self":[{"href":"https:\/\/www.europesays.com\/fr\/wp-json\/wp\/v2\/posts\/220344","targetHints":{"allow":["GET"]}}],"collection":[{"href":"https:\/\/www.europesays.com\/fr\/wp-json\/wp\/v2\/posts"}],"about":[{"href":"https:\/\/www.europesays.com\/fr\/wp-json\/wp\/v2\/types\/post"}],"author":[{"embeddable":true,"href":"https:\/\/www.europesays.com\/fr\/wp-json\/wp\/v2\/users\/2"}],"replies":[{"embeddable":true,"href":"https:\/\/www.europesays.com\/fr\/wp-json\/wp\/v2\/comments?post=220344"}],"version-history":[{"count":0,"href":"https:\/\/www.europesays.com\/fr\/wp-json\/wp\/v2\/posts\/220344\/revisions"}],"wp:featuredmedia":[{"embeddable":true,"href":"https:\/\/www.europesays.com\/fr\/wp-json\/wp\/v2\/media\/220345"}],"wp:attachment":[{"href":"https:\/\/www.europesays.com\/fr\/wp-json\/wp\/v2\/media?parent=220344"}],"wp:term":[{"taxonomy":"category","embeddable":true,"href":"https:\/\/www.europesays.com\/fr\/wp-json\/wp\/v2\/categories?post=220344"},{"taxonomy":"post_tag","embeddable":true,"href":"https:\/\/www.europesays.com\/fr\/wp-json\/wp\/v2\/tags?post=220344"}],"curies":[{"name":"wp","href":"https:\/\/api.w.org\/{rel}","templated":true}]}}