{"id":220357,"date":"2025-07-02T09:41:14","date_gmt":"2025-07-02T09:41:14","guid":{"rendered":"https:\/\/www.europesays.com\/fr\/220357\/"},"modified":"2025-07-02T09:41:14","modified_gmt":"2025-07-02T09:41:14","slug":"marseille-insiste-pour-recruter-matthis-abline","status":"publish","type":"post","link":"https:\/\/www.europesays.com\/fr\/220357\/","title":{"rendered":"Marseille insiste pour recruter Matthis Abline"},"content":{"rendered":"<p style=\"text-align: justify;\"><strong>TRANSFERTS \u2013 Selon <a href=\"https:\/\/rmcsport.bfmtv.com\/football\/clubs\/olympique-marseille\/postes-cibles-departs-possibles-quelle-suite-de-mercato-pour-l-om-apres-l-arrivee-de-facundo-medina_AV-202507010780.html\" target=\"_blank\" rel=\"noopener\">RMC Sport<\/a>, l\u2019Olympique de Marseille n\u2019a pas abandonn\u00e9 l\u2019id\u00e9e de recruter Matthis Abline (Nantes).\u00a0<\/strong><\/p>\n<p style=\"text-align: justify;\">1 et 2 et 3 recrues ! Apr\u00e8s les Britanniques <strong>Angel<\/strong> <strong>Gomes<\/strong> et <strong>CJ Egan-Riley<\/strong>, c\u2019est l\u2019Argentin <strong>Facundo<\/strong> <strong>Medina<\/strong> qui a dit oui \u00e0 l\u2019<strong>Olympique de Marseille<\/strong> pour les ann\u00e9es \u00e0 venir. Mais plusieurs recrues sont encore attendues pour se renforcer en d\u00e9fense, mais aussi en attaque, o\u00f9 un avant-centre et un ailier gauche sont notamment recherch\u00e9s.<\/p>\n<p>Sunderland et Marseille sur Matthis Abline<\/p>\n<p style=\"text-align: justify;\">En pointe, <strong>Amine<\/strong> <strong>Gouri<\/strong> devrait \u00eatre le titulaire, mais Roberto De Zerbi ne voudrait pas conserver <strong>Neal<\/strong> <strong>Maupay<\/strong>. Un deuxi\u00e8me attaquant est donc esp\u00e9r\u00e9 et <strong>Matthis<\/strong> <strong>Abline<\/strong> (FC Nantes) figure tout en haut de la liste de <strong>Medhi<\/strong> <strong>Benatia<\/strong>. Marseille est d\u00e9j\u00e0 venu aux renseignements, mais <strong>Waldemar<\/strong> <strong>Kita<\/strong> s\u2019\u00e9tait montr\u00e9 tr\u00e8s ferme \u00e0 son sujet, il y a quelques jours.<\/p>\n<p style=\"text-align: justify;\">Malgr\u00e9 la sortie du pr\u00e9sident nantais, les dirigeants marseillais n\u2019auraient pas abandonn\u00e9 l\u2019id\u00e9e de recruter <strong>Matthis<\/strong> <strong>Abline<\/strong>. Mais un transfert sera co\u00fbteux puisque les <strong>Canaris<\/strong> viennent de refuser une offre de 20 millions d\u2019euros de Sunderland. L\u2019<strong>Olympique de Marseille<\/strong> va donc devoir proposer plus que cela pour signer l\u2019international espoirs qui est \u00e9valu\u00e9 \u00e0 18 millions d\u2019euros par Transfertmarkt.<\/p>\n<p>\u00c0 ce sujet<br \/>\n<a href=\"https:\/\/dicodusport.fr\/blog\/mercato-om-2025-2026-le-tableau-complet-des-transferts-arrivees-et-departs\/\" class=\"vlp-link\" title=\"Mercato OM 2025-2026 : Le tableau complet des transferts, arriv\u00e9es et d\u00e9parts\" target=\"_blank\" rel=\"noopener\"><img loading=\"lazy\" decoding=\"async\" style=\"max-width: 792px;\" width=\"792\" height=\"445\" class=\"attachment-800x445 size-800x445 perfmatters-lazy\" alt=\"Mercato OM 2025-2026 Le tableau complet des transferts, arriv\u00e9es et d\u00e9parts\" src=\"https:\/\/www.europesays.com\/fr\/wp-content\/uploads\/2025\/06\/Mercato-OM-2025-2026-Le-tableau-complet-des-transferts-arrivees-et-departs.png\"  data-\/><\/p>\n<p>Mercato OM 2025-2026 : Le tableau complet des transferts, arriv\u00e9es et d\u00e9parts<\/p>\n<p>TRANSFERTS OM &#8211; Retrouvez tous les mouvements de l&rsquo;Olympique de Marseille pour l&rsquo;intersaison 2025 en Ligue 1. Arriv\u00e9es, d\u00e9part, pr\u00eats, transferts d\u00e9finitifs, ne ratez rien du mercato estival.\u00a0<\/p>\n<p>Lire l&rsquo;article<\/p>\n<p>dicodusport.fr<\/p>\n","protected":false},"excerpt":{"rendered":"TRANSFERTS \u2013 Selon RMC Sport, l\u2019Olympique de Marseille n\u2019a pas abandonn\u00e9 l\u2019id\u00e9e de recruter Matthis Abline (Nantes).\u00a0 1&hellip;\n","protected":false},"author":2,"featured_media":220358,"comment_status":"","ping_status":"","sticky":false,"template":"","format":"standard","meta":{"footnotes":""},"categories":[2814],"tags":[1111,11,2113,1777,674,1011,27,884,35942,12,149,882,25],"class_list":{"0":"post-220357","1":"post","2":"type-post","3":"status-publish","4":"format-standard","5":"has-post-thumbnail","7":"category-marseille","8":"tag-actu","9":"tag-actualites","10":"tag-breve","11":"tag-eu","12":"tag-europe","13":"tag-fr","14":"tag-france","15":"tag-marseille","16":"tag-mercatom","17":"tag-news","18":"tag-om","19":"tag-provence-alpes-cote-dazur","20":"tag-republique-francaise"},"share_on_mastodon":{"url":"https:\/\/pubeurope.com\/@fr\/114782987012133725","error":""},"_links":{"self":[{"href":"https:\/\/www.europesays.com\/fr\/wp-json\/wp\/v2\/posts\/220357","targetHints":{"allow":["GET"]}}],"collection":[{"href":"https:\/\/www.europesays.com\/fr\/wp-json\/wp\/v2\/posts"}],"about":[{"href":"https:\/\/www.europesays.com\/fr\/wp-json\/wp\/v2\/types\/post"}],"author":[{"embeddable":true,"href":"https:\/\/www.europesays.com\/fr\/wp-json\/wp\/v2\/users\/2"}],"replies":[{"embeddable":true,"href":"https:\/\/www.europesays.com\/fr\/wp-json\/wp\/v2\/comments?post=220357"}],"version-history":[{"count":0,"href":"https:\/\/www.europesays.com\/fr\/wp-json\/wp\/v2\/posts\/220357\/revisions"}],"wp:featuredmedia":[{"embeddable":true,"href":"https:\/\/www.europesays.com\/fr\/wp-json\/wp\/v2\/media\/220358"}],"wp:attachment":[{"href":"https:\/\/www.europesays.com\/fr\/wp-json\/wp\/v2\/media?parent=220357"}],"wp:term":[{"taxonomy":"category","embeddable":true,"href":"https:\/\/www.europesays.com\/fr\/wp-json\/wp\/v2\/categories?post=220357"},{"taxonomy":"post_tag","embeddable":true,"href":"https:\/\/www.europesays.com\/fr\/wp-json\/wp\/v2\/tags?post=220357"}],"curies":[{"name":"wp","href":"https:\/\/api.w.org\/{rel}","templated":true}]}}