{"id":220365,"date":"2025-07-02T09:45:16","date_gmt":"2025-07-02T09:45:16","guid":{"rendered":"https:\/\/www.europesays.com\/fr\/220365\/"},"modified":"2025-07-02T09:45:16","modified_gmt":"2025-07-02T09:45:16","slug":"apres-la-canicule-des-orages-vont-frapper-paris-et-lile-de-france-placees-en-vigilance","status":"publish","type":"post","link":"https:\/\/www.europesays.com\/fr\/220365\/","title":{"rendered":"Apr\u00e8s la canicule, des orages vont frapper Paris et l&rsquo;\u00cele-de-France plac\u00e9es en vigilance"},"content":{"rendered":"<p>            Par<br \/>\n        <strong><br \/>\n            <a href=\"https:\/\/actu.fr\/auteur\/redaction-paris\" title=\"Consulter tous les articles de R\u00e9daction Paris\" rel=\"nofollow noopener\" target=\"_blank\">R\u00e9daction Paris<\/a><br \/>\n        <\/strong><\/p>\n<p>        Publi\u00e9 le<\/p>\n<p>            2 juil. 2025 \u00e0 11h34        <\/p>\n<p>C\u2019est presque in\u00e9vitable\u2009: les vagues de chaleur se concluent par des <a href=\"https:\/\/actu.fr\/tag\/orages\" rel=\"nofollow noopener\" target=\"_blank\">orages<\/a>. Apr\u00e8s trois jours d\u2019une <a href=\"https:\/\/actu.fr\/ile-de-france\/paris_75056\/ressenti-44-c-meteo-france-declenche-la-vigilance-rouge-canicule-a-paris-et-en-petite-couronne_62846076.html\" rel=\"nofollow noopener\" target=\"_blank\">canicule particuli\u00e8rement intense<\/a>, la <a href=\"https:\/\/actu.fr\/paris\/meteo\" rel=\"nofollow noopener\" target=\"_blank\">m\u00e9t\u00e9o<\/a> \u00e0 Paris et en \u00cele-de-France va \u00eatre \u00e9lectrique. Ce mercredi 2\u00a0juillet 2025, <a href=\"https:\/\/actu.fr\/tag\/meteo-france\" rel=\"nofollow noopener\" target=\"_blank\">M\u00e9t\u00e9o France<\/a> a plac\u00e9 la r\u00e9gion en <strong>vigilance jaune<\/strong> aux orages.<\/p>\n<p>Baisse des temp\u00e9ratures<\/p>\n<p class=\" wall-content\">L\u2019alerte prendra effet aux alentours de 17\u00a0heures. Des pluies qui feront chuter les temp\u00e9ratures (il fera 24\u00b0C vers 20\u00a0heures) et mettront<strong>\u00a0fin \u00e0 la vigilance<\/strong> orange canicule.<\/p>\n<p class=\" wall-content\">\u00ab\u2009La fin de la canicule va se mettre en place sur un grand quart nord-ouest d\u00e8s cet apr\u00e8s-midi, gr\u00e2ce \u00e0 l\u2019arriv\u00e9e tant attendue de <strong>l\u2019air \u00ab\u2009frais\u2009\u00bb de la Manche<\/strong>\u2009\u00bb, d\u00e9taille La Cha\u00eene M\u00e9t\u00e9o.<\/p>\n<p class=\" wall-content\">\n<p class=\" wall-content\">Le lendemain, jeudi 3\u00a0juillet 2025, le thermom\u00e8tre oscillera entre <strong>23\u00b0C et 27\u00b0C<\/strong>.\u00a0Le ciel bleu sera \u00ab\u2009pr\u00e9dominant\u2009\u00bb et le soleil \u00ab\u2009brillera sans partage\u2009\u00bb.<\/p>\n<p class=\" wall-content\">Une m\u00e9t\u00e9o qui continuera jusqu\u2019\u00e0 la fin de la semaine. M\u00e9t\u00e9o France pr\u00e9voit pour vendredi 4\u00a0juillet 2025 un soleil \u00ab\u2009g\u00e9n\u00e9reux\u2009\u00bb et des temp\u00e9ratures situ\u00e9es entre <strong>17\u00b0C<\/strong> au plus frais et <strong>29\u00b0C<\/strong> au plus chaud.<\/p>\n<p>Vid\u00e9os : en ce moment sur Actu<\/p>\n<p class=\" wall-content\">Suivez toute l\u2019actualit\u00e9 de vos villes et m\u00e9dias favoris en vous inscrivant \u00e0 <a href=\"https:\/\/moncompte.actu.fr\" title=\"D\u00e9couvez Mon Actu\" rel=\"nofollow noopener\" data-trk=\"{&quot;cta&quot;:{&quot;action&quot;:&quot;https:\\\/\\\/moncompte.actu.fr&quot;,&quot;category&quot;:&quot;mon compte&quot;,&quot;from&quot;:&quot;article footer&quot;,&quot;name&quot;:&quot;Mon actu&quot;,&quot;type&quot;:&quot;cta&quot;}}\" target=\"_blank\">Mon Actu<\/a>.<\/p>\n","protected":false},"excerpt":{"rendered":"Par R\u00e9daction Paris Publi\u00e9 le 2 juil. 2025 \u00e0 11h34 C\u2019est presque in\u00e9vitable\u2009: les vagues de chaleur se&hellip;\n","protected":false},"author":2,"featured_media":220366,"comment_status":"","ping_status":"","sticky":false,"template":"","format":"standard","meta":{"footnotes":""},"categories":[1592],"tags":[1111,11,6698,1777,674,1011,27,662,2487,2357,12,4594,626,25],"class_list":{"0":"post-220365","1":"post","2":"type-post","3":"status-publish","4":"format-standard","5":"has-post-thumbnail","7":"category-ile-de-france","8":"tag-actu","9":"tag-actualites","10":"tag-canicule","11":"tag-eu","12":"tag-europe","13":"tag-fr","14":"tag-france","15":"tag-ile-de-france","16":"tag-meteo","17":"tag-meteo-france","18":"tag-news","19":"tag-orages","20":"tag-paris","21":"tag-republique-francaise"},"share_on_mastodon":{"url":"https:\/\/pubeurope.com\/@fr\/114783002533573590","error":""},"_links":{"self":[{"href":"https:\/\/www.europesays.com\/fr\/wp-json\/wp\/v2\/posts\/220365","targetHints":{"allow":["GET"]}}],"collection":[{"href":"https:\/\/www.europesays.com\/fr\/wp-json\/wp\/v2\/posts"}],"about":[{"href":"https:\/\/www.europesays.com\/fr\/wp-json\/wp\/v2\/types\/post"}],"author":[{"embeddable":true,"href":"https:\/\/www.europesays.com\/fr\/wp-json\/wp\/v2\/users\/2"}],"replies":[{"embeddable":true,"href":"https:\/\/www.europesays.com\/fr\/wp-json\/wp\/v2\/comments?post=220365"}],"version-history":[{"count":0,"href":"https:\/\/www.europesays.com\/fr\/wp-json\/wp\/v2\/posts\/220365\/revisions"}],"wp:featuredmedia":[{"embeddable":true,"href":"https:\/\/www.europesays.com\/fr\/wp-json\/wp\/v2\/media\/220366"}],"wp:attachment":[{"href":"https:\/\/www.europesays.com\/fr\/wp-json\/wp\/v2\/media?parent=220365"}],"wp:term":[{"taxonomy":"category","embeddable":true,"href":"https:\/\/www.europesays.com\/fr\/wp-json\/wp\/v2\/categories?post=220365"},{"taxonomy":"post_tag","embeddable":true,"href":"https:\/\/www.europesays.com\/fr\/wp-json\/wp\/v2\/tags?post=220365"}],"curies":[{"name":"wp","href":"https:\/\/api.w.org\/{rel}","templated":true}]}}