{"id":220369,"date":"2025-07-02T09:47:12","date_gmt":"2025-07-02T09:47:12","guid":{"rendered":"https:\/\/www.europesays.com\/fr\/220369\/"},"modified":"2025-07-02T09:47:12","modified_gmt":"2025-07-02T09:47:12","slug":"boualem-sansal-prisonnier-des-geoles-algeriennes-depuis-huit-mois-et-tributaire-des-tensions-entre-paris-et-alger","status":"publish","type":"post","link":"https:\/\/www.europesays.com\/fr\/220369\/","title":{"rendered":"Boualem Sansal, prisonnier des ge\u00f4les alg\u00e9riennes depuis huit mois et tributaire des tensions entre Paris et Alger"},"content":{"rendered":"<p><strong>R\u00c9CIT &#8211;<\/strong> L\u2019\u00e9crivain franco-alg\u00e9rien, incarc\u00e9r\u00e9 pour \u00abatteinte \u00e0 l\u2019int\u00e9grit\u00e9 nationale\u00bb, sera fix\u00e9 sur son sort en appel ce mardi 1er juillet. L\u2019issue de ce proc\u00e8s politique est directement li\u00e9e aux relations entre Paris et Alger, d\u00e9sastreuses depuis des mois.<\/p>\n<p class=\"fig-paragraph\">\u00abL\u2019affaire Sansal s\u2019enracine dans le contexte d\u2019une relation franco-alg\u00e9rienne tr\u00e8s tendue, non depuis le 16 novembre (date de son arrestation \u00e0 Alger, NDLR), mais depuis des ann\u00e9es\u00a0\u00bb, rappelle l\u2019ex-ambassadeur \u00e0 Alger, Xavier Driencourt. D\u00e8s 2017, le pr\u00e9sident fran\u00e7ais a fait le pari de l\u2019Alg\u00e9rie en multipliant les mains tendues vers son voisin outre-M\u00e9diterran\u00e9e. \u00ab\u200aMais ces gestes, notamment m\u00e9moriels, n\u2019ont jamais \u00e9t\u00e9 pay\u00e9s de retour\u00a0\u00bb, ajoute-t-il.Dans la seconde partie de son mandat, Emmanuel Macron s\u2019est plut\u00f4t tourn\u00e9 vers le Maroc, jusqu\u2019\u00e0 reconna\u00eetre l\u2019\u00e9t\u00e9 dernier la \u00ab\u200amarocanit\u00e9\u00a0\u00bb du Sahara occidental. Une rupture avec les pr\u00e9sidences fran\u00e7aises pr\u00e9c\u00e9dentes qui maintenaient un certain \u00e9quilibre entre les deux r\u00e9gimes arabes. \u00ab\u200aCe geste a mis en fureur les Alg\u00e9riens\u00a0\u00bb, pr\u00e9cise encore l\u2019ex-diplomate.<\/p>\n<p class=\"fig-paragraph\">Mais la raison profonde de cette inimiti\u00e9 alg\u00e9rienne \u00e0 l\u2019\u00e9gard de la France s\u2019enracine dans la structure id\u00e9ologique m\u00eame du gouvernement alg\u00e9rien, aujourd\u2019hui fortement\u2026<\/p>\n<p class=\"fig-premium-paywall__infos\">\n        Cet article est r\u00e9serv\u00e9 aux abonn\u00e9s.        Il vous reste 88% \u00e0 d\u00e9couvrir.\n    <\/p>\n<p>                <img  data- alt=\"Le Figaro\" class=\"fig-img--complete fig-img\"\/><\/p>\n<p class=\"fig-premium-paywall__title\">Vous avez envie de lire la suite ?<\/p>\n<p class=\"fig-premium-paywall__subtitle\">D\u00e9bloquez tous les articles imm\u00e9diatement.<\/p>\n<p class=\"fig-premium-paywall__connect\">\n                D\u00e9j\u00e0 abonn\u00e9\u00a0?                <a class=\"fig-premium-paywall__connect-link\" href=\"https:\/\/connect.lefigaro.fr\/login?client=horizon_web&amp;type=main&amp;redirect_uri=https%3A%2F%2Fwww.lefigaro.fr%2Finternational%2Fboualem-sansal-prisonnier-des-geoles-algeriennes-depuis-huit-mois-et-tributaire-des-tensions-entre-paris-et-alger-20250701\" data-js-gtm=\"{&quot;customCategorie&quot;: &quot;conversion&quot;, &quot;customAction&quot;: &quot;before_Landing_Connexion_paywall_auto&quot;, &quot;customLabel&quot;: &quot;bGVmaWdhcm8uZnJfXzFmMDUyNjMxLTc4OGQtNjA2YS1iMTNiLWMxNjg4Yjk4NDM3Nl9fQXJ0aWNsZQ==_Boualem Sansal, prisonnier des ge\u00f4les alg\u00e9riennes depuis huit mois et tributaire des tensions entre Paris et Alger_162&quot;, &quot;customIDSPE&quot;: &quot;bGVmaWdhcm8uZnJfXzFmMDUyNjMxLTc4OGQtNjA2YS1iMTNiLWMxNjg4Yjk4NDM3Nl9fQXJ0aWNsZQ==&quot;, &quot;event&quot;: &quot;customEventSPE&quot;}\" target=\"_blank\" rel=\"noopener\"><br \/>\n                    Connectez-vous<br \/>\n                <\/a>\n            <\/p>\n","protected":false},"excerpt":{"rendered":"R\u00c9CIT &#8211; L\u2019\u00e9crivain franco-alg\u00e9rien, incarc\u00e9r\u00e9 pour \u00abatteinte \u00e0 l\u2019int\u00e9grit\u00e9 nationale\u00bb, sera fix\u00e9 sur son sort en appel ce&hellip;\n","protected":false},"author":2,"featured_media":220370,"comment_status":"","ping_status":"","sticky":false,"template":"","format":"standard","meta":{"footnotes":""},"categories":[1888],"tags":[1111,1928,259,11,1927,260,15,4142,1777,674,1011,27,14,261,12,1926,626,1925,262,25],"class_list":{"0":"post-220369","1":"post","2":"type-post","3":"status-publish","4":"format-standard","5":"has-post-thumbnail","7":"category-paris","8":"tag-actu","9":"tag-actu-paris","10":"tag-actualite-internationale","11":"tag-actualites","12":"tag-actualites-paris","13":"tag-affaires-etrangeres","14":"tag-algerie","15":"tag-boualem-sansal","16":"tag-eu","17":"tag-europe","18":"tag-fr","19":"tag-france","20":"tag-international","21":"tag-ministere-des-affaires-etrangeres","22":"tag-news","23":"tag-news-paris","24":"tag-paris","25":"tag-paris-news","26":"tag-politique-etrangere","27":"tag-republique-francaise"},"share_on_mastodon":{"url":"https:\/\/pubeurope.com\/@fr\/114783010466390157","error":""},"_links":{"self":[{"href":"https:\/\/www.europesays.com\/fr\/wp-json\/wp\/v2\/posts\/220369","targetHints":{"allow":["GET"]}}],"collection":[{"href":"https:\/\/www.europesays.com\/fr\/wp-json\/wp\/v2\/posts"}],"about":[{"href":"https:\/\/www.europesays.com\/fr\/wp-json\/wp\/v2\/types\/post"}],"author":[{"embeddable":true,"href":"https:\/\/www.europesays.com\/fr\/wp-json\/wp\/v2\/users\/2"}],"replies":[{"embeddable":true,"href":"https:\/\/www.europesays.com\/fr\/wp-json\/wp\/v2\/comments?post=220369"}],"version-history":[{"count":0,"href":"https:\/\/www.europesays.com\/fr\/wp-json\/wp\/v2\/posts\/220369\/revisions"}],"wp:featuredmedia":[{"embeddable":true,"href":"https:\/\/www.europesays.com\/fr\/wp-json\/wp\/v2\/media\/220370"}],"wp:attachment":[{"href":"https:\/\/www.europesays.com\/fr\/wp-json\/wp\/v2\/media?parent=220369"}],"wp:term":[{"taxonomy":"category","embeddable":true,"href":"https:\/\/www.europesays.com\/fr\/wp-json\/wp\/v2\/categories?post=220369"},{"taxonomy":"post_tag","embeddable":true,"href":"https:\/\/www.europesays.com\/fr\/wp-json\/wp\/v2\/tags?post=220369"}],"curies":[{"name":"wp","href":"https:\/\/api.w.org\/{rel}","templated":true}]}}