{"id":220371,"date":"2025-07-02T09:48:09","date_gmt":"2025-07-02T09:48:09","guid":{"rendered":"https:\/\/www.europesays.com\/fr\/220371\/"},"modified":"2025-07-02T09:48:09","modified_gmt":"2025-07-02T09:48:09","slug":"a-paris-les-personnes-sans-abri-ultra-vulnerables-face-a-la-canicule-liberation","status":"publish","type":"post","link":"https:\/\/www.europesays.com\/fr\/220371\/","title":{"rendered":"\u00e0 Paris, les personnes sans abri ultra-vuln\u00e9rables face \u00e0 la canicule \u2013 Lib\u00e9ration"},"content":{"rendered":"<p class=\"sc-ksZaOG ehjQrN text-element\">On pousse la porte et un petit soupir de soulagement : enfin quelques degr\u00e9s de moins. En ce mardi 1er juillet, derri\u00e8re la fa\u00e7ade d\u2019un bel immeuble parisien, la grande pi\u00e8ce peinte de vert clair et aux chaises dispos\u00e9es le long des murs a des allures de refuge climatique. Dans cet accueil de jour du XVIe arrondissement de Paris, au milieu du ronron des ventilos et de la tondeuse \u00e0 cheveux, des personnes sans domicile se retrouvent pour \u00abs\u2019abriter, se d\u00e9salt\u00e9rer, se reposer\u00bb, explique Kamel, assis pr\u00e8s de l\u2019entr\u00e9e.<\/p>\n<p class=\"sc-ksZaOG ehjQrN text-element\">Dehors, la ville suffoque sous 38 \u00b0C. Selon les recommandations officielles en ce mardi caniculaire, mieux vaut rester chez soi, volets ferm\u00e9s, t\u00e9l\u00e9travailler, s\u2019hydrater. Mais encore faut-il avoir un chez-soi. Pour les 3 507 personnes qui vivent \u00e0 la rue dans la capitale, selon le d\u00e9compte r\u00e9alis\u00e9 en janvier lors de la Nuit de la solidarit\u00e9, difficile d\u2019\u00e9chapper aux temp\u00e9ratures infernales de ces derniers jours.<\/p>\n<p class=\"sc-ksZaOG ehjQrN text-element\">La chaleur, pour les personnes sans domicile, constitue un danger mortel, au moins <a href=\"https:\/\/www.liberation.fr\/checknews\/les-personnes-sans-domicile-fixe-decedent-elles-davantage-lete-que-lhiver-comme-laffirme-sandrine-rousseau-20220716_YUG3CCATL5EJ5NWDJOPPDPG4MI\/\" target=\"_blank\" rel=\"nofollow noopener\">autant que le froid<\/a>. Et pourtant, les mesures de mise \u00e0 l\u2019abri d\u00e9ploy\u00e9es en cas de vague de froid n\u2019ont pas vraiment d\u2019\u00e9quivalent en \u00e9t\u00e9, alors m\u00eame que les \u00e9pisodes de forte chaleur se font de plus en plus fr\u00e9quents, violents et pr\u00e9coces avec le changemen<\/p>\n","protected":false},"excerpt":{"rendered":"On pousse la porte et un petit soupir de soulagement : enfin quelques degr\u00e9s de moins. En ce&hellip;\n","protected":false},"author":2,"featured_media":220372,"comment_status":"","ping_status":"","sticky":false,"template":"","format":"standard","meta":{"footnotes":""},"categories":[1888],"tags":[11,6698,1777,674,1011,27,12,626,5140,25,3910],"class_list":{"0":"post-220371","1":"post","2":"type-post","3":"status-publish","4":"format-standard","5":"has-post-thumbnail","7":"category-paris","8":"tag-actualites","9":"tag-canicule","10":"tag-eu","11":"tag-europe","12":"tag-fr","13":"tag-france","14":"tag-news","15":"tag-paris","16":"tag-rechauffement-climatique","17":"tag-republique-francaise","18":"tag-sdf"},"share_on_mastodon":{"url":"https:\/\/pubeurope.com\/@fr\/114783014390829339","error":""},"_links":{"self":[{"href":"https:\/\/www.europesays.com\/fr\/wp-json\/wp\/v2\/posts\/220371","targetHints":{"allow":["GET"]}}],"collection":[{"href":"https:\/\/www.europesays.com\/fr\/wp-json\/wp\/v2\/posts"}],"about":[{"href":"https:\/\/www.europesays.com\/fr\/wp-json\/wp\/v2\/types\/post"}],"author":[{"embeddable":true,"href":"https:\/\/www.europesays.com\/fr\/wp-json\/wp\/v2\/users\/2"}],"replies":[{"embeddable":true,"href":"https:\/\/www.europesays.com\/fr\/wp-json\/wp\/v2\/comments?post=220371"}],"version-history":[{"count":0,"href":"https:\/\/www.europesays.com\/fr\/wp-json\/wp\/v2\/posts\/220371\/revisions"}],"wp:featuredmedia":[{"embeddable":true,"href":"https:\/\/www.europesays.com\/fr\/wp-json\/wp\/v2\/media\/220372"}],"wp:attachment":[{"href":"https:\/\/www.europesays.com\/fr\/wp-json\/wp\/v2\/media?parent=220371"}],"wp:term":[{"taxonomy":"category","embeddable":true,"href":"https:\/\/www.europesays.com\/fr\/wp-json\/wp\/v2\/categories?post=220371"},{"taxonomy":"post_tag","embeddable":true,"href":"https:\/\/www.europesays.com\/fr\/wp-json\/wp\/v2\/tags?post=220371"}],"curies":[{"name":"wp","href":"https:\/\/api.w.org\/{rel}","templated":true}]}}