{"id":220383,"date":"2025-07-02T09:54:18","date_gmt":"2025-07-02T09:54:18","guid":{"rendered":"https:\/\/www.europesays.com\/fr\/220383\/"},"modified":"2025-07-02T09:54:18","modified_gmt":"2025-07-02T09:54:18","slug":"allemagne-le-secteur-manufacturier-limite-sa-contraction-en-juin-01-07-2025-a-1004","status":"publish","type":"post","link":"https:\/\/www.europesays.com\/fr\/220383\/","title":{"rendered":"Allemagne : le secteur manufacturier limite sa contraction en juin &#8211; 01\/07\/2025 \u00e0 10:04"},"content":{"rendered":"<p>\n (AOF) &#8211; La contraction du secteur manufacturier allemand a \u00e9t\u00e9 l\u00e9g\u00e8rement moins forte que pr\u00e9vu en juin, selon des donn\u00e9es pr\u00e9liminaires de S&amp;P Global. L&rsquo;indice des directeurs d&rsquo;achat pour ce secteur est ressorti \u00e0 49 en juin, en ligne avec les attentes, apr\u00e8s 48,3 en mai.\n<\/p>\n<p>\n Commentant ces chiffres, Cyrus de la Rubia, \u00e9conomiste en chef chez Hamburg Commercial Bank a d\u00e9clar\u00e9 : \u00a0\u00bb Les signes d&rsquo;une reprise, bien qu&rsquo;un peu lente, se multiplient. La production a augment\u00e9 pour le quatri\u00e8me mois cons\u00e9cutif, en particulier dans le secteur des biens d&rsquo;\u00e9quipement en juin, et les prises de commandes ont \u00e9galement augment\u00e9 r\u00e9cemment.\n<\/p>\n<p>\n Avant d&rsquo;ajouter : \u00a0\u00bb La vigueur de la reprise est quelque peu remise en question par l&rsquo;acc\u00e9l\u00e9ration du rythme des suppressions d&#8217;emplois et la r\u00e9duction plus marqu\u00e9e des stocks de mati\u00e8res premi\u00e8res et de biens interm\u00e9diaires. Cette derni\u00e8re pourrait toutefois \u00eatre le r\u00e9sultat d&rsquo;une sous-estimation de la demande par les entreprises, qui ont donc d\u00fb puiser plus que d&rsquo;habitude dans les stocks existants d&rsquo;intrants pour la production. Dans l&rsquo;ensemble, le PMI est orient\u00e9 \u00e0 la hausse et est sur le point de passer en territoire d&rsquo;expansion \u00ab\u00a0.<\/p>\n","protected":false},"excerpt":{"rendered":"(AOF) &#8211; La contraction du secteur manufacturier allemand a \u00e9t\u00e9 l\u00e9g\u00e8rement moins forte que pr\u00e9vu en juin, selon&hellip;\n","protected":false},"author":2,"featured_media":8061,"comment_status":"","ping_status":"","sticky":false,"template":"","format":"standard","meta":{"footnotes":""},"categories":[1587],"tags":[400,11,672,398,408,1804,405,1805,1803,1777,674,1801,403,402,399,404,12,1802,401,406,407],"class_list":{"0":"post-220383","1":"post","2":"type-post","3":"status-publish","4":"format-standard","5":"has-post-thumbnail","7":"category-allemagne","8":"tag-action-cac-40","9":"tag-actualites","10":"tag-allemagne","11":"tag-bourse-de-paris","12":"tag-boursorama","13":"tag-bundesrepublik-deutschland","14":"tag-cotations","15":"tag-de","16":"tag-deutschland","17":"tag-eu","18":"tag-europe","19":"tag-germany","20":"tag-indices-devises","21":"tag-investir","22":"tag-investissement","23":"tag-marche-boursier","24":"tag-news","25":"tag-republique-federale-dallemagne","26":"tag-sicav","27":"tag-trackers","28":"tag-warrants"},"share_on_mastodon":{"url":"https:\/\/pubeurope.com\/@fr\/114783037923709576","error":""},"_links":{"self":[{"href":"https:\/\/www.europesays.com\/fr\/wp-json\/wp\/v2\/posts\/220383","targetHints":{"allow":["GET"]}}],"collection":[{"href":"https:\/\/www.europesays.com\/fr\/wp-json\/wp\/v2\/posts"}],"about":[{"href":"https:\/\/www.europesays.com\/fr\/wp-json\/wp\/v2\/types\/post"}],"author":[{"embeddable":true,"href":"https:\/\/www.europesays.com\/fr\/wp-json\/wp\/v2\/users\/2"}],"replies":[{"embeddable":true,"href":"https:\/\/www.europesays.com\/fr\/wp-json\/wp\/v2\/comments?post=220383"}],"version-history":[{"count":0,"href":"https:\/\/www.europesays.com\/fr\/wp-json\/wp\/v2\/posts\/220383\/revisions"}],"wp:featuredmedia":[{"embeddable":true,"href":"https:\/\/www.europesays.com\/fr\/wp-json\/wp\/v2\/media\/8061"}],"wp:attachment":[{"href":"https:\/\/www.europesays.com\/fr\/wp-json\/wp\/v2\/media?parent=220383"}],"wp:term":[{"taxonomy":"category","embeddable":true,"href":"https:\/\/www.europesays.com\/fr\/wp-json\/wp\/v2\/categories?post=220383"},{"taxonomy":"post_tag","embeddable":true,"href":"https:\/\/www.europesays.com\/fr\/wp-json\/wp\/v2\/tags?post=220383"}],"curies":[{"name":"wp","href":"https:\/\/api.w.org\/{rel}","templated":true}]}}