{"id":220386,"date":"2025-07-02T09:56:12","date_gmt":"2025-07-02T09:56:12","guid":{"rendered":"https:\/\/www.europesays.com\/fr\/220386\/"},"modified":"2025-07-02T09:56:12","modified_gmt":"2025-07-02T09:56:12","slug":"decouvrez-la-symbolique-derriere-la-robe-quelle-portait-pour-son-dernier-anniversaire","status":"publish","type":"post","link":"https:\/\/www.europesays.com\/fr\/220386\/","title":{"rendered":"d\u00e9couvrez la symbolique derri\u00e8re la robe qu&rsquo;elle portait pour son dernier anniversaire"},"content":{"rendered":"<p><b>La princesse Diana aurait souffl\u00e9 ses 64 bougies mardi 1er juillet, si le destin ne l\u2019avait tragiquement arrach\u00e9e \u00e0 la vie il y a 28 ans. \u00c0 l\u2019occasion de cet anniversaire symbolique, retour sur la derni\u00e8re tenue qu\u2019elle avait choisie pour c\u00e9l\u00e9brer le jour de sa naissance.<\/b><\/p>\n<p>Une date grav\u00e9e \u00e0 jamais dans le c\u0153ur de millions de personnes. Mardi 1er juillet, <a href=\"https:\/\/www.femina.fr\/article\/lady-diana-l-un-de-ses-plus-beaux-bijoux-apercu-au-cou-d-une-star-hollywoodienne#xtor=AL-34\" rel=\"nofollow noopener\" target=\"_blank\" data-ylk=\"slk:Lady Diana;elm:context_link;itc:0;sec:content-canvas\" class=\"link \">Lady Diana<\/a> aurait c\u00e9l\u00e9br\u00e9 son 64\u1d49 anniversaire, si elle n\u2019avait tragiquement perdu la vie dans <a href=\"https:\/\/www.femina.fr\/article\/la-princesse-diana-savait-elle-qu-elle-mourrait-dans-un-accident-de-voiture-cette-terrible-prediction-2-ans-avant-que-le-drame-n#xtor=AL-34\" rel=\"nofollow noopener\" target=\"_blank\" data-ylk=\"slk:un accident de voiture;elm:context_link;itc:0;sec:content-canvas\" class=\"link \">un accident de voiture<\/a> survenu sous le pont de l\u2019Alma, \u00e0 Paris, le 31 ao\u00fbt 1997. Vingt-huit ans plus t\u00f4t, la regrett\u00e9e m\u00e8re des princes <a href=\"https:\/\/www.femina.fr\/article\/le-prince-william-en-guerre-avec-son-frere-le-prince-harry-c-est-triste-mais-il-l-a-efface-de-sa-vie-c-est-un-mecanisme-de-defen#xtor=AL-34\" rel=\"nofollow noopener\" target=\"_blank\" data-ylk=\"slk:William et Harry;elm:context_link;itc:0;sec:content-canvas\" class=\"link \">William et Harry<\/a> soufflait donc ses derni\u00e8res bougies, \u00e0 l\u2019\u00e2ge de 36 ans. Ce soir-l\u00e0, la jolie blonde arborait l\u2019une de ses plus belles tenues : une robe noire aussi scintillante que son aura, reflet \u00e9clatant de l\u2019\u00e9tat d\u2019esprit nouveau de la princesse des c\u0153urs.<\/p>\n<p> \u00a0 \u00a0 \u00a0 \u00a0 \u00a0 \u00a0 \u00a0 <\/p>\n<p><img decoding=\"async\" class=\"caas-img caas-lazy has-preview\" alt=\"\" src=\"https:\/\/www.europesays.com\/fr\/wp-content\/uploads\/2025\/07\/1e1552c32ca8f43676e7cba7fac6fa41.png\"\/><\/p>\n<p><b>A d\u00e9couvrir \u00e9galement :\u00a0<\/b><a href=\"https:\/\/www.femina.fr\/article\/lady-diana-n-a-pas-toujours-ete-une-icone-de-mode-cette-celebre-creatrice-qui-l-a-longtemps-boudee#xtor=AL-34\" rel=\"nofollow noopener\" target=\"_blank\" data-ylk=\"slk:Lady Diana n\u2019a pas toujours \u00e9t\u00e9 une ic\u00f4ne de mode : cette c\u00e9l\u00e8bre cr\u00e9atrice qui l\u2019a longtemps boud\u00e9e;elm:context_link;itc:0;sec:content-canvas\" class=\"link \">Lady Diana n\u2019a pas toujours \u00e9t\u00e9 une ic\u00f4ne de mode : cette c\u00e9l\u00e8bre cr\u00e9atrice qui l\u2019a longtemps boud\u00e9e<\/a><\/p>\n<p>Lady Diana : cette magnifique robe Jacques Azagury qu\u2019elle portait lors de son dernier anniversaire<\/p>\n<p>Plusieurs robes ont marqu\u00e9 la vie de la princesse Diana. Parmi les plus c\u00e9l\u00e8bres, r\u00e9guli\u00e8rement cit\u00e9es, figure bien \u00e9videmment <a href=\"https:\/\/www.femina.fr\/article\/lady-diana-ses-nieces-amelia-et-eliza-spencer-reinventent-son-iconique-revenge-dress#xtor=AL-34\" rel=\"nofollow noopener\" target=\"_blank\" data-ylk=\"slk:sa\u00a0revenge dress;elm:context_link;itc:0;sec:content-canvas\" class=\"link \">sa\u00a0revenge dress<\/a>. Cette pi\u00e8ce sign\u00e9e Christina Stambolian, caract\u00e9ris\u00e9e par son allure moderne et sa coupe courte et drap\u00e9e ultra-flatteuse, l\u2019avait habill\u00e9e le 29 juin 1994, deux ans apr\u00e8s sa s\u00e9paration avec le prince <a href=\"https:\/\/www.femina.fr\/article\/charles-iii-applaudi-dans-sa-bataille-contre-le-cancer-il-fait-preuve-d-une-resilience-remarquable#xtor=AL-34\" rel=\"nofollow noopener\" target=\"_blank\" data-ylk=\"slk:Charles;elm:context_link;itc:0;sec:content-canvas\" class=\"link \">Charles<\/a>, marquant ainsi la fin d\u2019ann\u00e9es difficiles, ponctu\u00e9es par l\u2019infid\u00e9lit\u00e9 de son ex-\u00e9poux. Trois ans plus tard, Lady Di s\u2019\u00e9tait affich\u00e9e dans une autre robe tout aussi symbolique.<\/p>\n<p>Le 1er juillet 1997, alors qu\u2019elle ne&#8230;<\/p>\n<p><a href=\"https:\/\/www.femina.fr\/article\/lady-diana-aurait-eu-64-ans-decouvrez-la-symbolique-derriere-la-robe-qu-elle-portait-pour-son-dernier-anniversaire#xtor=AL-34\" rel=\"nofollow noopener\" target=\"_blank\" data-ylk=\"slk:Lire la suite sur Femina.fr;elm:context_link;itc:0;sec:content-canvas\" class=\"link \">Lire la suite sur Femina.fr<\/a><\/p>\n<p>A lire aussi<\/p>\n","protected":false},"excerpt":{"rendered":"La princesse Diana aurait souffl\u00e9 ses 64 bougies mardi 1er juillet, si le destin ne l\u2019avait tragiquement arrach\u00e9e&hellip;\n","protected":false},"author":2,"featured_media":220387,"comment_status":"","ping_status":"","sticky":false,"template":"","format":"standard","meta":{"footnotes":""},"categories":[1586],"tags":[35944,11,1764,1777,674,1779,1011,27,35945,12,35943,25,35946,1778,364],"class_list":{"0":"post-220386","1":"post","2":"type-post","3":"status-publish","4":"format-standard","5":"has-post-thumbnail","7":"category-europe","8":"tag-1er-juillet","9":"tag-actualites","10":"tag-ans","11":"tag-eu","12":"tag-europe","13":"tag-european-union","14":"tag-fr","15":"tag-france","16":"tag-la-vie","17":"tag-news","18":"tag-princesse-diana","19":"tag-republique-francaise","20":"tag-robe-noire","21":"tag-ue","22":"tag-union-europeenne"},"share_on_mastodon":{"url":"https:\/\/pubeurope.com\/@fr\/114783046125933163","error":""},"_links":{"self":[{"href":"https:\/\/www.europesays.com\/fr\/wp-json\/wp\/v2\/posts\/220386","targetHints":{"allow":["GET"]}}],"collection":[{"href":"https:\/\/www.europesays.com\/fr\/wp-json\/wp\/v2\/posts"}],"about":[{"href":"https:\/\/www.europesays.com\/fr\/wp-json\/wp\/v2\/types\/post"}],"author":[{"embeddable":true,"href":"https:\/\/www.europesays.com\/fr\/wp-json\/wp\/v2\/users\/2"}],"replies":[{"embeddable":true,"href":"https:\/\/www.europesays.com\/fr\/wp-json\/wp\/v2\/comments?post=220386"}],"version-history":[{"count":0,"href":"https:\/\/www.europesays.com\/fr\/wp-json\/wp\/v2\/posts\/220386\/revisions"}],"wp:featuredmedia":[{"embeddable":true,"href":"https:\/\/www.europesays.com\/fr\/wp-json\/wp\/v2\/media\/220387"}],"wp:attachment":[{"href":"https:\/\/www.europesays.com\/fr\/wp-json\/wp\/v2\/media?parent=220386"}],"wp:term":[{"taxonomy":"category","embeddable":true,"href":"https:\/\/www.europesays.com\/fr\/wp-json\/wp\/v2\/categories?post=220386"},{"taxonomy":"post_tag","embeddable":true,"href":"https:\/\/www.europesays.com\/fr\/wp-json\/wp\/v2\/tags?post=220386"}],"curies":[{"name":"wp","href":"https:\/\/api.w.org\/{rel}","templated":true}]}}