{"id":220393,"date":"2025-07-02T10:00:11","date_gmt":"2025-07-02T10:00:11","guid":{"rendered":"https:\/\/www.europesays.com\/fr\/220393\/"},"modified":"2025-07-02T10:00:11","modified_gmt":"2025-07-02T10:00:11","slug":"amene-ton-pote-casse-les-codes-du-golf-lassociation-du-golf-de-castres-organise-une-journee-initiation-et-barbecue-le-6-juillet","status":"publish","type":"post","link":"https:\/\/www.europesays.com\/fr\/220393\/","title":{"rendered":"\u00ab\u00a0Am\u00e8ne ton pote, casse les codes du golf\u00a0\u00bb\u00a0: l\u2019association du golf de Castres organise une journ\u00e9e initiation et barbecue le 6\u00a0juillet"},"content":{"rendered":"<p>\n                                                                    l&rsquo;essentiel<br \/>\n                                                                Pour la quatri\u00e8me ann\u00e9e d\u2019affil\u00e9e, la journ\u00e9e \u00ab\u00a0Am\u00e8ne ton pote\u00a0\u00bb se d\u00e9roulera le dimanche 6\u00a0juillet au golf de Castres. Entre d\u00e9couverte et sport, plus de cent personnes sont attendues\u00a0!\n                            <\/p>\n<p>La quatri\u00e8me \u00e9dition de \u00ab\u00a0Am\u00e8ne ton pote\u00a0\u00bb aura lieu dimanche 6\u00a0juillet au golf de Castres, \u00e0 Gourjade. \u00ab\u00a0Le principe de la journ\u00e9e, c\u2019est de faire d\u00e9couvrir aux non-golfeurs les premiers gestes, comme le swing ou le putting. Chaque adh\u00e9rent peut inviter amis, coll\u00e8gues, enfants, fratrie\u2026 \u00e0\u00a0venir essayer\u00a0\u00bb, pr\u00e9cise Virginie Senegas, pr\u00e9sidente de l\u2019association du golf de Castres. D\u00e8s 10\u00a0heures, le caf\u00e9 est offert devant le club-house. Les d\u00e9butants sont ensuite assign\u00e9s \u00e0 un joueur ou une joueuse de l\u2019\u00e9quipe une. Ils participent ensuite \u00e0 des activit\u00e9s autour du putting green, du practice et du mini-parcours afin d\u2019avoir un aper\u00e7u de ce sport.<\/p>\n<p>\u00ab\u00a0C\u2019est anim\u00e9, avec tout le monde autour, on dirait un grand prix\u00a0\u00bb<\/p>\n<p>Cet \u00e9v\u00e9nement gratuit est financ\u00e9 par la F\u00e9d\u00e9ration fran\u00e7aise de golf. Chaque ann\u00e9e, les membres du bureau proposent \u00e0 plus de cent personnes une matin\u00e9e golfique et une exp\u00e9rience unique sur le parcours. \u00ab\u00a0Un peu avant le barbecue qu\u2019on pr\u00e9pare nous-m\u00eames, on invite tout le monde sur le parcours pour regarder comment se d\u00e9roule une partie au golf. C\u2019est Anim\u00e9, avec tout le monde autour, on dirait un grand prix\u00a0\u00bb, commente la pr\u00e9sidente de l\u2019association.<\/p>\n<p>Face aux clich\u00e9s li\u00e9s \u00e0 cette discipline, les membres du bureau ont cr\u00e9\u00e9 cette journ\u00e9e. Virginie explique\u00a0: \u00ab\u00a0Am\u00e8ne ton pote casse les codes du golf en proposant des activit\u00e9s originales. \u00c7a peut peut-\u00eatre pousser les gens \u00e0 franchir les portes de ce sport.\u00a0\u00bb\u00a0Cet \u00e9v\u00e9nement m\u00ealant sport, convivialit\u00e9 et amusement permet aux Castrais ou aux touristes un dimanche de d\u00e9couverte et de plaisir en pleine nature.<\/p>\n<p>Pour s\u2019inscrire \u00e0 la journ\u00e9e, appelez le club-house du golf de Castres\u00a0: 05\u00a063\u00a027\u00a072\u00a006<\/p>\n","protected":false},"excerpt":{"rendered":"l&rsquo;essentiel Pour la quatri\u00e8me ann\u00e9e d\u2019affil\u00e9e, la journ\u00e9e \u00ab\u00a0Am\u00e8ne ton pote\u00a0\u00bb se d\u00e9roulera le dimanche 6\u00a0juillet au golf&hellip;\n","protected":false},"author":2,"featured_media":220394,"comment_status":"","ping_status":"","sticky":false,"template":"","format":"standard","meta":{"footnotes":""},"categories":[1418],"tags":[1011,27,1472,60],"class_list":{"0":"post-220393","1":"post","2":"type-post","3":"status-publish","4":"format-standard","5":"has-post-thumbnail","7":"category-golf","8":"tag-fr","9":"tag-france","10":"tag-golf","11":"tag-sports"},"share_on_mastodon":{"url":"https:\/\/pubeurope.com\/@fr\/114783061485165244","error":""},"_links":{"self":[{"href":"https:\/\/www.europesays.com\/fr\/wp-json\/wp\/v2\/posts\/220393","targetHints":{"allow":["GET"]}}],"collection":[{"href":"https:\/\/www.europesays.com\/fr\/wp-json\/wp\/v2\/posts"}],"about":[{"href":"https:\/\/www.europesays.com\/fr\/wp-json\/wp\/v2\/types\/post"}],"author":[{"embeddable":true,"href":"https:\/\/www.europesays.com\/fr\/wp-json\/wp\/v2\/users\/2"}],"replies":[{"embeddable":true,"href":"https:\/\/www.europesays.com\/fr\/wp-json\/wp\/v2\/comments?post=220393"}],"version-history":[{"count":0,"href":"https:\/\/www.europesays.com\/fr\/wp-json\/wp\/v2\/posts\/220393\/revisions"}],"wp:featuredmedia":[{"embeddable":true,"href":"https:\/\/www.europesays.com\/fr\/wp-json\/wp\/v2\/media\/220394"}],"wp:attachment":[{"href":"https:\/\/www.europesays.com\/fr\/wp-json\/wp\/v2\/media?parent=220393"}],"wp:term":[{"taxonomy":"category","embeddable":true,"href":"https:\/\/www.europesays.com\/fr\/wp-json\/wp\/v2\/categories?post=220393"},{"taxonomy":"post_tag","embeddable":true,"href":"https:\/\/www.europesays.com\/fr\/wp-json\/wp\/v2\/tags?post=220393"}],"curies":[{"name":"wp","href":"https:\/\/api.w.org\/{rel}","templated":true}]}}