{"id":220400,"date":"2025-07-02T10:06:14","date_gmt":"2025-07-02T10:06:14","guid":{"rendered":"https:\/\/www.europesays.com\/fr\/220400\/"},"modified":"2025-07-02T10:06:14","modified_gmt":"2025-07-02T10:06:14","slug":"le-gp-dautriche-etait-encore-pire-que-ce-que-jimaginais","status":"publish","type":"post","link":"https:\/\/www.europesays.com\/fr\/220400\/","title":{"rendered":"le GP d&rsquo;Autriche \u00e9tait \u00ab\u00a0encore pire que ce que j&rsquo;imaginais\u00a0\u00bb"},"content":{"rendered":"<p>Apr\u00e8s le double podium\u00a0\u2013 avec une victoire et une troisi\u00e8me place \u2013 il y a deux semaines lors du Grand Prix du Canada, <a href=\"https:\/\/fr.motorsport.com\/team\/mercedes\/611\/\" target=\"_blank\" rel=\"noopener\">Mercedes<\/a> est un peu retomb\u00e9 de son nuage le week-end dernier \u00e0 Spielberg. Alors que la course de <a href=\"https:\/\/fr.motorsport.com\/driver\/kimi-antonelli\/947765\/\" target=\"_blank\" rel=\"noopener\">Kimi Antonelli<\/a> s&rsquo;est arr\u00eat\u00e9e pr\u00e9matur\u00e9ment lorsqu&rsquo;il a tir\u00e9 tout droit au virage 3, entra\u00eenant <a href=\"https:\/\/fr.motorsport.com\/driver\/max-verstappen\/93029\/\" target=\"_blank\" rel=\"noopener\">Max Verstappen<\/a> dans sa chute, celle de son co\u00e9quipier <a href=\"https:\/\/fr.motorsport.com\/driver\/george-russell\/96626\/\" target=\"_blank\" rel=\"noopener\">George Russell<\/a> n&rsquo;a pas \u00e9t\u00e9 la plus simple.<\/p>\n<p>Bien que le Britannique ait v\u00e9cu une \u00e9preuve assez solitaire, conclue par une cinqui\u00e8me place \u00e0 plus d&rsquo;une minute du vainqueur <a href=\"https:\/\/fr.motorsport.com\/driver\/lando-norris\/289708\/\" target=\"_blank\" rel=\"noopener\">Lando Norris<\/a> et \u00e0 plus de 30 secondes du quatri\u00e8me <a href=\"https:\/\/fr.motorsport.com\/driver\/lewis-hamilton\/76878\/\" target=\"_blank\" rel=\"noopener\">Lewis Hamilton<\/a>, la W16 a de nouveau souffert des fortes chaleurs qui saisissaient le Red Bull Ring dimanche dernier, alors que les temp\u00e9ratures atteignaient les 30\u00b0C dans l&rsquo;air et 50\u00b0C au sol.<\/p>\n<p>Une v\u00e9ritable N\u00e9m\u00e9sis pour la Fl\u00e8che d&rsquo;Argent, d\u00e9j\u00e0 pr\u00e9sente depuis la saison derni\u00e8re, et qui annihile tout le potentiel qu&rsquo;elle sait pourtant d\u00e9montrer lorsque les conditions sont plus fra\u00eeches \u2013 comme \u00e0 Montr\u00e9al, o\u00f9 Mercedes et Russell avaient \u00e9cras\u00e9 la concurrence, y compris les presque parfaites <a href=\"https:\/\/fr.motorsport.com\/team\/mclaren\/609\/\" target=\"_blank\" rel=\"noopener\">McLaren<\/a>. Face \u00e0 ce probl\u00e8me, l&rsquo;\u00e9curie allemande semble un peu perdue, incapable de trouver une solution ou m\u00eame une cause \u00e0 ce ph\u00e9nom\u00e8ne.<\/p>\n<p>\u00ab\u00a0C&rsquo;\u00e9tait un peu la cocktail explosif [contre nous]\u00a0\u00bb, a d\u00e9clar\u00e9 l&rsquo;Anglais apr\u00e8s la course de dimanche. \u00ab\u00a0Le rev\u00eatement [du circuit d&rsquo;Autriche] est l&rsquo;un des plus abrasifs de la saison. \u00c9videmment, c&rsquo;est un circuit \u00e0 haute vitesse, on tourne de nombreuses fois autour du trac\u00e9. C&rsquo;est le plus grand nombre de tours de la saison, et en plus avec une temp\u00e9rature de piste \u00e0 50 degr\u00e9s&#8230;. Donc, c&rsquo;\u00e9tait vraiment la combinaison parfaite de facteurs d\u00e9favorables.\u00a0\u00bb<\/p>\n<p>\u00ab\u00a0Je m&rsquo;attendais \u00e0 une course compliqu\u00e9e, mais \u00e7a a \u00e9t\u00e9 encore pire que ce que j&rsquo;imaginais. Le probl\u00e8me est tr\u00e8s clair\u00a0: on sort du Canada avec une victoire, sans surchauffe des pneus, o\u00f9 on \u00e9tait les plus rapides.<br \/>Mais d\u00e8s qu&rsquo;on arrive sur un circuit o\u00f9 il y a un peu de surchauffe, on s&rsquo;effondre compl\u00e8tement. Pour \u00eatre honn\u00eate, l&rsquo;\u00e9quipe travaille d&rsquo;arrache-pied depuis six mois pour r\u00e9soudre ce probl\u00e8me. On a des pistes, mais rien de concret pour le moment, on n&rsquo;avance pas vraiment.\u00a0\u00bb<\/p>\n<p>   <img decoding=\"async\" draggable=\"false\" src=\"https:\/\/www.europesays.com\/fr\/wp-content\/uploads\/2025\/07\/george-russell-mercedes-pierre.jpg\" alt=\"George Russell devant Pierre Gasly et Alexander Albon sur le Red Bull Ring. \" width=\"1200\" height=\"800\" loading=\"lazy\"\/> <\/p>\n<p class=\"title\">George Russell devant Pierre Gasly et Alexander Albon sur le Red Bull Ring.<\/p>\n<p class=\"photographer\">Photo de: Zak Mauger \/ LAT Images via Getty Images<\/p>\n<p>Russell a donc termin\u00e9 cinqui\u00e8me en Autriche, derri\u00e8re les deux <a href=\"https:\/\/fr.motorsport.com\/team\/ferrari\/615\/\" target=\"_blank\" rel=\"noopener\">Ferrari<\/a>. Lewis Hamilton et <a href=\"https:\/\/fr.motorsport.com\/driver\/charles-leclerc\/109632\/\" target=\"_blank\" rel=\"noopener\">Charles Leclerc<\/a> parviennent \u00e0 maximiser les performances de leur monoplace depuis quelques courses et le Mon\u00e9gasque compte m\u00eame trois podiums sur les cinq derni\u00e8res manches. Gr\u00e2ce \u00e0 ces r\u00e9sultats, et aux difficult\u00e9s de Mercedes \u00e0 Spielberg, la Scuderia est parvenue \u00e0 passer la marque \u00e0 l&rsquo;\u00e9toile au <a href=\"https:\/\/fr.motorsport.com\/f1\/standings\/2025\/?type=Team&amp;class=\" target=\"_blank\" rel=\"noopener\">classement des constructeurs<\/a> avec un seul petit point d&rsquo;avance.\u00a0<\/p>\n<p>Mercedes peut toutefois se consoler de ne pas avoir \u00e9t\u00e9 la seule \u00e9curie \u00e0 souffrir lors du week-end, puisque Red Bull a, pour la premi\u00e8re fois depuis plus de 70 GP, termin\u00e9 une course sans le moindre point inscrit, et lors de sa course \u00e0 domicile par dessus tout.\u00a0<\/p>\n<p>\u00ab\u00a0C&rsquo;est clairement de la limitation de d\u00e9g\u00e2ts, je dirais\u00a0\u00bb, a ajout\u00e9 Russell alors qu&rsquo;on lui rappelle que Mercedes a au moins v\u00e9cu un meilleur Grand Prix que le Taureau Rouge.\u00a0\u00ab\u00a0Vous savez, je reste fier du fait que, presque \u00e0 chaque course cette ann\u00e9e, on maximise le r\u00e9sultat. Aujourd&rsquo;hui, on ne pouvait clairement pas esp\u00e9rer mieux que cinqui\u00e8me. De la m\u00eame mani\u00e8re que la semaine derni\u00e8re, la victoire \u00e9tait possible et on l&rsquo;a d\u00e9croch\u00e9e. Donc, croisons les doigts pour que le temps reste nuageux pour le reste de la saison.\u00a0\u00bb<\/p>\n<p>Un Anglais de nouveau vainqueur \u00e0 Silverstone ?\u00a0<\/p>\n<p>Cette semaine se tiendra le Grand Prix de Grande-Bretagne. L&rsquo;ann\u00e9e derni\u00e8re, la course de Silverstone fut m\u00e9morable, d&rsquo;une part parce qu&rsquo;elle a \u00e9t\u00e9 le th\u00e9\u00e2tre de nombreux retournements de situation, mais aussi (et surtout) car elle a vu Lewis Hamilton s&rsquo;imposer apr\u00e8s deux ans sans victoire et ce devant son public.\u00a0<\/p>\n<p>En 2024, les temp\u00e9ratures basses d&rsquo;Angleterre avaient permis aux Mercedes d&rsquo;\u00eatre favorites. C&rsquo;est George Russell qui avait\u00a0d&rsquo;ailleurs sign\u00e9 la pole position et qui semblait en passe de remporter le Grand Prix avant qu&rsquo;un probl\u00e8me m\u00e9canique ne mette fin \u00e0 sa course.\u00a0Cette ann\u00e9e, les conditions devraient \u00eatre similaires. Les pr\u00e9visions annoncent des temp\u00e9ratures avoisinant les 20\u00b0C et des averses samedi et dimanche, de quoi ravirent les W16 et le Britannique, qui n&rsquo;a encore jamais remport\u00e9 sa course nationale.<\/p>\n<p>Inform\u00e9 de la potentielle m\u00e9t\u00e9o, Russell a r\u00e9pondu\u00a0: \u00ab\u00a0C&rsquo;est parfait. Silverstone est un circuit tr\u00e8s rapide, mais le bitume est assez r\u00e9cent, ce qui est une bonne nouvelle. Si la temp\u00e9rature de piste est la m\u00eame que l&rsquo;an dernier, je crois qu&rsquo;elle \u00e9tait autour de 20 degr\u00e9s, \u00e7a reste plut\u00f4t frais, et on \u00e9tait en pole. Mais il y a deux semaines, il faisait 31 degr\u00e9s en Angleterre. Si c&rsquo;est 31 degr\u00e9s, on ne sera pas en pole cette ann\u00e9e.\u00a0\u00bb<\/p>\n<p>Lire aussi :<\/p>\n<p>Dans cet article<\/p>\n<p>    T\u00e9ha Courbon\n<\/p>\n<p>    Formule 1\n<\/p>\n<p>    George Russell\n<\/p>\n<p>    Mercedes\n<\/p>\n<p>Soyez le premier inform\u00e9 et souscrivez aux alertes mails pour recevoir les infos en temps r\u00e9el<\/p>\n<p>    S&rsquo;abonner aux alertes de news<\/p>\n","protected":false},"excerpt":{"rendered":"Apr\u00e8s le double podium\u00a0\u2013 avec une victoire et une troisi\u00e8me place \u2013 il y a deux semaines lors&hellip;\n","protected":false},"author":2,"featured_media":220401,"comment_status":"","ping_status":"","sticky":false,"template":"","format":"standard","meta":{"footnotes":""},"categories":[1412],"tags":[1451,1452,1453,1454,1455,1011,27,9124,34489,4320,34490,60],"class_list":{"0":"post-220400","1":"post","2":"type-post","3":"status-publish","4":"format-standard","5":"has-post-thumbnail","7":"category-f1","8":"tag-f1","9":"tag-formula-1","10":"tag-formula1","11":"tag-formule-1","12":"tag-formule1","13":"tag-fr","14":"tag-france","15":"tag-george-russell","16":"tag-gp-dautriche","17":"tag-mercedes","18":"tag-red-bull-ring","19":"tag-sports"},"share_on_mastodon":{"url":"https:\/\/pubeurope.com\/@fr\/114783085126963015","error":""},"_links":{"self":[{"href":"https:\/\/www.europesays.com\/fr\/wp-json\/wp\/v2\/posts\/220400","targetHints":{"allow":["GET"]}}],"collection":[{"href":"https:\/\/www.europesays.com\/fr\/wp-json\/wp\/v2\/posts"}],"about":[{"href":"https:\/\/www.europesays.com\/fr\/wp-json\/wp\/v2\/types\/post"}],"author":[{"embeddable":true,"href":"https:\/\/www.europesays.com\/fr\/wp-json\/wp\/v2\/users\/2"}],"replies":[{"embeddable":true,"href":"https:\/\/www.europesays.com\/fr\/wp-json\/wp\/v2\/comments?post=220400"}],"version-history":[{"count":0,"href":"https:\/\/www.europesays.com\/fr\/wp-json\/wp\/v2\/posts\/220400\/revisions"}],"wp:featuredmedia":[{"embeddable":true,"href":"https:\/\/www.europesays.com\/fr\/wp-json\/wp\/v2\/media\/220401"}],"wp:attachment":[{"href":"https:\/\/www.europesays.com\/fr\/wp-json\/wp\/v2\/media?parent=220400"}],"wp:term":[{"taxonomy":"category","embeddable":true,"href":"https:\/\/www.europesays.com\/fr\/wp-json\/wp\/v2\/categories?post=220400"},{"taxonomy":"post_tag","embeddable":true,"href":"https:\/\/www.europesays.com\/fr\/wp-json\/wp\/v2\/tags?post=220400"}],"curies":[{"name":"wp","href":"https:\/\/api.w.org\/{rel}","templated":true}]}}