{"id":220405,"date":"2025-07-02T10:09:09","date_gmt":"2025-07-02T10:09:09","guid":{"rendered":"https:\/\/www.europesays.com\/fr\/220405\/"},"modified":"2025-07-02T10:09:09","modified_gmt":"2025-07-02T10:09:09","slug":"telematin-bye-bye-flavie-flament-et-julien-arnaud-un-duo-qui-naura-pas-fait-long-feu","status":"publish","type":"post","link":"https:\/\/www.europesays.com\/fr\/220405\/","title":{"rendered":"\u00ab\u00a0T\u00e9l\u00e9matin\u00a0\u00bb : bye bye Flavie Flament et Julien Arnaud, un duo qui n\u2019aura pas fait long feu"},"content":{"rendered":"<p>Coup de th\u00e9\u00e2tre au petit matin ! \u00c0 peine une saison apr\u00e8s leur arriv\u00e9e \u00e0 la t\u00eate de T\u00e9l\u00e9matin, <strong>Flavie Flament et Julien Arnaud<\/strong> s\u2019appr\u00eatent \u00e0 quitter la pr\u00e9sentation de l\u2019\u00e9mission phare de France 2.<\/p>\n<p>Selon les r\u00e9v\u00e9lations du journal Le Parisien, <strong>Maya Lauqu\u00e9<\/strong> et <strong>Damien Th\u00e9venot<\/strong> seraient fortement pressentis pour leur succ\u00e9der. Une d\u00e9cision brutale qui secoue les coulisses de France T\u00e9l\u00e9visions, mais qui s\u2019explique par une \u00e9quation simple : <strong>des audiences en berne<\/strong> et <strong>des retours t\u00e9l\u00e9spectateurs mitig\u00e9s<\/strong>.<\/p>\n<p>Un casting glamour, mais une greffe qui ne prend pas<\/p>\n<p>Quand Flavie Flament et Julien Arnaud ont \u00e9t\u00e9 annonc\u00e9s l\u2019\u00e9t\u00e9 dernier comme les nouveaux visages de T\u00e9l\u00e9matin, le pari semblait s\u00e9duisant : <strong>une journaliste populaire au parcours radio affirm\u00e9<\/strong> et <strong>un journaliste d\u2019exp\u00e9rience venu tout droit de TF1<\/strong>, cens\u00e9s incarner la modernit\u00e9 et la cr\u00e9dibilit\u00e9. Tous deux rempla\u00e7aient <strong>Thomas Sotto et Marie Portolano<\/strong>, un duo appr\u00e9ci\u00e9 mais us\u00e9 par la pression du direct quotidien.<\/p>\n<p>Mais tr\u00e8s vite, <strong><a href=\"https:\/\/www.public.fr\/baisse-daudience-de-telematin-thierry-beccaro-tacle-flavie-flament-et-julien-arnaud-il-faut-avoir-lenvie\" target=\"_blank\" rel=\"noopener\">les t\u00e9l\u00e9spectateurs ne semblent pas avoir adh\u00e9r\u00e9 \u00e0 cette nouvelle formule<\/a><\/strong>. Le ton, la dynamique \u00e0 deux voix, la synergie \u00e0 l\u2019\u00e9cran\u2026 rien n\u2019a v\u00e9ritablement pris. Et <strong>la concurrence n\u2019a pas laiss\u00e9 de r\u00e9pit<\/strong>.<\/p>\n<p>Un d\u00e9part amer pour Flavie et Julien<\/p>\n<p>Derri\u00e8re cette r\u00e9organisation, il y a aussi <strong>une r\u00e9alit\u00e9 humaine douloureuse<\/strong>. Julien Arnaud, <strong>figure historique de TF1 pendant 27 ans<\/strong>, <a href=\"https:\/\/www.public.fr\/une-page-se-tourne-apres-un-quart-de-siecle-julien-arnaud-son-message-tres-sobre-en-claquant-la-porte-de-tf1\" target=\"_blank\" rel=\"noopener\">avait quitt\u00e9 son poste de joker du JT avec un m\u00e9lange de courage et d\u2019espoir.<\/a> Il r\u00eavait de ce d\u00e9fi, de ce virage public, de ce r\u00e9veil m\u00e9diatique.<\/p>\n<p>Dix mois plus tard, c\u2019est la douche froide. Selon les proches, <strong>le journaliste aurait \u00e9t\u00e9 \u201cprofond\u00e9ment d\u00e9stabilis\u00e9\u201d<\/strong> par cette d\u00e9cision. En CDI au sein de France T\u00e9l\u00e9visions, il pourrait \u00eatre recas\u00e9 ailleurs\u2026 \u00e0 moins qu\u2019il ne choisisse de claquer la porte, <strong>amer d\u2019un traitement qu\u2019il juge injuste<\/strong>.<\/p>\n<p>Flavie Flament, elle, <strong>dispose d\u2019un contrat d\u2019une saison suppl\u00e9mentaire<\/strong>. Et si son avenir sur T\u00e9l\u00e9matin semble act\u00e9, <strong>son maintien dans le groupe ne fait gu\u00e8re de doute<\/strong>. Reste \u00e0 savoir sous quelle forme. Un retour \u00e0 la radio ? Un nouveau magazine f\u00e9minin en t\u00e9l\u00e9 ? L\u2019animatrice n\u2019a pas encore dit son dernier mot. <\/p>\n<p>\u00ab\u00a0Elle ne s\u2019y attendait pas du tout, elle pensait qu\u2019il lui annoncerait le d\u00e9part de son comp\u00e8re Julien Arnaud\u00a0\u00bb, souffle une vieille connaissance de l\u2019ancienne animatrice vedette de TF 1, dans les colonnes du Parisien. \u00c0 savoir que Flavie Flament cens\u00e9e tenir les manettes de \u00ab\u00a0T\u00e9l\u00e9matin\u00a0\u00bb jusqu\u2019\u00e0 l\u2019\u00e9mission sp\u00e9ciale du 14 juillet avant des vacances m\u00e9rit\u00e9es.<\/p>\n<p>Une saison compliqu\u00e9e : audiences en baisse et concurrence f\u00e9roce<\/p>\n<p>Lanc\u00e9e au m\u00eame moment sur TF1, la matinale <strong>\u201cBonjour !\u201d de Bruce Toussaint<\/strong> a finalement r\u00e9ussi \u00e0 s\u00e9duire le public avec un ton plus direct, des invit\u00e9s prestigieux et une production tr\u00e8s rythm\u00e9e. Du c\u00f4t\u00e9 de <strong>CNews<\/strong>, la matinale d\u2019actualit\u00e9 a \u00e9galement vu ses audiences grimper en fl\u00e8che.<\/p>\n<p>R\u00e9sultat : T\u00e9l\u00e9matin, longtemps leader incontest\u00e9 du r\u00e9veil t\u00e9l\u00e9visuel, <strong>a c\u00e9d\u00e9 du terrain<\/strong>, enregistrant une <strong>baisse r\u00e9guli\u00e8re de sa part d\u2019audience<\/strong>, notamment sur les cibles jeunes et f\u00e9minines.<\/p>\n<p>Pire encore, une <strong>\u00e9tude qualitative<\/strong> command\u00e9e en plein hiver par la direction de France T\u00e9l\u00e9visions s\u2019est r\u00e9v\u00e9l\u00e9e <strong>cinglante<\/strong>. Selon les retours compil\u00e9s, <strong><a href=\"https:\/\/www.public.fr\/flavie-flament-et-julien-arnaud-bientot-la-fin-de-leur-duo-ca-balance-fort-en-coulisses\" target=\"_blank\" rel=\"noopener\">les t\u00e9l\u00e9spectateurs jugent le duo Flament\/Arnaud \u201cmanquant d\u2019alchimie\u201d<\/a><\/strong> et regrettent une matinale \u201cmoins chaleureuse\u201d que sous l\u2019\u00e8re Sotto\/Portolano. \u00c0 l\u2019inverse, <strong>les pr\u00e9sentateurs du week-end<\/strong> eux, e\u00e7oivent des retours \u201cexcellents\u201d.<\/p>\n<p>Maya Lauqu\u00e9 et Damien Th\u00e9venot : le retour des visages familiers ?<\/p>\n<p>Dans cette ambiance tendue, <strong>le choix de Maya Lauqu\u00e9 et Damien Th\u00e9venot semble faire consensus<\/strong>. Habitu\u00e9s de la maison, appr\u00e9ci\u00e9s pour leur \u00e9nergie et leur bienveillance, ils connaissent parfaitement les codes de l\u2019\u00e9mission.<\/p>\n<p>Damien Th\u00e9venot avait d\u00e9j\u00e0 assur\u00e9 la pr\u00e9sentation de T\u00e9l\u00e9matin pendant plusieurs ann\u00e9es, notamment le week-end, tandis que Maya Lauqu\u00e9, ex-La Quotidienne, a r\u00e9cemment brill\u00e9 par son naturel et son aisance sur le service public. Leur profil rassurant pourrait bien \u00eatre la cl\u00e9 d\u2019un retour \u00e0 l\u2019\u00e9quilibre pour T\u00e9l\u00e9matin, en perte de vitesse.<\/p>\n<p>      Mentionn\u00e9s dans cet article<\/p>\n<p>\u00c0 lire aussi<\/p>\n","protected":false},"excerpt":{"rendered":"Coup de th\u00e9\u00e2tre au petit matin ! \u00c0 peine une saison apr\u00e8s leur arriv\u00e9e \u00e0 la t\u00eate de&hellip;\n","protected":false},"author":2,"featured_media":220406,"comment_status":"","ping_status":"","sticky":false,"template":"","format":"standard","meta":{"footnotes":""},"categories":[1359],"tags":[58,59,7844,1011,27,27440,973,12959],"class_list":{"0":"post-220405","1":"post","2":"type-post","3":"status-publish","4":"format-standard","5":"has-post-thumbnail","7":"category-people","8":"tag-divertissement","9":"tag-entertainment","10":"tag-flavie-flament","11":"tag-fr","12":"tag-france","13":"tag-julien-arnaud","14":"tag-people","15":"tag-telematin"},"share_on_mastodon":{"url":"https:\/\/pubeurope.com\/@fr\/114783096869671664","error":""},"_links":{"self":[{"href":"https:\/\/www.europesays.com\/fr\/wp-json\/wp\/v2\/posts\/220405","targetHints":{"allow":["GET"]}}],"collection":[{"href":"https:\/\/www.europesays.com\/fr\/wp-json\/wp\/v2\/posts"}],"about":[{"href":"https:\/\/www.europesays.com\/fr\/wp-json\/wp\/v2\/types\/post"}],"author":[{"embeddable":true,"href":"https:\/\/www.europesays.com\/fr\/wp-json\/wp\/v2\/users\/2"}],"replies":[{"embeddable":true,"href":"https:\/\/www.europesays.com\/fr\/wp-json\/wp\/v2\/comments?post=220405"}],"version-history":[{"count":0,"href":"https:\/\/www.europesays.com\/fr\/wp-json\/wp\/v2\/posts\/220405\/revisions"}],"wp:featuredmedia":[{"embeddable":true,"href":"https:\/\/www.europesays.com\/fr\/wp-json\/wp\/v2\/media\/220406"}],"wp:attachment":[{"href":"https:\/\/www.europesays.com\/fr\/wp-json\/wp\/v2\/media?parent=220405"}],"wp:term":[{"taxonomy":"category","embeddable":true,"href":"https:\/\/www.europesays.com\/fr\/wp-json\/wp\/v2\/categories?post=220405"},{"taxonomy":"post_tag","embeddable":true,"href":"https:\/\/www.europesays.com\/fr\/wp-json\/wp\/v2\/tags?post=220405"}],"curies":[{"name":"wp","href":"https:\/\/api.w.org\/{rel}","templated":true}]}}