{"id":220411,"date":"2025-07-02T10:13:12","date_gmt":"2025-07-02T10:13:12","guid":{"rendered":"https:\/\/www.europesays.com\/fr\/220411\/"},"modified":"2025-07-02T10:13:12","modified_gmt":"2025-07-02T10:13:12","slug":"ed-sheeran-fond-en-larmes-en-plein-concert-2","status":"publish","type":"post","link":"https:\/\/www.europesays.com\/fr\/220411\/","title":{"rendered":"Ed Sheeran fond en larmes en plein concert"},"content":{"rendered":"<p><img decoding=\"async\" class=\"caas-img has-preview\" alt=\"Capture d'\u00e9cran YouTube\" bad-src=\"https:\/\/www.europesays.com\/fr\/wp-content\/uploads\/2025\/07\/fb834535cbf10bd1e1b3efcc32b349c6.jpeg\" src=\"https:\/\/www.europesays.com\/fr\/wp-content\/uploads\/2025\/07\/fb834535cbf10bd1e1b3efcc32b349c6.jpeg\"\/><\/p>\n<p>Capture d&rsquo;\u00e9cran YouTube<\/p>\n<p>Capture d&rsquo;\u00e9cran YouTubeEd Sheeran poursuit sa tourn\u00e9e \u00e0 succ\u00e8s et r\u00e9gale son public europ\u00e9en. \u00c0 Marseille puis Lille, les fans fran\u00e7ais ont eu la surprise de voir d\u00e9barquer sur sc\u00e8ne Soprano puis Pierre Garnier pour des duos sur les tubes <a class=\"link \" href=\"https:\/\/www.chartsinfrance.net\/actualite\/news-132842.html\" rel=\"nofollow noopener\" target=\"_blank\" data-ylk=\"slk:&quot;En feu&quot;;elm:context_link;itc:0;sec:content-canvas\">\u00ab\u00a0En feu\u00a0\u00bb<\/a> et <a class=\"link \" href=\"https:\/\/www.chartsinfrance.net\/actualite\/news-132963.html\" rel=\"nofollow noopener\" target=\"_blank\" data-ylk=\"slk:&quot;Ceux qu&#039;on \u00e9tait&quot;;elm:context_link;itc:0;sec:content-canvas\">\u00ab\u00a0Ceux qu&rsquo;on \u00e9tait\u00a0\u00bb<\/a>. Des moments de joie, il y en a au fil de ses concerts comme des moments d&rsquo;\u00e9motions. Et c&rsquo;est ce qu&rsquo;il s&rsquo;est pass\u00e9 samedi soir lors de son passage \u00e0 la MHPArena de Stuttgart. Devant 60.000 spectateurs allemands, l&rsquo;artiste a d\u00e9roul\u00e9 son concert habituel avec les hits <a class=\"link \" href=\"https:\/\/www.chartsinfrance.net\/Ed-Sheeran\/news-103535.html\" rel=\"nofollow noopener\" target=\"_blank\" data-ylk=\"slk:&quot;Shape of You&quot;;elm:context_link;itc:0;sec:content-canvas\">\u00ab\u00a0Shape of You\u00a0\u00bb<\/a> ou \u00ab\u00a0Bad Habits\u00a0\u00bb mais a \u00e9galement r\u00e9serv\u00e9 un cadeau de taille en interpr\u00e9tant le titre \u00ab\u00a0Supermarket Flowers\u00a0\u00bb, pour la premi\u00e8re fois depuis 2018. S&rsquo;il a tenu \u00e0 chanter le morceau, c&rsquo;est pour faire plaisir \u00e0 un fan pr\u00e9sent dans l&rsquo;assistance&#8230; et pas vraiment de gaiet\u00e9 de coeur ! <\/p>\n<p>\u00ab\u00a0Je n&rsquo;aime pas la jouer quand ma m\u00e8re est l\u00e0\u00a0\u00bb<\/p>\n<p>Car, comme il l&rsquo;a expliqu\u00e9 aux 60.000 spectateurs, Ed Sheeran a une histoire bouleversante li\u00e9e \u00e0 \u00ab\u00a0Supermarket Flowers\u00a0\u00bb. \u00ab La raison pour laquelle je ne veux plus chanter ce titre, c&rsquo;est qu&rsquo;il signifie beaucoup de choses, pour moi et ma famille. C&rsquo;est une chanson qui est assez douloureuse \u00e0 chanter, je ne l&rsquo;ai pas interpr\u00e9t\u00e9e depuis 2018 pour cette raison. Je n&rsquo;aime pas la jouer quand ma m\u00e8re est dans le stade, car je sais que \u00e7a la rend triste. Pareil pour mon fr\u00e8re ou moi&#8230; \u00bb conc\u00e8de le chanteur, qui a tout de m\u00eame voulu faire plaisir \u00e0 ses fans : \u00ab Mais parfois, la musique est autre chose&#8230; J&rsquo;\u00e9cris des chansons, je les sors et les gens peuvent s&rsquo;y reconna\u00eetre. Parfois, c&rsquo;es&#8230;<\/p>\n<p><a href=\"https:\/\/www.chartsinfrance.net\/Ed-Sheeran\/news-133046.html\" rel=\"nofollow noopener\" target=\"_blank\" data-ylk=\"slk:Cliquez ici pour voir la suite;elm:context_link;itc:0;sec:content-canvas\" class=\"link \">Cliquez ici pour voir la suite<\/a><\/p>\n<p>A lire aussi :<\/p>\n<p><a href=\"https:\/\/www.chartsinfrance.net\/Ed-Sheeran\/news-132956.html\" rel=\"nofollow noopener\" target=\"_blank\" data-ylk=\"slk:Ed Sheeran change de style sur &quot;Drive&quot;;elm:context_link;itc:0;sec:content-canvas\" class=\"link \">Ed Sheeran change de style sur \u00ab\u00a0Drive\u00a0\u00bb<\/a><br \/><a href=\"https:\/\/www.chartsinfrance.net\/Ed-Sheeran\/news-132892.html\" rel=\"nofollow noopener\" target=\"_blank\" data-ylk=\"slk:Ed Sheeran et Pierre Garnier : c&#039;est officiel !;elm:context_link;itc:0;sec:content-canvas\" class=\"link \">Ed Sheeran et Pierre Garnier : c&rsquo;est officiel !<\/a><br \/><a href=\"https:\/\/www.chartsinfrance.net\/Ed-Sheeran\/news-132809.html\" rel=\"nofollow noopener\" target=\"_blank\" data-ylk=\"slk:Ed Sheeran en terres indiennes pour &quot;Sapphire&quot;;elm:context_link;itc:0;sec:content-canvas\" class=\"link \">Ed Sheeran en terres indiennes pour \u00ab\u00a0Sapphire\u00a0\u00bb<\/a><\/p>\n","protected":false},"excerpt":{"rendered":"Capture d&rsquo;\u00e9cran YouTube Capture d&rsquo;\u00e9cran YouTubeEd Sheeran poursuit sa tourn\u00e9e \u00e0 succ\u00e8s et r\u00e9gale son public europ\u00e9en. \u00c0&hellip;\n","protected":false},"author":2,"featured_media":220412,"comment_status":"","ping_status":"","sticky":false,"template":"","format":"standard","meta":{"footnotes":""},"categories":[1355],"tags":[35947,35949,58,9472,59,1011,27,35948,1361,873,5096,2784],"class_list":{"0":"post-220411","1":"post","2":"type-post","3":"status-publish","4":"format-standard","5":"has-post-thumbnail","7":"category-musique","8":"tag-capture-decran","9":"tag-des-moments","10":"tag-divertissement","11":"tag-ed-sheeran","12":"tag-entertainment","13":"tag-fr","14":"tag-france","15":"tag-jecris-des-chansons","16":"tag-music","17":"tag-musique","18":"tag-pierre-garnier","19":"tag-youtube"},"share_on_mastodon":{"url":"https:\/\/pubeurope.com\/@fr\/114783112651374413","error":""},"_links":{"self":[{"href":"https:\/\/www.europesays.com\/fr\/wp-json\/wp\/v2\/posts\/220411","targetHints":{"allow":["GET"]}}],"collection":[{"href":"https:\/\/www.europesays.com\/fr\/wp-json\/wp\/v2\/posts"}],"about":[{"href":"https:\/\/www.europesays.com\/fr\/wp-json\/wp\/v2\/types\/post"}],"author":[{"embeddable":true,"href":"https:\/\/www.europesays.com\/fr\/wp-json\/wp\/v2\/users\/2"}],"replies":[{"embeddable":true,"href":"https:\/\/www.europesays.com\/fr\/wp-json\/wp\/v2\/comments?post=220411"}],"version-history":[{"count":0,"href":"https:\/\/www.europesays.com\/fr\/wp-json\/wp\/v2\/posts\/220411\/revisions"}],"wp:featuredmedia":[{"embeddable":true,"href":"https:\/\/www.europesays.com\/fr\/wp-json\/wp\/v2\/media\/220412"}],"wp:attachment":[{"href":"https:\/\/www.europesays.com\/fr\/wp-json\/wp\/v2\/media?parent=220411"}],"wp:term":[{"taxonomy":"category","embeddable":true,"href":"https:\/\/www.europesays.com\/fr\/wp-json\/wp\/v2\/categories?post=220411"},{"taxonomy":"post_tag","embeddable":true,"href":"https:\/\/www.europesays.com\/fr\/wp-json\/wp\/v2\/tags?post=220411"}],"curies":[{"name":"wp","href":"https:\/\/api.w.org\/{rel}","templated":true}]}}