{"id":220415,"date":"2025-07-02T10:15:12","date_gmt":"2025-07-02T10:15:12","guid":{"rendered":"https:\/\/www.europesays.com\/fr\/220415\/"},"modified":"2025-07-02T10:15:12","modified_gmt":"2025-07-02T10:15:12","slug":"lidl-relance-son-gadget-anti-moustiques-qui-chasse-les-insectes-de-maniere-ecolo","status":"publish","type":"post","link":"https:\/\/www.europesays.com\/fr\/220415\/","title":{"rendered":"LIDL relance son gadget anti-moustiques qui chasse les insectes de mani\u00e8re \u00e9colo"},"content":{"rendered":"<p>                                        <img width=\"658\" height=\"329\" src=\"https:\/\/www.europesays.com\/fr\/wp-content\/uploads\/2025\/07\/LIDL-relance-son-gadget-anti-moustiques-qui-chasse-les-insectes-de-maniere-ecolo-658x329.jpg\" class=\"attachment-single-desktop size-single-desktop wp-post-image\" alt=\"LIDL relance son gadget anti-moustiques qui chasse les insectes de mani\u00e8re \u00e9colo\" fetchpriority=\"high\" loading=\"eager\" decoding=\"sync\"  \/>                                    <\/p>\n<p>                            Ne craignez pas de voir les moustiques chez vous cet \u00e9t\u00e9 gr\u00e2ce \u00e0 ce pi\u00e8ge anti-insectes redoutable et petit prix en vente chez Lidl !<\/p>\n<p>Peur de voir les moustiques <a href=\"https:\/\/www.tuxboard.com\/gta-6-le-nombre-de-missions-dans-le-mode-histoire-cree-la-polemique-alors-que-le-jeu-nest-pas-sorti-30062025\/\" target=\"_blank\" rel=\"noopener\">d\u00e9barquer<\/a> chez vous encore tout l\u2019\u00e9t\u00e9 ? Ne craignez rien avec <a href=\"https:\/\/www.tuxboard.com\/lidl-toutes-dates-des-soldes-dete-pour-profiter-des-meilleures-affaires-23062025\/\" target=\"_blank\" rel=\"noopener\">cet article<\/a> en vente chez Lidl pour les \u00e9liminer, sans produits chimiques.<\/p>\n<p>Les bonnes affaires Lidl se poursuivent cet \u00e9t\u00e9<\/p>\n<p>Il y a encore pas mal de choses \u00e0 shopper cette saison chez <a href=\"https:\/\/www.tuxboard.com\/lidl-devoile-les-robes-et-les-sandales-a-avoir-cet-ete-pour-un-look-parfait-24062025\/\" target=\"_blank\" rel=\"noopener\">la marque allemande<\/a> bien connue de tous. Si vous avez l\u2019intention de passer chez l\u2019enseigne, vous pourriez tomber sur d\u2019excellentes promotions. Surtout en pleine p\u00e9riode de soldes d\u2019\u00e9t\u00e9.<\/p>\n<p>En effet, celles-ci ont lieu aussi chez <a href=\"https:\/\/www.tuxboard.com\/lidl-reinvente-le-transat-avec-cette-invention-que-tout-le-monde-va-vouloir-cet-ete-26062025\/\" target=\"_blank\" rel=\"noopener\">le discounter.<\/a> C\u2019est le moment de venir trouver des tas de bonnes affaires pour commencer la p\u00e9riode estivale. Pourquoi ne pas profiter des r\u00e9ductions massives qui s\u2019abattent sur les articles de maison, sur l\u2019habillement ou encore sur les articles de loisirs ?<\/p>\n<p>Avec les fortes chaleurs qui s\u2019annoncent, prenez aussi la pr\u00e9caution de pouvoir rester au frais tout l\u2019\u00e9t\u00e9. Pour cela, Lidl met en vente des r\u00e9f\u00e9rences qui tombent \u00e0 pic. Comme des ventilateurs, des piscines gonflables ou encore <a href=\"https:\/\/www.tuxboard.com\/ce-produit-lidl-a-moins-de-37e-va-rendre-vos-vitres-brillantes-comme-au-premier-jour-19062025\/\" target=\"_blank\" rel=\"noopener\">des articles<\/a> pour se rendre \u00e0 la plage.<\/p>\n<p>Bien que la saison estivale offre pas mal d\u2019avantages, elle poss\u00e8de toutefois un inconv\u00e9nient majeur : <strong>le retour des moustiques<\/strong> ! Eh oui, ces derniers sont bel et bien revenus pour de bon et ils comptent bien en profiter !<\/p>\n<p>V\u00e9ritable <strong>fl\u00e9au de l\u2019\u00e9t\u00e9<\/strong>, les moustiques n\u2019ont qu\u2019un seul objectif : nous piquer. Le sang pr\u00e9lev\u00e9 lors de la piq\u00fbre est tout simplement pour eux une source de prot\u00e9ines parfaite pour le d\u00e9veloppement de leurs \u0153ufs.<\/p>\n<p>Pour s\u2019en prot\u00e9ger, diverses astuces et pi\u00e8ges sont sollicit\u00e9s chaque ann\u00e9e. Mais tous n\u2019ont cependant pas la m\u00eame efficacit\u00e9. Si les sprays r\u00e9pulsifs fonctionnent plut\u00f4t bien \u00e0 l\u2019ext\u00e9rieur, ils n\u2019emp\u00eachent pas pour autant les insectes de rentrer chez vous.<\/p>\n<p>Le gadget anti-moustiques le plus redoutable revient chez le discounter<\/p>\n<p>La pose de moustiquaires est dans ce cas-l\u00e0 un meilleur choix. Mais l\u00e0 encore, le co\u00fbt d\u2019une telle installation fait parfois grimper la note si toutes les fen\u00eatres doivent \u00eatre prot\u00e9g\u00e9es.<\/p>\n<p>Heureusement, Lidl a l\u2019article qu\u2019il faut pour neutraliser les moustiques, de fa\u00e7on rapide et \u00e9conomique. Il s\u2019agit de cette<strong> prise UV Livarno Home de 0,36 W<\/strong> \u00e0 brancher dans la pi\u00e8ce de votre choix.<\/p>\n<p>Ce pi\u00e8ge d\u2019int\u00e9rieur pour insectes est redoutable. Dot\u00e9 d\u2019un capteur de luminosit\u00e9 qui \u00e9met une lumi\u00e8re bleue, celui-ci attire irr\u00e9sistiblement les moustiques. Attir\u00e9s, les nuisibles viendront d\u2019eux-m\u00eame se griller sur la grille chaude du pi\u00e8ge.<\/p>\n<p>Fonctionnant sur une prise secteur, cet article est pourvu d\u2019un interrupteur marche\/arr\u00eat. Il peut aussi \u00eatre r\u00e9gl\u00e9 en <strong>mode automatique p<\/strong>our s\u2019allumer uniquement \u00e0 la tomb\u00e9e de la nuit. L\u2019avantage de ce pi\u00e8ge est qu\u2019il est exempte de produits chimiques (comme les pyr\u00e9thrino\u00efdes).<\/p>\n<p>Ce qui pourra rassurer les personnes sensibles (enfants, asthmatiques, personnes \u00e2g\u00e9es), craignant les substances irritantes pour les voies respiratoires.<\/p>\n<p>Facile \u00e0 placer dans la pi\u00e8ce de votre choix, ce produit Lidl connait tous les ans un grand succ\u00e8s aupr\u00e8s des clients. \u00ab\u00a0Appareil avec un tr\u00e8s bon rapport qualit\u00e9\/prix Tr\u00e8s simple d\u2019utilisation et sans produits nocifs pour la sant\u00e9\u00a0\u00bb, approuve une cliente.<\/p>\n<p>\u00ab\u00a0J\u2019en avais d\u00e9j\u00e0 achet\u00e9 et je viens d\u2019en acheter d\u2019autres. Super et peu cher\u00a0\u00bb, t\u00e9moigne un autre client de l\u2019enseigne. Et en effet, cette r\u00e9f\u00e9rence poss\u00e8de un tr\u00e8s bon rapport qualit\u00e9\/prix si l\u2019on en juge par son efficacit\u00e9.<\/p>\n<p>Retrouvez pour cet \u00e9t\u00e9 cette prise anti-moustiques pour seulement 3.99\u20ac. \u00c0 ce tarif, vous pourrez s\u00e9curiser ainsi tout votre habitat pour vivre paisiblement votre \u00e9t\u00e9, sans risque d\u2019\u00eatre piqu\u00e9.<\/p>\n<p><img loading=\"lazy\" decoding=\"async\" class=\"size-medium wp-image-1393451\" src=\"data:image\/svg+xml,%3Csvg%20xmlns=\" http:=\"\" alt=\"\u00a9Lidl\" width=\"600\" height=\"450\" data-lazy- data-lazy- data-lazy-src=\"https:\/\/www.tuxboard.com\/wp-content\/uploads\/2025\/06\/\u00a9Lidl-5-600x450.webp\"\/><\/p>\n<p>                                    <img loading=\"lazy\" decoding=\"async\" src=\"data:image\/svg+xml,%3Csvg%20xmlns=\" http:=\"\" itemprop=\"image\" width=\"32\" height=\"32\" alt=\"avatar\" class=\"avatar avatar-32\" data-lazy-src=\"https:\/\/www.europesays.com\/fr\/wp-content\/uploads\/2025\/05\/VG.png\"\/>                                                                    <\/p>\n<p>                                    <a class=\"post-author-name\" href=\"https:\/\/www.tuxboard.com\/author\/cvirginietuxb2022\/\" title=\"G. V.\" itemprop=\"url\" target=\"_blank\" rel=\"noopener\">G. V.<\/a><\/p>\n<p itemprop=\"description\">R\u00e9dactrice au long cours pour Tuxboard.com, je r\u00e9dige \u00e9galement des articles pour diff\u00e9rents m\u00e9dias. Passionn\u00e9e de culture, musique et cin\u00e9ma, j&rsquo;aime \u00e9crire sur divers sujets. Mes domaines de pr\u00e9dilection sont l&rsquo;actu, le lifestyle et les m\u00e9dias.<\/p>\n","protected":false},"excerpt":{"rendered":"Ne craignez pas de voir les moustiques chez vous cet \u00e9t\u00e9 gr\u00e2ce \u00e0 ce pi\u00e8ge anti-insectes redoutable et&hellip;\n","protected":false},"author":2,"featured_media":220416,"comment_status":"","ping_status":"","sticky":false,"template":"","format":"standard","meta":{"footnotes":""},"categories":[10],"tags":[1011,27,72,18542,71],"class_list":{"0":"post-220415","1":"post","2":"type-post","3":"status-publish","4":"format-standard","5":"has-post-thumbnail","7":"category-sante","8":"tag-fr","9":"tag-france","10":"tag-health","11":"tag-lidl","12":"tag-sante"},"share_on_mastodon":{"url":"https:\/\/pubeurope.com\/@fr\/114783120573860741","error":""},"_links":{"self":[{"href":"https:\/\/www.europesays.com\/fr\/wp-json\/wp\/v2\/posts\/220415","targetHints":{"allow":["GET"]}}],"collection":[{"href":"https:\/\/www.europesays.com\/fr\/wp-json\/wp\/v2\/posts"}],"about":[{"href":"https:\/\/www.europesays.com\/fr\/wp-json\/wp\/v2\/types\/post"}],"author":[{"embeddable":true,"href":"https:\/\/www.europesays.com\/fr\/wp-json\/wp\/v2\/users\/2"}],"replies":[{"embeddable":true,"href":"https:\/\/www.europesays.com\/fr\/wp-json\/wp\/v2\/comments?post=220415"}],"version-history":[{"count":0,"href":"https:\/\/www.europesays.com\/fr\/wp-json\/wp\/v2\/posts\/220415\/revisions"}],"wp:featuredmedia":[{"embeddable":true,"href":"https:\/\/www.europesays.com\/fr\/wp-json\/wp\/v2\/media\/220416"}],"wp:attachment":[{"href":"https:\/\/www.europesays.com\/fr\/wp-json\/wp\/v2\/media?parent=220415"}],"wp:term":[{"taxonomy":"category","embeddable":true,"href":"https:\/\/www.europesays.com\/fr\/wp-json\/wp\/v2\/categories?post=220415"},{"taxonomy":"post_tag","embeddable":true,"href":"https:\/\/www.europesays.com\/fr\/wp-json\/wp\/v2\/tags?post=220415"}],"curies":[{"name":"wp","href":"https:\/\/api.w.org\/{rel}","templated":true}]}}