{"id":220417,"date":"2025-07-02T10:16:12","date_gmt":"2025-07-02T10:16:12","guid":{"rendered":"https:\/\/www.europesays.com\/fr\/220417\/"},"modified":"2025-07-02T10:16:12","modified_gmt":"2025-07-02T10:16:12","slug":"max-verstappen-annonce-chez-mercedes-vers-le-transfert-de-lannee","status":"publish","type":"post","link":"https:\/\/www.europesays.com\/fr\/220417\/","title":{"rendered":"Max Verstappen annonc\u00e9 chez Mercedes, vers le transfert de l\u2019ann\u00e9e ?"},"content":{"rendered":"<p>Selon Sky Sports Italia, le N\u00e9erlandais serait tomb\u00e9 d\u2019accord avec Toto Wolff pour quitter Red Bull la saison prochaine.<\/p>\n<p class=\"fig-paragraph\">Max Verstappen sera-t-il le co\u00e9quipier l\u2019an prochain du jeune Andrea Kimi Antonelli (18 ans) chez Mercedes\u00a0? Cela leur donnerait l\u2019occasion de reparler de\u00a0<a href=\"http:\/\/www.lefigaro.fr\/sports\/formule-1\/formule-1-c-est-une-grosse-erreur-je-suis-vraiment-desole-antonelli-sanctionne-apres-avoir-percute-verstappen-20250629\" data-fig-type=\"NewsFlash\" data-gtm-custom-categorie=\"navigation\" data-gtm-custom-action=\"crossclick\" data-gtm-custom-label=\"Contextuel\" data-gtm-event=\"customEventSPE\" data-fig-domain=\"LEFIGARO\" target=\"_blank\" rel=\"noopener\">leur accrochage du week-end dernier lors du Grand Prix d\u2019Autriche<\/a>, qui leur a co\u00fbt\u00e9 \u00e0 chacun un abandon. Mais au-del\u00e0 du timing, selon Sky Sports Italia, il semblerait que le transfert du quadruple champion du monde en titre\u00a0<a href=\"http:\/\/www.lefigaro.fr\/sports\/formule-1\/formule-1-s-assurer-d-avoir-les-meilleurs-pilotes-l-interet-de-mercedes-pour-verstappen-confirme-20250628\" data-fig-type=\"NewsFlash\" data-gtm-custom-categorie=\"navigation\" data-gtm-custom-action=\"crossclick\" data-gtm-custom-label=\"Contextuel\" data-gtm-event=\"customEventSPE\" data-fig-domain=\"LEFIGARO\" target=\"_blank\" rel=\"noopener\">au sein de l\u2019\u00e9curie dirig\u00e9e par Toto Wolff\u00a0<\/a>soit en tr\u00e8s bonne voie.<\/p>\n<p class=\"fig-paragraph\">Sous contrat jusqu\u2019en 2028 avec Red Bull, Max Verstappen dispose cependant de diff\u00e9rentes clauses pouvant lui permettre de trouver une porte de sortie avant cette date. Parmi celles-ci, figureraient des conditions de classement. Ainsi, si le N\u00e9erlandais ne figure pas dans le Top 3 des pilotes cet \u00e9t\u00e9, ou si son \u00e9quipe ne pointe plus dans le Top 3 des constructeurs, il pourrait activer une option lui permettant d\u2019aller voir ailleurs. En l\u2019occurrence du c\u00f4t\u00e9 de Mercedes, qui n\u2019a jamais cach\u00e9 son int\u00e9r\u00eat pour Verstappen&#8230;<\/p>\n<p class=\"fig-paragraph\">Or, si le Batave, malgr\u00e9 son z\u00e9ro point\u00e9 en Autriche, figure encore sur la troisi\u00e8me marche du podium au Championnat derri\u00e8re les intouchables duettistes de chez McLaren Oscar Piastri et Lando Norris, il n\u2019en va plus de m\u00eame pour Red Bull, seulement quatri\u00e8me avec un second pilote, le Japonais Yuki Tsunoda, en perdition depuis quelques courses. Un recul dans la hi\u00e9rarchie qui pourrait changer la donne aux yeux d\u2019un Verstappen qui pourrait alors prendre le baquet de George Russell, plut\u00f4t que celui d\u2019Antonelli.<\/p>\n<p class=\"fig-paragraph\">Toujours en n\u00e9gociation pour prolonger son contrat &#8211; qui s\u2019ach\u00e8ve \u00e0 la fin de cette ann\u00e9e &#8211; avec les Fl\u00e8ches d\u2019Argent, le Britannique peine \u00e0 concr\u00e9tiser les discussions ce qui, selon certaines indiscr\u00e9tions dans le paddock, fragiliserait de plus en plus sa position, malgr\u00e9 des r\u00e9sultats plus que corrects avec \u00e0 son compteur une victoire au Canada cette ann\u00e9e.<\/p>\n","protected":false},"excerpt":{"rendered":"Selon Sky Sports Italia, le N\u00e9erlandais serait tomb\u00e9 d\u2019accord avec Toto Wolff pour quitter Red Bull la saison&hellip;\n","protected":false},"author":2,"featured_media":220418,"comment_status":"","ping_status":"","sticky":false,"template":"","format":"standard","meta":{"footnotes":""},"categories":[9],"tags":[1977,1976,525,1981,1979,1983,1451,1454,1011,27,1982,1978,1980,60],"class_list":{"0":"post-220417","1":"post","2":"type-post","3":"status-publish","4":"format-standard","5":"has-post-thumbnail","7":"category-sports","8":"tag-auto","9":"tag-auto-moto","10":"tag-calendrier","11":"tag-classement","12":"tag-constructeurs","13":"tag-essai","14":"tag-f1","15":"tag-formule-1","16":"tag-fr","17":"tag-france","18":"tag-grand-prix","19":"tag-pilotes","20":"tag-resultats","21":"tag-sports"},"share_on_mastodon":{"url":"https:\/\/pubeurope.com\/@fr\/114783124435462505","error":""},"_links":{"self":[{"href":"https:\/\/www.europesays.com\/fr\/wp-json\/wp\/v2\/posts\/220417","targetHints":{"allow":["GET"]}}],"collection":[{"href":"https:\/\/www.europesays.com\/fr\/wp-json\/wp\/v2\/posts"}],"about":[{"href":"https:\/\/www.europesays.com\/fr\/wp-json\/wp\/v2\/types\/post"}],"author":[{"embeddable":true,"href":"https:\/\/www.europesays.com\/fr\/wp-json\/wp\/v2\/users\/2"}],"replies":[{"embeddable":true,"href":"https:\/\/www.europesays.com\/fr\/wp-json\/wp\/v2\/comments?post=220417"}],"version-history":[{"count":0,"href":"https:\/\/www.europesays.com\/fr\/wp-json\/wp\/v2\/posts\/220417\/revisions"}],"wp:featuredmedia":[{"embeddable":true,"href":"https:\/\/www.europesays.com\/fr\/wp-json\/wp\/v2\/media\/220418"}],"wp:attachment":[{"href":"https:\/\/www.europesays.com\/fr\/wp-json\/wp\/v2\/media?parent=220417"}],"wp:term":[{"taxonomy":"category","embeddable":true,"href":"https:\/\/www.europesays.com\/fr\/wp-json\/wp\/v2\/categories?post=220417"},{"taxonomy":"post_tag","embeddable":true,"href":"https:\/\/www.europesays.com\/fr\/wp-json\/wp\/v2\/tags?post=220417"}],"curies":[{"name":"wp","href":"https:\/\/api.w.org\/{rel}","templated":true}]}}