{"id":220425,"date":"2025-07-02T10:20:13","date_gmt":"2025-07-02T10:20:13","guid":{"rendered":"https:\/\/www.europesays.com\/fr\/220425\/"},"modified":"2025-07-02T10:20:13","modified_gmt":"2025-07-02T10:20:13","slug":"zohran-mamdani-ne-se-laisse-pas-faire-face-a-donald-trump-qui-menace-de-lexpulser","status":"publish","type":"post","link":"https:\/\/www.europesays.com\/fr\/220425\/","title":{"rendered":"Zohran Mamdani ne se laisse pas faire face \u00e0 Donald Trump qui menace de l\u2019expulser"},"content":{"rendered":"<p>        <img decoding=\"async\" loading=\"lazy\" src=\"https:\/\/www.europesays.com\/fr\/wp-content\/uploads\/2025\/06\/8d179db_upload-1-hvee6twtqzbb-063-2221992160.jpg\"  width=\"728\" height=\"409\" alt=\"Le candidat \u00e0 la mairie de New York Zohran Mamdani s\u2019adresse \u00e0 ses partisans lors d\u2019une soir\u00e9e \u00e9lectorale dans l\u2019arrondissement de Queens, \u00e0 New York, le 24\u00a0juin 2025.\"\/>  <\/p>\n<p>MICHAEL M. SANTIAGO \/ Getty Images via AFP<\/p>\n<p>Le candidat \u00e0 la mairie de New York Zohran Mamdani s\u2019adresse \u00e0 ses partisans lors d\u2019une soir\u00e9e \u00e9lectorale dans l\u2019arrondissement de Queens, \u00e0 New York, le 24\u00a0juin 2025.<\/p>\n<p class=\"asset asset-text\">INTERNATIONAL &#8211; Pour Trump, un \u00ab\u00a0communiste\u00a0\u00bb \u00e0 la t\u00eate de New York, c\u2019est hors de question. Depuis qu\u2019il a <a href=\"https:\/\/www.huffingtonpost.fr\/international\/article\/a-new-york-zohran-mamdani-remporte-la-primaire-democrate-pour-la-mairie-apres-une-campagne-sensation_251781.html\" rel=\"nofollow noopener\" target=\"_blank\">remport\u00e9 la primaire d\u00e9mocrate pour la mairie de New York<\/a> fin juin, le candidat <a href=\"https:\/\/www.huffingtonpost.fr\/international\/article\/apres-zohran-mamdani-cet-autre-jeune-democrate-qui-veut-bouleverser-son-parti-et-la-politique-americaine_251799.html\" rel=\"nofollow noopener\" target=\"_blank\">Zohran Mamdani<\/a> est constamment dans le viseur du pr\u00e9sident des \u00c9tats-Unis, qui met tout en place pour barrer la route de son <a href=\"https:\/\/www.huffingtonpost.fr\/international\/article\/un-communiste-cingle-donald-trump-a-trouve-en-zohran-mamdani-son-nouveau-bouc-emissaire-a-new-york_251846.html\" rel=\"nofollow noopener\" target=\"_blank\">nouvel ennemi<\/a> dans la ville qui l\u2019a vu \u00e9merger.<\/p>\n<p class=\"asset asset-text\">Ce mardi 1er\u00a0juillet, lors d\u2019un d\u00e9placement au nouveau centre de d\u00e9tention de migrant de Floride \u2013 <a href=\"https:\/\/www.huffingtonpost.fr\/international\/article\/trump-visite-l-alcatraz-des-alligators-un-nouveau-centre-de-retention-pour-migrants-ou-rien-ne-va-clx1_251842.html\" rel=\"nofollow noopener\" target=\"_blank\">le d\u00e9j\u00e0 tristement c\u00e9l\u00e8bre \u00ab\u00a0Alcatraz des alligators\u00a0\u00bb<\/a> \u2013, Donald Trump a renouvel\u00e9 ses attaques en mena\u00e7ant Zohran Mamdani de l\u2019arr\u00eater s\u2019il osait d\u00e9fier les services d\u2019immigration am\u00e9ricains. Une r\u00e9ponse directe au discours de victoire du candidat \u00e0 la mairie de New York, qui a affirm\u00e9 qu\u2019il \u00ab\u00a0emp\u00eacherait les agents masqu\u00e9s de l\u2019ICE [police f\u00e9d\u00e9rale charg\u00e9e de l\u2019immigration] d\u2019expulser nos voisins\u00a0\u00bb.<\/p>\n<p class=\"asset asset-text\">\u00ab\u00a0Nous devrons l\u2019arr\u00eater\u00a0!\u00a0\u00bb, a ainsi l\u00e2ch\u00e9 <a href=\"https:\/\/www.huffingtonpost.fr\/international\/video\/donald-trump-se-lache-encore-contre-elon-musk-et-n-exclut-pas-de-l-expulser-des-etats-unis_252068.html\" rel=\"nofollow noopener\" target=\"_blank\">Donald Trump<\/a>, invit\u00e9 par un journaliste \u00e0 lui r\u00e9pondre. \u00ab\u00a0\u00c9coutez, nous n\u2019avons pas besoin d\u2019un communiste dans ce pays, mais si nous en avons un, je vais le surveiller tr\u00e8s attentivement au nom de la nation\u00a0\u00bb, a promis le chef d\u2019\u00c9tat am\u00e9ricain. Avant de poursuivre par de fausses informations selon lesquelles Zohran Mamdani serait en situation irr\u00e9guli\u00e8re sur le sol am\u00e9ricain.<\/p>\n<p class=\"asset asset-text\">\u00ab\u00a0Beaucoup de gens disent qu\u2019il est ici ill\u00e9galement. Nous allons tout examiner\u00a0\u00bb, a-t-il d\u00e9clar\u00e9, alors que son nouvel ennemi, n\u00e9 en Ouganda, vit aux \u00c9tats-Unis depuis l\u2019\u00e2ge de 7\u00a0ans et a \u00e9t\u00e9 naturalis\u00e9 am\u00e9ricain en 2018.<\/p>\n<p>                     \u00ab\u00a0Une attaque contre notre d\u00e9mocratie\u00a0\u00bb    <\/p>\n<p class=\"asset asset-text\">Dans cette joute verbale, la nouvelle figure d\u2019opposition \u00e0 Donald Trump n\u2019a clairement pas pr\u00e9vu de se laisser faire. \u00c9voquant des \u00ab\u00a0intimidations\u00a0\u00bb, Zohran Mamdani lui a r\u00e9pondu dans un communiqu\u00e9. \u00ab\u00a0Le pr\u00e9sident a menac\u00e9 de m\u2019arr\u00eater, de me retirer ma citoyennet\u00e9 et de me placer en camp de d\u00e9tention avant de m\u2019expulser. Pas parce que je n\u2019ai pas respect\u00e9 la loi mais uniquement parce que je refuse de laisser l\u2019ICE terroriser notre ville\u00a0\u00bb.<\/p>\n<p> La lecture de ce contenu est susceptible d\u2019entra\u00eener un d\u00e9p\u00f4t de cookies de la part de l\u2019op\u00e9rateur tiers qui l\u2019h\u00e9berge. Compte-tenu des choix que vous avez exprim\u00e9s en mati\u00e8re de d\u00e9p\u00f4t de cookies, nous avons bloqu\u00e9 l\u2019affichage de ce contenu. Si vous souhaitez y acc\u00e9der, vous devez accepter la cat\u00e9gorie de cookies \u201cContenus tiers\u201d en cliquant sur le bouton ci-dessous. <\/p>\n<p> Lire la Vid\u00e9o        <\/p>\n<p class=\"asset asset-text\">\u00ab\u00a0Ses d\u00e9clarations ne constituent pas seulement une attaque contre notre d\u00e9mocratie, mais une tentative d\u2019envoyer un message \u00e0 tous les New-Yorkais [\u2026]\u00a0: si vous parlez, ils viendront vous chercher. Nous n\u2019accepterons pas cette intimidation\u00a0\u00bb, a-t-il ajout\u00e9, avant de contre-attaquer en ciblant Eric Adams.<\/p>\n<p class=\"asset asset-text\">En s\u2019en prenant \u00e0 <a href=\"https:\/\/www.huffingtonpost.fr\/international\/article\/eric-adams-le-maire-de-new-york-a-voulu-s-adresser-aux-hispanophones-avec-un-message-en-italien_248964.html\" rel=\"nofollow noopener\" target=\"_blank\">l\u2019actuel maire de New York<\/a>, Zohran Mamdani rappelle indirectement qu\u2019il avait \u00e9t\u00e9 inculp\u00e9 pour corruption en 2024, avant <a href=\"https:\/\/www.huffingtonpost.fr\/international\/article\/eric-adams-maire-de-new-york-echappe-a-une-condamnation-et-il-peut-remercier-donald-trump_248315.html\" rel=\"nofollow noopener\" target=\"_blank\">l\u2019abandon des poursuites<\/a> gr\u00e2ce \u00e0 l\u2019arriv\u00e9e au pouvoir de Donald Trump. \u00ab\u00a0Que Donald Trump fasse l\u2019\u00e9loge d\u2019Eric Adams dans ses menaces autoritaires n\u2019est pas surprenant, mais il met en \u00e9vidence l\u2019urgence de mettre fin \u00e0 son mandat de maire\u00a0\u00bb, a-t-il l\u00e2ch\u00e9 dans sa r\u00e9ponse.<\/p>\n<p class=\"asset asset-text\">Et dans une r\u00e9cente r\u00e9ponse aux virulentes attaques de Donald Trump, Zohran Mamdani a r\u00e9agi \u00e0 l\u2019adjectif \u00ab\u00a0communiste\u00a0\u00bb utilis\u00e9 par le pr\u00e9sident comme insulte. Sur <a href=\"https:\/\/www.youtube.com\/watch?v=zczuvHEMH58\" target=\"_blank\" rel=\"noopener nofollow\" title=\"Nouvelle fen\u00eatre\">NBC<\/a>, il r\u00e9pond\u00a0sans d\u00e9tour\u00a0: \u00ab\u00a0Je ne le suis pas.\u00a0\u00bb \u00ab\u00a0J\u2019ai d\u00e9j\u00e0 d\u00fb m\u2019habituer au fait que le pr\u00e9sident parle de mon apparence, de ma voix, de mes origines, de qui je suis\u2026 En fin de compte, il veut d\u00e9tourner l\u2019attention de ce pour quoi je me bats.\u00a0\u00bb<\/p>\n","protected":false},"excerpt":{"rendered":"MICHAEL M. SANTIAGO \/ Getty Images via AFP Le candidat \u00e0 la mairie de New York Zohran Mamdani&hellip;\n","protected":false},"author":2,"featured_media":202753,"comment_status":"","ping_status":"","sticky":false,"template":"","format":"standard","meta":{"footnotes":""},"categories":[5],"tags":[11,75,73,1011,27,14,415,12,28],"class_list":{"0":"post-220425","1":"post","2":"type-post","3":"status-publish","4":"format-standard","5":"has-post-thumbnail","7":"category-international","8":"tag-actualites","9":"tag-donald-trump","10":"tag-etats-unis","11":"tag-fr","12":"tag-france","13":"tag-international","14":"tag-new-york","15":"tag-news","16":"tag-world"},"share_on_mastodon":{"url":"https:\/\/pubeurope.com\/@fr\/114783140235149810","error":""},"_links":{"self":[{"href":"https:\/\/www.europesays.com\/fr\/wp-json\/wp\/v2\/posts\/220425","targetHints":{"allow":["GET"]}}],"collection":[{"href":"https:\/\/www.europesays.com\/fr\/wp-json\/wp\/v2\/posts"}],"about":[{"href":"https:\/\/www.europesays.com\/fr\/wp-json\/wp\/v2\/types\/post"}],"author":[{"embeddable":true,"href":"https:\/\/www.europesays.com\/fr\/wp-json\/wp\/v2\/users\/2"}],"replies":[{"embeddable":true,"href":"https:\/\/www.europesays.com\/fr\/wp-json\/wp\/v2\/comments?post=220425"}],"version-history":[{"count":0,"href":"https:\/\/www.europesays.com\/fr\/wp-json\/wp\/v2\/posts\/220425\/revisions"}],"wp:featuredmedia":[{"embeddable":true,"href":"https:\/\/www.europesays.com\/fr\/wp-json\/wp\/v2\/media\/202753"}],"wp:attachment":[{"href":"https:\/\/www.europesays.com\/fr\/wp-json\/wp\/v2\/media?parent=220425"}],"wp:term":[{"taxonomy":"category","embeddable":true,"href":"https:\/\/www.europesays.com\/fr\/wp-json\/wp\/v2\/categories?post=220425"},{"taxonomy":"post_tag","embeddable":true,"href":"https:\/\/www.europesays.com\/fr\/wp-json\/wp\/v2\/tags?post=220425"}],"curies":[{"name":"wp","href":"https:\/\/api.w.org\/{rel}","templated":true}]}}