{"id":220426,"date":"2025-07-02T10:21:10","date_gmt":"2025-07-02T10:21:10","guid":{"rendered":"https:\/\/www.europesays.com\/fr\/220426\/"},"modified":"2025-07-02T10:21:10","modified_gmt":"2025-07-02T10:21:10","slug":"suspect-de-18-ans-mouvance-masculiniste-ce-que-lon-sait-du-projet-dattentat-contre-des-femmes-en-france","status":"publish","type":"post","link":"https:\/\/www.europesays.com\/fr\/220426\/","title":{"rendered":"Suspect de 18\u00a0ans, mouvance masculiniste\u2026 Ce que l\u2019on sait du projet d\u2019attentat contre des femmes en France"},"content":{"rendered":"<p class=\"paragraph text_align_left lp-f-body-02\">Il voulait s\u2019en prendre \u00e0 des femmes. Un <a href=\"https:\/\/www.leparisien.fr\/faits-divers\/qui-est-elliot-rodger-ce-tueur-du-mouvement-incel-dont-se-revendique-lhomme-qui-projetait-une-attaque-a-bordeaux-23-05-2024-GQU5XX4DZRHN3HKAIEQ5F6XDUA.php\" target=\"_blank\" rel=\"noreferrer nofollow noopener\">attentat a \u00e9t\u00e9 d\u00e9jou\u00e9<\/a> avec l\u2019interpellation d\u2019un jeune homme, dans la r\u00e9gion de Saint-\u00c9tienne, mis en examen et plac\u00e9 en d\u00e9tention provisoire mardi soir.<\/p>\n<p>Que s\u2019est-il pass\u00e9 ?<\/p>\n<p class=\"paragraph text_align_left lp-f-body-02\">Mardi soir, un homme de 18 ans a \u00e9t\u00e9 interpell\u00e9 dans la r\u00e9gion de Saint-\u00c9tienne. C\u2019est en possession de deux couteaux qu\u2019il a \u00e9t\u00e9 arr\u00eat\u00e9, \u00e0 proximit\u00e9 d\u2019un lyc\u00e9e.<\/p>\n<p class=\"paragraph text_align_left lp-f-body-02\">Le Parquet national antiterroriste (PNAT) a confirm\u00e9 l\u2019ouverture d\u2019une information judiciaire mardi. Le jeune homme a \u00e9t\u00e9 mis en examen pour association de malfaiteurs terroriste en vue de la pr\u00e9paration d\u2019un ou plusieurs crimes d\u2019atteinte aux personnes et incarc\u00e9r\u00e9, indique le PNAT.<\/p>\n<p>Quel est le profil du suspect ?<\/p>\n<p class=\"paragraph text_align_left lp-f-body-02\">C\u2019est un <a href=\"https:\/\/www.leparisien.fr\/international\/il-a-designe-un-ennemi-les-femmes-andrew-tate-le-gourou-masculiniste-qui-inquiete-langleterre-19-04-2025-FOLOT6TTF5GB3L6PNMB54UF2UQ.php\" target=\"_blank\" rel=\"noreferrer nofollow noopener\">masculiniste<\/a> assum\u00e9. Timothy G., tout juste majeur, se revendique de la mouvance \u00ab incel \u00bb (contraction de \u00ab involuntary celibate \u00bb, c\u2019est-\u00e0-dire \u00ab c\u00e9libataires involontaires \u00bb) des hommes consid\u00e9rant qu\u2019ils seraient c\u00e9libataires \u00e0 cause des femmes qui ne veulent pas d\u2019eux). D\u2019apr\u00e8s les sources proches du dossier, il cherchait donc \u00e0 s\u2019en prendre \u00e0 des femmes.<\/p>\n<p class=\"lp-card-podcast-highlighting__title  lp-f-subtitle-05\">Affaire Daval\u00a0: la joggeuse disparue et le mensonge (2\/4)<\/p>\n<p class=\"lp-card-podcast-highlighting__description lp-f-ui-05\">Crime story raconte chaque semaine les grandes affaires criminelles.<\/p>\n<p><a class=\"lp-card-podcast-highlighting__call-to-action\" data-page-type=\"HP\" data-block-name=\"podcast-highlight\">\u00c9couter<\/a><\/p>\n<p class=\"paragraph text_align_left lp-f-body-02\">D\u2019allure juv\u00e9nile et timide, le corps fluet et v\u00eatu d\u2019un tee-shirt bleu marine, il a comparu mardi soir devant le juge des libert\u00e9s et de la d\u00e9tention qui l\u2019a \u00e9crou\u00e9. D\u2019apr\u00e8s l\u2019une des sources proches du dossier, Timothy G. a compuls\u00e9 des vid\u00e9os masculinistes sur le r\u00e9seau social TikTok.<\/p>\n<p class=\"paragraph text_align_left lp-f-body-02\">\u00ab J\u2019ai rencontr\u00e9 un adolescent qui souffre et non un combattant qui se pr\u00e9pare \u00e0 l\u2019action. L\u2019instruction ram\u00e8nera ce dossier \u00e0 sa plus juste proportion du point de vue de la qualification et de la personnalit\u00e9 du mis en examen \u00bb, a comment\u00e9 aupr\u00e8s de l\u2019AFP l\u2019avocate de ce jeune homme n\u00e9 en novembre 2006 dans la Loire, Me Maria Snitsar.<\/p>\n<p>Qu\u2019est-ce que le mouvement incel ?<\/p>\n<p class=\"paragraph text_align_left lp-f-body-02\">N\u00e9 en Am\u00e9rique du Nord au tournant des ann\u00e9es 2000, le mouvement des incels, hommes qui ha\u00efssent les femmes, engendre un <a href=\"https:\/\/www.leparisien.fr\/faits-divers\/ces-hommes-qui-haissent-les-femmes-08-10-2021-6IBW62MAS5A5XKIOEZJUESPGHU.php\" target=\"_blank\" rel=\"noreferrer nofollow noopener\">nombre grandissant de tueries de masse<\/a>, au point d\u2019\u00eatre assimil\u00e9 \u00e0 une menace terroriste.<\/p>\n<p class=\"paragraph text_align_left lp-f-body-02\">Selon une source proche du dossier, c\u2019est la premi\u00e8re saisine du PNAT concernant un individu se revendiquant exclusivement de la mouvance \u00ab incel \u00bb, une notion qui \u00e9tait apparue jusque-l\u00e0 de mani\u00e8re plus marginale dans deux dossiers trait\u00e9s par le PNAT.<\/p>\n<p class=\"paragraph text_align_left lp-f-body-02\">La <a href=\"https:\/\/www.leparisien.fr\/societe\/tres-representatifs-de-la-violence-qui-peut-exister-la-serie-adolescence-pourra-etre-diffusee-en-classe-annonce-borne-08-06-2025-UJYNGC7SCFGGPOS6XVSWB64AIA.php\" target=\"_blank\" rel=\"noreferrer nofollow noopener\">s\u00e9rie Netflix \u00ab Adolescence \u00bb<\/a>, diffus\u00e9e au printemps et qui a connu un grand succ\u00e8s, a mis en lumi\u00e8re <a href=\"https:\/\/www.leparisien.fr\/culture-loisirs\/series\/theses-masculinistes-reseaux-socieux-comment-la-serie-adolescence-de-netflix-interroge-sur-les-consequences-de-la-mysoginie-27-03-2025-6KBMJTJDHVHUDGW3SIUO4XBTOM.php\" target=\"_blank\" rel=\"noreferrer nofollow noopener\">ces influences toxiques et misogynes<\/a> auxquelles sont expos\u00e9s les jeunes hommes en ligne.<\/p>\n","protected":false},"excerpt":{"rendered":"Il voulait s\u2019en prendre \u00e0 des femmes. Un attentat a \u00e9t\u00e9 d\u00e9jou\u00e9 avec l\u2019interpellation d\u2019un jeune homme, dans&hellip;\n","protected":false},"author":2,"featured_media":220427,"comment_status":"","ping_status":"","sticky":false,"template":"","format":"standard","meta":{"footnotes":""},"categories":[4],"tags":[11,459,118,1011,27,12,25],"class_list":{"0":"post-220426","1":"post","2":"type-post","3":"status-publish","4":"format-standard","5":"has-post-thumbnail","7":"category-france","8":"tag-actualites","9":"tag-departements-horsidfo","10":"tag-faits-divers","11":"tag-fr","12":"tag-france","13":"tag-news","14":"tag-republique-francaise"},"share_on_mastodon":{"url":"https:\/\/pubeurope.com\/@fr\/114783144093706185","error":""},"_links":{"self":[{"href":"https:\/\/www.europesays.com\/fr\/wp-json\/wp\/v2\/posts\/220426","targetHints":{"allow":["GET"]}}],"collection":[{"href":"https:\/\/www.europesays.com\/fr\/wp-json\/wp\/v2\/posts"}],"about":[{"href":"https:\/\/www.europesays.com\/fr\/wp-json\/wp\/v2\/types\/post"}],"author":[{"embeddable":true,"href":"https:\/\/www.europesays.com\/fr\/wp-json\/wp\/v2\/users\/2"}],"replies":[{"embeddable":true,"href":"https:\/\/www.europesays.com\/fr\/wp-json\/wp\/v2\/comments?post=220426"}],"version-history":[{"count":0,"href":"https:\/\/www.europesays.com\/fr\/wp-json\/wp\/v2\/posts\/220426\/revisions"}],"wp:featuredmedia":[{"embeddable":true,"href":"https:\/\/www.europesays.com\/fr\/wp-json\/wp\/v2\/media\/220427"}],"wp:attachment":[{"href":"https:\/\/www.europesays.com\/fr\/wp-json\/wp\/v2\/media?parent=220426"}],"wp:term":[{"taxonomy":"category","embeddable":true,"href":"https:\/\/www.europesays.com\/fr\/wp-json\/wp\/v2\/categories?post=220426"},{"taxonomy":"post_tag","embeddable":true,"href":"https:\/\/www.europesays.com\/fr\/wp-json\/wp\/v2\/tags?post=220426"}],"curies":[{"name":"wp","href":"https:\/\/api.w.org\/{rel}","templated":true}]}}