{"id":220429,"date":"2025-07-02T10:23:15","date_gmt":"2025-07-02T10:23:15","guid":{"rendered":"https:\/\/www.europesays.com\/fr\/220429\/"},"modified":"2025-07-02T10:23:15","modified_gmt":"2025-07-02T10:23:15","slug":"les-astuces-des-habitants-du-corbusier-pour-contrer-la-canicule","status":"publish","type":"post","link":"https:\/\/www.europesays.com\/fr\/220429\/","title":{"rendered":"les astuces des habitants du Corbusier pour contrer la canicule"},"content":{"rendered":"<p>32\u00b0C et 20\u00a0% d\u2019humidit\u00e9. Il est 11 heures ce mardi 1er\u00a0juillet. Dans l\u2019une des deux pi\u00e8ces de son appartement de l\u2019Unit\u00e9 d\u2019habitation Le Corbusier, Jacqueline souffre\u2026<\/p>\n<p>La retrait\u00e9e a chaud, comme l\u2019ensemble des r\u00e9sidents. Cette ann\u00e9e, comme chaque \u00e9t\u00e9, elle a de nouveau install\u00e9 des stores sur son balcon et sur ses fen\u00eatres. \u00ab\u00a0Je viens d\u2019ailleurs de les changer. Avant, j\u2019avais des stores bateau, mais ils \u00e9taient ab\u00eem\u00e9s\u00a0\u00bb, relate celle qui use de nombreux stratag\u00e8mes pour tenter de contrer la vague de chaleur.<\/p>\n<p>Plus de 3\u00a0\u00b0C&#8230;                <\/p>\n","protected":false},"excerpt":{"rendered":"32\u00b0C et 20\u00a0% d\u2019humidit\u00e9. Il est 11 heures ce mardi 1er\u00a0juillet. Dans l\u2019une des deux pi\u00e8ces de son&hellip;\n","protected":false},"author":2,"featured_media":220430,"comment_status":"","ping_status":"","sticky":false,"template":"","format":"standard","meta":{"footnotes":""},"categories":[9653],"tags":[1111,11,2430,6698,7539,436,1777,674,10282,10283,1011,27,8423,12,5140,25,4001],"class_list":{"0":"post-220429","1":"post","2":"type-post","3":"status-publish","4":"format-standard","5":"has-post-thumbnail","7":"category-saint-etienne","8":"tag-actu","9":"tag-actualites","10":"tag-auvergne-rhone-alpes","11":"tag-canicule","12":"tag-edition-loire-sud","13":"tag-environnement","14":"tag-eu","15":"tag-europe","16":"tag-firminy","17":"tag-firminy-ville","18":"tag-fr","19":"tag-france","20":"tag-meteorologie-climat","21":"tag-news","22":"tag-rechauffement-climatique","23":"tag-republique-francaise","24":"tag-saint-etienne"},"share_on_mastodon":{"url":"https:\/\/pubeurope.com\/@fr\/114783151925732972","error":""},"_links":{"self":[{"href":"https:\/\/www.europesays.com\/fr\/wp-json\/wp\/v2\/posts\/220429","targetHints":{"allow":["GET"]}}],"collection":[{"href":"https:\/\/www.europesays.com\/fr\/wp-json\/wp\/v2\/posts"}],"about":[{"href":"https:\/\/www.europesays.com\/fr\/wp-json\/wp\/v2\/types\/post"}],"author":[{"embeddable":true,"href":"https:\/\/www.europesays.com\/fr\/wp-json\/wp\/v2\/users\/2"}],"replies":[{"embeddable":true,"href":"https:\/\/www.europesays.com\/fr\/wp-json\/wp\/v2\/comments?post=220429"}],"version-history":[{"count":0,"href":"https:\/\/www.europesays.com\/fr\/wp-json\/wp\/v2\/posts\/220429\/revisions"}],"wp:featuredmedia":[{"embeddable":true,"href":"https:\/\/www.europesays.com\/fr\/wp-json\/wp\/v2\/media\/220430"}],"wp:attachment":[{"href":"https:\/\/www.europesays.com\/fr\/wp-json\/wp\/v2\/media?parent=220429"}],"wp:term":[{"taxonomy":"category","embeddable":true,"href":"https:\/\/www.europesays.com\/fr\/wp-json\/wp\/v2\/categories?post=220429"},{"taxonomy":"post_tag","embeddable":true,"href":"https:\/\/www.europesays.com\/fr\/wp-json\/wp\/v2\/tags?post=220429"}],"curies":[{"name":"wp","href":"https:\/\/api.w.org\/{rel}","templated":true}]}}