{"id":220432,"date":"2025-07-02T10:25:11","date_gmt":"2025-07-02T10:25:11","guid":{"rendered":"https:\/\/www.europesays.com\/fr\/220432\/"},"modified":"2025-07-02T10:25:11","modified_gmt":"2025-07-02T10:25:11","slug":"lete-de-la-danse-revient-a-lauditorium-du-parc-de-la-pepiniere","status":"publish","type":"post","link":"https:\/\/www.europesays.com\/fr\/220432\/","title":{"rendered":"L\u2019\u00e9t\u00e9 de la danse revient \u00e0 l\u2019auditorium du parc de la P\u00e9pini\u00e8re"},"content":{"rendered":"<p>C\u2019est reparti pour les rendez-vous L\u2019\u00e9t\u00e9 de la danse, tous les jours du 3\u00a0juillet au 30\u00a0ao\u00fbt. Que vous soyez d\u00e9butant ou passionn\u00e9, une multitude de cours sont propos\u00e9s, gratuitement et sans r\u00e9servation, pour d\u00e9couvrir ou se perfectionner dans chacune des disciplines. Tango argentin, rock, salsa, swing, folk, danse contemporaine ou th\u00e9 dansant, il y en a pour tous les go\u00fbts, sans limite d\u2019\u00e2ge. Premi\u00e8re s\u00e9ance de salsa, bachata, kizomba, jeudi 3\u00a0juillet avec Cap Danse.<\/p>\n<p class=\"note\">Jeudi 3\u00a0juillet, de 19\u00a0h \u00e0 22\u00a0h, \u00e0 l\u2019auditorium du parc de la P\u00e9pini\u00e8re, \u00e0 Nancy. Entr\u00e9e libre.<\/p>\n","protected":false},"excerpt":{"rendered":"C\u2019est reparti pour les rendez-vous L\u2019\u00e9t\u00e9 de la danse, tous les jours du 3\u00a0juillet au 30\u00a0ao\u00fbt. Que vous&hellip;\n","protected":false},"author":2,"featured_media":220433,"comment_status":"","ping_status":"","sticky":false,"template":"","format":"standard","meta":{"footnotes":""},"categories":[9635],"tags":[1111,11,1687,1704,1777,674,1011,27,775,1702,1703,12,25],"class_list":{"0":"post-220432","1":"post","2":"type-post","3":"status-publish","4":"format-standard","5":"has-post-thumbnail","7":"category-nancy","8":"tag-actu","9":"tag-actualites","10":"tag-culture-loisirs","11":"tag-edition-nancy-et-agglomeration","12":"tag-eu","13":"tag-europe","14":"tag-fr","15":"tag-france","16":"tag-grand-est","17":"tag-nancy","18":"tag-nancy-ville-54b","19":"tag-news","20":"tag-republique-francaise"},"share_on_mastodon":{"url":"https:\/\/pubeurope.com\/@fr\/114783159831854766","error":""},"_links":{"self":[{"href":"https:\/\/www.europesays.com\/fr\/wp-json\/wp\/v2\/posts\/220432","targetHints":{"allow":["GET"]}}],"collection":[{"href":"https:\/\/www.europesays.com\/fr\/wp-json\/wp\/v2\/posts"}],"about":[{"href":"https:\/\/www.europesays.com\/fr\/wp-json\/wp\/v2\/types\/post"}],"author":[{"embeddable":true,"href":"https:\/\/www.europesays.com\/fr\/wp-json\/wp\/v2\/users\/2"}],"replies":[{"embeddable":true,"href":"https:\/\/www.europesays.com\/fr\/wp-json\/wp\/v2\/comments?post=220432"}],"version-history":[{"count":0,"href":"https:\/\/www.europesays.com\/fr\/wp-json\/wp\/v2\/posts\/220432\/revisions"}],"wp:featuredmedia":[{"embeddable":true,"href":"https:\/\/www.europesays.com\/fr\/wp-json\/wp\/v2\/media\/220433"}],"wp:attachment":[{"href":"https:\/\/www.europesays.com\/fr\/wp-json\/wp\/v2\/media?parent=220432"}],"wp:term":[{"taxonomy":"category","embeddable":true,"href":"https:\/\/www.europesays.com\/fr\/wp-json\/wp\/v2\/categories?post=220432"},{"taxonomy":"post_tag","embeddable":true,"href":"https:\/\/www.europesays.com\/fr\/wp-json\/wp\/v2\/tags?post=220432"}],"curies":[{"name":"wp","href":"https:\/\/api.w.org\/{rel}","templated":true}]}}