{"id":220434,"date":"2025-07-02T10:26:58","date_gmt":"2025-07-02T10:26:58","guid":{"rendered":"https:\/\/www.europesays.com\/fr\/220434\/"},"modified":"2025-07-02T10:26:58","modified_gmt":"2025-07-02T10:26:58","slug":"tempete-sur-la-toile-sur-fond-de-campagne-electorale","status":"publish","type":"post","link":"https:\/\/www.europesays.com\/fr\/220434\/","title":{"rendered":"temp\u00eate sur la toile sur fond de campagne \u00e9lectorale"},"content":{"rendered":"<p>Il a allum\u00e9 la m\u00e8che. \u00c0 quelques mois des municipales, il n\u2019en fallait pas plus pour que les commentaires s\u2019embrasent. \u00ab\u00a0Quelle d\u00e9ception\u00a0\u00bb, s\u2019\u00e9crient les uns, \u00ab\u00a0une d\u00e9cision tellement grave\u00a0\u00bb ajoutent d\u2019autres en interpellant directement Mathieu Klein.<\/p>\n<p>L\u2019adjointe Sabrina Benmokhtar enfile un casque de pompier et tente d\u2019\u00e9teindre le feu\u00a0: \u00ab\u00a0Dans un contexte budg\u00e9taire contraint, nous avons choisi de concentrer nos moyens l\u00e0 o\u00f9 ils sont le plus utiles\u00a0: dans l\u2019action concr\u00e8te, directement aupr\u00e8s des habitantes et des habitants.\u00a0\u00bb Et de lister les initiatives mises en place sur le terrain pour lutter contre <a href=\"https:\/\/www.estrepublicain.fr\/politique\/2025\/03\/22\/plus-d-un-millier-de-personnes-dans-les-rues-de-nancy\" target=\"_blank\" rel=\"noopener\">le racisme et les discriminations,<\/a> notamment via les clubs de sport.<\/p>\n<p>D\u2019autre part, appuie-t-elle, un observatoire local des discriminations devrait voir le jour \u00e0 l\u2019automne. Un outil qui permettra \u00ab\u00a0de mesurer et d\u2019objectiver l\u2019efficacit\u00e9 de nos politiques publiques pour les ajuster si n\u00e9cessaire\u00a0\u00bb. Parce que l\u2019ECCAR, nous confie-t-elle, a co\u00fbt\u00e9 environ 7\u00a0500\u00a0\u20ac de cotisation \u00e0 la Ville depuis 2020. \u00ab\u00a0Pour de l\u2019affichage\u00a0\u00bb somme toute. \u00ab\u00a0L\u2019ECCAR, c\u2019est surtout du r\u00e9seau\u00a0\u00bb, ajoute l\u2019\u00e9lue. Pas de quoi calmer le camp adverse d\u00e9j\u00e0 en ordre de bataille, qui oppose un tas de d\u00e9penses inutiles, comme les structures en bois install\u00e9es place Carnot, ou \u00ab\u00a0des projets ubuesques de passerelles pour pi\u00e9tons\u00a0\u00bb. \u00c7a sent bon la campagne\u2026<\/p>\n","protected":false},"excerpt":{"rendered":"Il a allum\u00e9 la m\u00e8che. \u00c0 quelques mois des municipales, il n\u2019en fallait pas plus pour que les&hellip;\n","protected":false},"author":2,"featured_media":220435,"comment_status":"","ping_status":"","sticky":false,"template":"","format":"standard","meta":{"footnotes":""},"categories":[9635],"tags":[1111,11,1984,1704,1777,674,1011,27,775,1702,1703,12,316,25],"class_list":{"0":"post-220434","1":"post","2":"type-post","3":"status-publish","4":"format-standard","5":"has-post-thumbnail","7":"category-nancy","8":"tag-actu","9":"tag-actualites","10":"tag-conseil-municipal","11":"tag-edition-nancy-et-agglomeration","12":"tag-eu","13":"tag-europe","14":"tag-fr","15":"tag-france","16":"tag-grand-est","17":"tag-nancy","18":"tag-nancy-ville-54b","19":"tag-news","20":"tag-politique","21":"tag-republique-francaise"},"share_on_mastodon":{"url":"https:\/\/pubeurope.com\/@fr\/114783167659602416","error":""},"_links":{"self":[{"href":"https:\/\/www.europesays.com\/fr\/wp-json\/wp\/v2\/posts\/220434","targetHints":{"allow":["GET"]}}],"collection":[{"href":"https:\/\/www.europesays.com\/fr\/wp-json\/wp\/v2\/posts"}],"about":[{"href":"https:\/\/www.europesays.com\/fr\/wp-json\/wp\/v2\/types\/post"}],"author":[{"embeddable":true,"href":"https:\/\/www.europesays.com\/fr\/wp-json\/wp\/v2\/users\/2"}],"replies":[{"embeddable":true,"href":"https:\/\/www.europesays.com\/fr\/wp-json\/wp\/v2\/comments?post=220434"}],"version-history":[{"count":0,"href":"https:\/\/www.europesays.com\/fr\/wp-json\/wp\/v2\/posts\/220434\/revisions"}],"wp:featuredmedia":[{"embeddable":true,"href":"https:\/\/www.europesays.com\/fr\/wp-json\/wp\/v2\/media\/220435"}],"wp:attachment":[{"href":"https:\/\/www.europesays.com\/fr\/wp-json\/wp\/v2\/media?parent=220434"}],"wp:term":[{"taxonomy":"category","embeddable":true,"href":"https:\/\/www.europesays.com\/fr\/wp-json\/wp\/v2\/categories?post=220434"},{"taxonomy":"post_tag","embeddable":true,"href":"https:\/\/www.europesays.com\/fr\/wp-json\/wp\/v2\/tags?post=220434"}],"curies":[{"name":"wp","href":"https:\/\/api.w.org\/{rel}","templated":true}]}}